{"id":4931,"date":"2018-10-09T13:39:04","date_gmt":"2018-10-09T11:39:04","guid":{"rendered":"http:\/\/www.berlin.freidenker.org\/?p=4931"},"modified":"2018-10-15T09:36:52","modified_gmt":"2018-10-15T07:36:52","slug":"keine-demo-unter-den-losungen-der-soros-stiftung-keine-demo-mit-den-kriegstreibern-von-adopt-a-revolution","status":"publish","type":"post","link":"https:\/\/www.berlin.freidenker.org\/?p=4931","title":{"rendered":"Keine Demo unter den Losungen der Soros Stiftung! Keine Demo mit den Kriegstreibern von &#8222;adopt a Revolution&#8220;!"},"content":{"rendered":"<p>Kaum ist die Soros-Stiftung nach Berlin umgezogen, wird eine Massenkundgebung unter ihren Parolen inszeniert. Wir geben im folgenden eine Zusammenfassung von Doris Pumphrey wieder<span style=\"color: #ff0000;\">:<\/span><\/p>\n<p><span style=\"color: #ff0000;\">Am 13. Oktober 2018 findet in Berlin eine Massendemonstration statt unter dem Motto: \u00a0<a href=\"https:\/\/deref-1und1.de\/mail\/client\/bpwGeMUI_UM\/dereferrer\/?redirectUrl=https%3A%2F%2Fwww.unteilbar.org%2F\" target=\"_blank\" rel=\"noopener\">#unteilbar F\u00fcr eine offene und freie Gesellschaft \u2013 Solidarit\u00e4t statt Ausgrenzung!<\/a><br \/>\nSie wird von vielen unterschiedlichen Organisationen unterst\u00fctzt. Eine freundliche Medien\u00f6ffentlichkeit ist bei der politischen Palette der Unterst\u00fctzer zu erwarten. Die verschiedenen Probleme, die im <a href=\"https:\/\/deref-1und1.de\/mail\/client\/FQZWWW3ePk8\/dereferrer\/?redirectUrl=https%3A%2F%2Fwww.unteilbar.org%2Faufruf%2F\" target=\"_blank\" rel=\"noopener\">Aufruf<\/a> angesprochen sind, werden nat\u00fcrlich viele Menschen zur Teilnahme anregen, die sich Sorgen machen \u00fcber die Entwicklung im Lande.<br \/>\nOffensichtlich h\u00f6chst professionell und aufwendig vorbereitet, stellen die Organisatoren kostenlos vorgefertigte Plakate, Aufkleber, Flyer etc. zur Verf\u00fcgung, die an verschiedenen Orten in Berlin selbst in <a href=\"https:\/\/deref-1und1.de\/mail\/client\/dUzpJkoCUc8\/dereferrer\/?redirectUrl=https%3A%2F%2Fwww.unteilbar.org%2Fdemonstration%2Fmaterial%2F\" target=\"_blank\" rel=\"noopener\">gro\u00dfen Mengen<\/a> abgeholt werden k\u00f6nnen.<br \/>\nAbgesehen von Einzelteilnehmern und Gruppen, die das Thema Krieg\/Frieden in die Demonstration tragen wollen, spielt es im Aufruf keine Rolle. (W\u00e4re wohl auch schwierig bei <a href=\"https:\/\/deref-1und1.de\/mail\/client\/r-x-bDAiDDU\/dereferrer\/?redirectUrl=https%3A%2F%2Fwww.unteilbar.org%2Fwir%2Ferstunterzeichnende%2F\" target=\"_blank\" rel=\"noopener\">Erstunterzeichnern<\/a> wie z.B. \u201eadopt-a-revolution\u201c die den Krieg (\u201eRevolution\u201c) in Syrien unterst\u00fctzen.<br \/>\nFluchtursachen werden erst gar nicht benannt und Menschen, die vor den Kriegen und den Auswirkungen der kriminellen EU-Handelsbedingungen fliehen, r\u00fccken ins Blickfeld der Aufrufenden erst, wenn sie versuchen EU-L\u00e4nder zu erreichen. Dann brauchen sie \u201eSolidarit\u00e4t statt Ausgrenzung\u201c. Und deshalb m\u00fcssen nat\u00fcrlich auch die Grenzen weg: <\/span><span style=\"color: #ff0000;\"><b>F\u00fcr eine offene und freie Gesellschaft!\u201c<br \/>\n<\/b><\/span><span style=\"color: #ff0000;\">Abgesehen davon, dass der Aufruf wie ein Gegenpol zum <a href=\"https:\/\/deref-1und1.de\/mail\/client\/FywvHAZs4BE\/dereferrer\/?redirectUrl=https%3A%2F%2Fwww.aufstehen.de%2Fgruendungsaufruf%2F\" target=\"_blank\" rel=\"noopener\">Gr\u00fcndungsaufruf<\/a> f\u00fcr die linke Sammlungsbewegung \u201eaufstehen\u201c wirkt, ergeben sich durchaus noch andere Assoziationen.<\/span><\/p>\n<p>\u201e<span style=\"font-size: large;\"><b>Offene Gesellschaft\u201c \u2013 \u201eOpen Society\u201c<\/b><\/span><\/p>\n<p><span style=\"color: #ff0000;\">Offene Grenzen und \u201ewelcome refugees\u201c in Europa sind ein ganz besonderes Anliegen des US-Milliard\u00e4rs George Soros. Seine Stiftung f\u00fcr eine offene Gesellschaft \u2013 <a href=\"https:\/\/deref-1und1.de\/mail\/client\/_yKfo4qgm_Y\/dereferrer\/?redirectUrl=https%3A%2F%2Fwww.opensocietyfoundations.org%2F\" target=\"_blank\" rel=\"noopener\">Open Society Foundations<\/a> (OSF) \u2013 wurde nach Berlin <a href=\"https:\/\/deref-1und1.de\/mail\/client\/NTFpWgC7b-U\/dereferrer\/?redirectUrl=https%3A%2F%2Fwww.tagesspiegel.de%2Fberlin%2Fosf-plant-umzug-nach-berlin-senatorin-pop-freut-sich-auf-us-milliardaer-soros%2F22619294.html\" target=\"_blank\" rel=\"noopener\">eingeladen<\/a> und ist inzwischen <a href=\"https:\/\/deref-1und1.de\/mail\/client\/2YpgVynqr_o\/dereferrer\/?redirectUrl=https%3A%2F%2Fwww.tagesspiegel.de%2Fwissen%2Fopen-society-foundations-gates-und-wellcome-trust-berlin-wird-zur-stadt-der-stiftungen%2F22866030.html\" target=\"_blank\" rel=\"noopener\">hier angekommen<\/a>:<\/span><\/p>\n<p><span style=\"color: #ff0000;\">F\u00fcr den OSF-Regionaldirektor f\u00fcr Europa, Jordi Vaquer, <\/span>f\u00fchlte sich \u201edie Entscheidung f\u00fcr Berlin schon nach wenigen Tagen absolut richtig an. \u201eWir wurden von vielen Akteuren sehr herzlich empfangen.\u201c Die n\u00e4chste Herausforderung f\u00fcr das Team der Open Society Foundations sei es, inhaltlich an die Debatten vor Ort anzukn\u00fcpfen. \u201eBerlin hat viele Schichten\u201c, meint Vaquer. Hier werde \u00fcber Migration und Gentrifizierung diskutiert, aber auch \u00fcber die Zukunft Europas und die Rolle Deutschlands in der Welt intensiv nachgedacht. Das biete viele neue Ansatzpunkte und M\u00f6glichkeiten f\u00fcr die Stiftungsarbeit.\u201c<br \/>\n\u201eWir haben schon vor eineinhalb Jahren ganz bewusst die Entscheidung getroffen, nach Berlin zu kommen\u201c, so Jordi Vaquer. \u201eWir wollten hier ein B\u00fcro gr\u00fcnden, um uns mit der lokalen Szene zu vernetzen, mit anderen Stiftungen, NGOs, Aktivisten und Think-Tanks.\u201c<br \/>\n<span style=\"color: #ff0000;\">Da k\u00f6nnen sich die Organisationen und Gruppen in Berlin, die ihre Unabh\u00e4ngigkeit von gro\u00dfz\u00fcgigen offenen und verdeckten finanziellen Zuwendungen der Open Society, deren Frontorganisationen und willf\u00e4hrigen Helfer, und damit ihre politische Souver\u00e4nit\u00e4t bewahren wollen, in Zukunft warm anziehen. <\/span><\/p>\n<p><span style=\"color: #ff0000;\">Die Stiftung f\u00fcr eine offene Gesellschaft hat inzwischen auch eine <\/span><a href=\"https:\/\/deref-1und1.de\/mail\/client\/UATdrknEk6w\/dereferrer\/?redirectUrl=https%3A%2F%2Fwww.opensocietyfoundations.org%2Fexplainers%2Fopen-society-foundations-germany%2Fde\" target=\"_blank\" rel=\"noopener\">deutsche Internet-Seite<\/a>.<\/p>\n<p><span style=\"color: #ff0000;\">Den \u201eNeuanfang in Berlin\u201c beschreibt die Internetseite <a href=\"https:\/\/deref-1und1.de\/mail\/client\/Oa0w63PMqJU\/dereferrer\/?redirectUrl=https%3A%2F%2Fwww.deutschland.de%2Fde%2Ftopic%2Fleben%2Fstiftung-von-george-soros-neubeginn-in-berlin\" target=\"_blank\" rel=\"noopener\">\u201eSo tickt deutschland\u201c<\/a>. Und im dort <\/span><a href=\"https:\/\/deref-1und1.de\/mail\/client\/utun_GDMHVg\/dereferrer\/?redirectUrl=https%3A%2F%2Fyoutu.be%2FUlLAOY8Svso\" target=\"_blank\" rel=\"noopener\">eingebetteten Video<\/a> <span style=\"color: #ff0000;\">erkl\u00e4rt George Soros seine Mission: \u201eOffene Gesellschaft zu verstehen ist das eine. Etwas anderes ist es offene Gesellschaften zu schaffen oder zu st\u00e4rken.\u201c<br \/>\nGeorge Soros sorgt sich deshalb nat\u00fcrlich sehr um Fl\u00fcchtlinge und Migranten in Europa und will sich f\u00fcr sie ganz besonders einsetzen<\/span>:<br \/>\nWhy Europe Must Embrace Its Refugees<br \/>\n<a href=\"https:\/\/deref-1und1.de\/mail\/client\/pWzD3w6Y3Dc\/dereferrer\/?redirectUrl=https%3A%2F%2Fwww.opensocietyfoundations.org%2Fvoices%2Fwhy-europe-must-embrace-its-refugees\" target=\"_blank\" rel=\"noopener\">https:\/\/www.opensocietyfoundations.org\/voices\/why-europe-must-embrace-its-refugees<\/a><\/p>\n<p>Understanding Migration and Asylum in the European Union<br \/>\n<a href=\"https:\/\/deref-1und1.de\/mail\/client\/8OkY4p65xVU\/dereferrer\/?redirectUrl=https%3A%2F%2Fwww.opensocietyfoundations.org%2Fexplainers%2Funderstanding-migration-and-asylum-european-union\" target=\"_blank\" rel=\"noopener\">https:\/\/www.opensocietyfoundations.org\/explainers\/understanding-migration-and-asylum-european-union<\/a><\/p>\n<p>Es gibt inzwischen unz\u00e4hlige Artikel \u00fcber George Soros, seine gro\u00dfz\u00fcgige finanzielle Unterst\u00fctzung von NGO\u2019s, Aktivisten und Akteuren, PR und mediengerecht ausgestatteten Demonstrationen bis hin zu Farbenrevolutionen in vielen L\u00e4ndern, um die Unzufriedenheit und Unruhen in eine neoliberale Richtung zu lenken und zu kontrollieren. Auch hierzulande werden seine Bem\u00fchungen auf fruchtbaren Boden fallen, vor allem bei den <a href=\"https:\/\/deref-1und1.de\/mail\/client\/36t9AJiOsJ0\/dereferrer\/?redirectUrl=https%3A%2F%2Fwww.nachdenkseiten.de%2F%3Fp%3D40840\" target=\"_blank\" rel=\"noopener\">\u201eGef\u00fchlslinken\u201c des urbanen Bildungsb\u00fcrgertums<\/a>. <span style=\"color: #ff0000;\">Der Zustand \u201elinker oder progressiver\u201c Kr\u00e4fte in den USA l\u00e4sst gr\u00fc\u00dfen.<\/span><\/p>\n<p><span style=\"color: #ff0000;\">Im August 2016, ver\u00f6ffentlichten die NachDenkSeiten einen interessanten Artikel zu Enth\u00fcllungen \u00fcber George Soros und seine Methoden:<br \/>\n<\/span>Die Demokratie des George Soros<br \/>\n<a href=\"https:\/\/deref-1und1.de\/mail\/client\/36t9AJiOsJ0\/dereferrer\/?redirectUrl=https%3A%2F%2Fwww.nachdenkseiten.de%2F%3Fp%3D34805\" target=\"_blank\" rel=\"noopener\"><u>https:\/\/www.nachdenkseiten.de\/?p=34805<\/u><\/a><\/p>\n<p><span style=\"color: #ff0000;\">Darum geht es auch in diesem kurzen Bericht und Video vom April 2018: <\/span><a href=\"https:\/\/deref-1und1.de\/mail\/client\/U-ImdNqGiO4\/dereferrer\/?redirectUrl=https%3A%2F%2Fdeutsch.rt.com%2Finternational%2F68704-open-society-von-george-soros-zieht-nach-berlin%2F\" target=\"_blank\" rel=\"noopener\"><u>https:\/\/deutsch.rt.com\/international\/68704-open-society-von-george-soros-zieht-nach-berlin\/<\/u><\/a><\/p>\n<p>Nachbemerkung:<\/p>\n<p>Von verschiedener Seite wurden wir darauf hingewiesen, da\u00df Frau S. Bonath in einem facebook-Eintrag unter anderem folgendes schrieb:<\/p>\n<p>&#8220; &#8230; Auch der Freidenker-Verband driftet schnurstracks nach rechts ab. Weil die Soros-Stiftung am 4. Oktober in Berlin ihre Arbeit aufgenommen habe, sei die Demo <a href=\"https:\/\/deref-1und1.de\/mail\/client\/Xd-jMQVYYds\/dereferrer\/?redirectUrl=https%3A%2F%2Fwww.facebook.com%2Fhashtag%2Funteilbar%3Fsource%3Dfeed_text\" target=\"_blank\" rel=\"noopener\">#unteilbar<\/a> von dem Milliard\u00e4r finanziert, behauptet hier Doris Pumphrey, ohne einen Beleg zu bringen. &#8230;&#8220;<\/p>\n<p>Bezogen auf diesen Beitrag: <a href=\"https:\/\/deref-1und1.de\/mail\/client\/W0DuFaG170U\/dereferrer\/?redirectUrl=http%3A%2F%2Fwww.berlin.freidenker.org%2F%3Fp%3D4931\" target=\"_blank\" rel=\"noopener\">https:\/\/www.berlin.freidenker.org\/?p=4931<\/a><\/p>\n<p>Dazu ist folgendes anzumerken:<\/p>\n<p>Den Beleg muss Doris Pumphrey gar nicht bringen, denn sie hat die Behauptung nicht aufgestellt, die Demonstration &#8222;#unteilbar&#8220; sei von Soros finanziert. Als Journalistin sollte Bonath wissen, was eine &#8222;Behauptung&#8220; ist &#8211; oder muss sie erst lesen lernen? Auch so entstehen fake-news.<\/p>\n<p>Allerdings wurde auch in der Vorbemerkung des Berliner Freidenkerverbandes diese Behauptung nicht aufgestellt, sondern nur das Offensichtliche ausgesprochen, das \u201eUnteilbar\u201c unter den Parolen der Soros-Stiftungen l\u00e4uft.<\/p>\n","protected":false},"excerpt":{"rendered":"<p>Kaum ist die Soros-Stiftung nach Berlin umgezogen, wird eine Massenkundgebung unter ihren Parolen inszeniert. Wir geben im folgenden eine Zusammenfassung von Doris Pumphrey wieder: Am 13. Oktober 2018 findet in Berlin eine Massendemonstration statt unter dem Motto: \u00a0#unteilbar F\u00fcr eine offene und freie Gesellschaft \u2013 Solidarit\u00e4t statt Ausgrenzung! Sie wird von vielen unterschiedlichen Organisationen unterst\u00fctzt. [&hellip;]<\/p>\n","protected":false},"author":4,"featured_media":0,"comment_status":"open","ping_status":"open","sticky":false,"template":"","format":"standard","meta":{"jetpack_post_was_ever_published":false,"_jetpack_newsletter_access":"","_jetpack_dont_email_post_to_subs":false,"_jetpack_newsletter_tier_id":0,"_jetpack_memberships_contains_paywalled_content":false,"_jetpack_memberships_contains_paid_content":false,"footnotes":""},"categories":[1],"tags":[],"class_list":["post-4931","post","type-post","status-publish","format-standard","hentry","category-allgemein"],"jetpack_featured_media_url":"","jetpack_shortlink":"https:\/\/wp.me\/py5dN-1hx","jetpack_sharing_enabled":true,"_links":{"self":[{"href":"https:\/\/www.berlin.freidenker.org\/index.php?rest_route=\/wp\/v2\/posts\/4931","targetHints":{"allow":["GET"]}}],"collection":[{"href":"https:\/\/www.berlin.freidenker.org\/index.php?rest_route=\/wp\/v2\/posts"}],"about":[{"href":"https:\/\/www.berlin.freidenker.org\/index.php?rest_route=\/wp\/v2\/types\/post"}],"author":[{"embeddable":true,"href":"https:\/\/www.berlin.freidenker.org\/index.php?rest_route=\/wp\/v2\/users\/4"}],"replies":[{"embeddable":true,"href":"https:\/\/www.berlin.freidenker.org\/index.php?rest_route=%2Fwp%2Fv2%2Fcomments&post=4931"}],"version-history":[{"count":5,"href":"https:\/\/www.berlin.freidenker.org\/index.php?rest_route=\/wp\/v2\/posts\/4931\/revisions"}],"predecessor-version":[{"id":4947,"href":"https:\/\/www.berlin.freidenker.org\/index.php?rest_route=\/wp\/v2\/posts\/4931\/revisions\/4947"}],"wp:attachment":[{"href":"https:\/\/www.berlin.freidenker.org\/index.php?rest_route=%2Fwp%2Fv2%2Fmedia&parent=4931"}],"wp:term":[{"taxonomy":"category","embeddable":true,"href":"https:\/\/www.berlin.freidenker.org\/index.php?rest_route=%2Fwp%2Fv2%2Fcategories&post=4931"},{"taxonomy":"post_tag","embeddable":true,"href":"https:\/\/www.berlin.freidenker.org\/index.php?rest_route=%2Fwp%2Fv2%2Ftags&post=4931"}],"curies":[{"name":"wp","href":"https:\/\/api.w.org\/{rel}","templated":true}]}}