{"id":4934,"date":"2018-10-09T15:32:39","date_gmt":"2018-10-09T13:32:39","guid":{"rendered":"http:\/\/www.berlin.freidenker.org\/?p=4934"},"modified":"2018-10-09T15:39:53","modified_gmt":"2018-10-09T13:39:53","slug":"aufstehenund-friedenskampf","status":"publish","type":"post","link":"https:\/\/www.berlin.freidenker.org\/?p=4934","title":{"rendered":"&#8222;Aufstehen&#8220;und Friedenskampf"},"content":{"rendered":"<p>Unsere n\u00e4chste Runde \u201eFreidenker im Gespr\u00e4ch&#8220; findet ausnahmsweise nicht am zweiten, sondern am dritten Mittwoch des Monats statt\u2013 n\u00e4mlich:<\/p>\n<div>\n<div>\n<div>\n<div>\n<p>&nbsp;<\/p>\n<p><strong>Wann: Mittwoch, 17. Oktober 2018, 18 Uhr<\/strong><\/p>\n<p><strong>Wo: Kieztreff Wedding, Stralsunder Stra\u00dfe 6 <\/strong><\/p>\n<p><strong>13355 Berlin<\/strong><\/p>\n<p>Unser Thema ist diesmal:<\/p>\n<p><strong>Was haben die Sammelbewegung \u201eAufstehen&#8220; und die Friedensbewegung sich zu sagen?<\/strong><\/p>\n<p>Die Diskussionen \u00fcber \u201eAufstehen&#8220; unter uns Freidenkern haben begonnen. Auch unter unseren Mitgliedern engagieren sich einige aktiv f\u00fcr diese m\u00f6gliche linke Sammlung im Entstehen. Dabei ist nach gegenw\u00e4rtigem Stand wahrscheinlich noch offen, welche organisationspolitischen Formen sich dort entwickeln und inwieweit sie die Entwicklung von Inhalten bef\u00f6rdern und sch\u00e4rfen kann.<\/p>\n<p>Um die \u00f6ffentliche Diskussion auch in Berlin zu beginnen, wollen wir uns gleich mit einem inhaltlichen Schwerpunkt aller gegenw\u00e4rtigen Auseinandersetzungen besch\u00e4ftigen, n\u00e4mlich dem Friedenskampf.<\/p>\n<p>Als Gast begr\u00fc\u00dfen wir daf\u00fcr Heinrich B\u00fccker vom Berliner Coop Antikriegscaf\u00e9. Heinrich hat langj\u00e4hrige Erfahrungen in der Friedensbewegung und ist Aktivist bei \u201eAufstehen&#8220;.<\/p>\n<p>Gemeinsam wollen wir erste Orientierungen finden, welche Chancen \u201eAufstehen&#8220; f\u00fcr die Thematik der Freidenker bietet, aber auch offen diskutieren, welche m\u00f6glichen Einfallstore f\u00fcr die Verw\u00e4sserung klarer Orientierungen zu beachten sein k\u00f6nnen.<\/p>\n<p>Mit freidenkerischen Gr\u00fc\u00dfen<\/p>\n<p>Der Landesvorstand des Berliner Freidenkerverbandes<\/p>\n<\/div>\n<\/div>\n<\/div>\n<\/div>\n","protected":false},"excerpt":{"rendered":"<p>Unsere n\u00e4chste Runde \u201eFreidenker im Gespr\u00e4ch&#8220; findet ausnahmsweise nicht am zweiten, sondern am dritten Mittwoch des Monats statt\u2013 n\u00e4mlich: &nbsp; Wann: Mittwoch, 17. Oktober 2018, 18 Uhr Wo: Kieztreff Wedding, Stralsunder Stra\u00dfe 6 13355 Berlin Unser Thema ist diesmal: Was haben die Sammelbewegung \u201eAufstehen&#8220; und die Friedensbewegung sich zu sagen? Die Diskussionen \u00fcber \u201eAufstehen&#8220; unter [&hellip;]<\/p>\n","protected":false},"author":4,"featured_media":0,"comment_status":"open","ping_status":"open","sticky":false,"template":"","format":"standard","meta":{"jetpack_post_was_ever_published":false,"_jetpack_newsletter_access":"","_jetpack_dont_email_post_to_subs":false,"_jetpack_newsletter_tier_id":0,"_jetpack_memberships_contains_paywalled_content":false,"_jetpack_memberships_contains_paid_content":false,"footnotes":""},"categories":[1],"tags":[],"class_list":["post-4934","post","type-post","status-publish","format-standard","hentry","category-allgemein"],"jetpack_featured_media_url":"","jetpack_shortlink":"https:\/\/wp.me\/py5dN-1hA","jetpack_sharing_enabled":true,"_links":{"self":[{"href":"https:\/\/www.berlin.freidenker.org\/index.php?rest_route=\/wp\/v2\/posts\/4934","targetHints":{"allow":["GET"]}}],"collection":[{"href":"https:\/\/www.berlin.freidenker.org\/index.php?rest_route=\/wp\/v2\/posts"}],"about":[{"href":"https:\/\/www.berlin.freidenker.org\/index.php?rest_route=\/wp\/v2\/types\/post"}],"author":[{"embeddable":true,"href":"https:\/\/www.berlin.freidenker.org\/index.php?rest_route=\/wp\/v2\/users\/4"}],"replies":[{"embeddable":true,"href":"https:\/\/www.berlin.freidenker.org\/index.php?rest_route=%2Fwp%2Fv2%2Fcomments&post=4934"}],"version-history":[{"count":4,"href":"https:\/\/www.berlin.freidenker.org\/index.php?rest_route=\/wp\/v2\/posts\/4934\/revisions"}],"predecessor-version":[{"id":4938,"href":"https:\/\/www.berlin.freidenker.org\/index.php?rest_route=\/wp\/v2\/posts\/4934\/revisions\/4938"}],"wp:attachment":[{"href":"https:\/\/www.berlin.freidenker.org\/index.php?rest_route=%2Fwp%2Fv2%2Fmedia&parent=4934"}],"wp:term":[{"taxonomy":"category","embeddable":true,"href":"https:\/\/www.berlin.freidenker.org\/index.php?rest_route=%2Fwp%2Fv2%2Fcategories&post=4934"},{"taxonomy":"post_tag","embeddable":true,"href":"https:\/\/www.berlin.freidenker.org\/index.php?rest_route=%2Fwp%2Fv2%2Ftags&post=4934"}],"curies":[{"name":"wp","href":"https:\/\/api.w.org\/{rel}","templated":true}]}}