{"id":4940,"date":"2018-10-12T10:55:03","date_gmt":"2018-10-12T08:55:03","guid":{"rendered":"http:\/\/www.berlin.freidenker.org\/?p=4940"},"modified":"2018-10-12T10:55:03","modified_gmt":"2018-10-12T08:55:03","slug":"umdefinition-des-antisemitismus","status":"publish","type":"post","link":"https:\/\/www.berlin.freidenker.org\/?p=4940","title":{"rendered":"Umdefinition des Antisemitismus?"},"content":{"rendered":"<h5>Einladung zur Diskussion<\/h5>\n<pre>Sonnabend, 13. Oktober 2018, 10:00 Uhr \r\nJugendherberge \r\nLeiterstra\u00dfe 10, 39104 Magdeburg<\/pre>\n<p>Einleitungsreferat:<\/p>\n<p><strong>Annette Groth, Stuttgart<\/strong><br \/>\nehem. MdB Die LINKE, Beiratsmitglied des Deutschen Freidenker-Verbandes<\/p>\n<p>\u201eIn Nordrhein-Westfalen ist kein Platz f\u00fcr die antisemitische BDS-Bewegung\u201c, lautet ein gemeinsamer Antrag der Landtagsfraktionen von CDU, FDP, SPD und Gr\u00fcnen in Nordrhein-Westfalen. Die AfD-Abspaltung \u201eBlaue Partei\u201c verurteilt die \u201eAktionen der BDS-Bewegung in ihrer offensiven und provokanten Israel-Feindlichkeit auf das Sch\u00e4rfste\u201c. Die vermeintliche \u201eAlternative\u201c f\u00fcr Deutschland f\u00fchlt sich \u00fcbergangen und findet das \u201eschade, denn wir h\u00e4tten Wort f\u00fcr Wort dieses Antrags mitunterschrieben\u201c, \u201eaber wir werden dem Antrag nat\u00fcrlich zustimmen. Die BDS-Bewegung ist f\u00fcr Israel eine gro\u00dfe Bedrohung\u201c.<\/p>\n<p>\u00c4hnliche Beschl\u00fcsse existieren bereits in Berlin, M\u00fcnchen, Frankfurt\/Main und anderswo mit der Folge, dass R\u00e4ume f\u00fcr israelkritische Veranstaltungen verweigert werden und antizionistische Juden kein Rederecht mehr in Deutschland haben.<\/p>\n<ul>\n<li>Welche Interessen verfolgen die Herrschenden mit ihrem \u201eKampf gegen Antisemitismus\u201c?<\/li>\n<li>ntv: \u201eDeutsche Waffen sollen Israels Gas sch\u00fctzen\u201c<\/li>\n<li>Anstieg des Antisemitismus in Deutschland: nicht nachweisbar<\/li>\n<li>Antisemitismus-Vorwurf zwecks Unterdr\u00fcckung von Kritik an der Politik des Staates Israel<\/li>\n<li>Richtungsstreit in der Partei \u201eDie Linke\u201c zu Pal\u00e4stina und Israel<\/li>\n<li>Aktuelle Lage in Pal\u00e4stina und nach dem neuen \u201eNationalit\u00e4tsgesetz\u201c Israels<\/li>\n<li>Bericht von der Free Gaza Flottille, wie weiter mit der Pal\u00e4stina-Solidarit\u00e4t?<\/li>\n<\/ul>\n<p>&nbsp;<\/p>\n","protected":false},"excerpt":{"rendered":"<p>Einladung zur Diskussion Sonnabend, 13. Oktober 2018, 10:00 Uhr Jugendherberge Leiterstra\u00dfe 10, 39104 Magdeburg Einleitungsreferat: Annette Groth, Stuttgart ehem. MdB Die LINKE, Beiratsmitglied des Deutschen Freidenker-Verbandes \u201eIn Nordrhein-Westfalen ist kein Platz f\u00fcr die antisemitische BDS-Bewegung\u201c, lautet ein gemeinsamer Antrag der Landtagsfraktionen von CDU, FDP, SPD und Gr\u00fcnen in Nordrhein-Westfalen. Die AfD-Abspaltung \u201eBlaue Partei\u201c verurteilt die [&hellip;]<\/p>\n","protected":false},"author":4,"featured_media":0,"comment_status":"open","ping_status":"open","sticky":false,"template":"","format":"standard","meta":{"jetpack_post_was_ever_published":false,"_jetpack_newsletter_access":"","_jetpack_dont_email_post_to_subs":false,"_jetpack_newsletter_tier_id":0,"_jetpack_memberships_contains_paywalled_content":false,"_jetpack_memberships_contains_paid_content":false,"footnotes":""},"categories":[1],"tags":[],"class_list":["post-4940","post","type-post","status-publish","format-standard","hentry","category-allgemein"],"jetpack_featured_media_url":"","jetpack_shortlink":"https:\/\/wp.me\/py5dN-1hG","jetpack_sharing_enabled":true,"_links":{"self":[{"href":"https:\/\/www.berlin.freidenker.org\/index.php?rest_route=\/wp\/v2\/posts\/4940","targetHints":{"allow":["GET"]}}],"collection":[{"href":"https:\/\/www.berlin.freidenker.org\/index.php?rest_route=\/wp\/v2\/posts"}],"about":[{"href":"https:\/\/www.berlin.freidenker.org\/index.php?rest_route=\/wp\/v2\/types\/post"}],"author":[{"embeddable":true,"href":"https:\/\/www.berlin.freidenker.org\/index.php?rest_route=\/wp\/v2\/users\/4"}],"replies":[{"embeddable":true,"href":"https:\/\/www.berlin.freidenker.org\/index.php?rest_route=%2Fwp%2Fv2%2Fcomments&post=4940"}],"version-history":[{"count":1,"href":"https:\/\/www.berlin.freidenker.org\/index.php?rest_route=\/wp\/v2\/posts\/4940\/revisions"}],"predecessor-version":[{"id":4941,"href":"https:\/\/www.berlin.freidenker.org\/index.php?rest_route=\/wp\/v2\/posts\/4940\/revisions\/4941"}],"wp:attachment":[{"href":"https:\/\/www.berlin.freidenker.org\/index.php?rest_route=%2Fwp%2Fv2%2Fmedia&parent=4940"}],"wp:term":[{"taxonomy":"category","embeddable":true,"href":"https:\/\/www.berlin.freidenker.org\/index.php?rest_route=%2Fwp%2Fv2%2Fcategories&post=4940"},{"taxonomy":"post_tag","embeddable":true,"href":"https:\/\/www.berlin.freidenker.org\/index.php?rest_route=%2Fwp%2Fv2%2Ftags&post=4940"}],"curies":[{"name":"wp","href":"https:\/\/api.w.org\/{rel}","templated":true}]}}