{"id":4948,"date":"2018-10-15T10:41:03","date_gmt":"2018-10-15T08:41:03","guid":{"rendered":"http:\/\/www.berlin.freidenker.org\/?p=4948"},"modified":"2018-10-15T10:41:03","modified_gmt":"2018-10-15T08:41:03","slug":"distanzieren-diffamieren-spalten-zwei-linke-in-ihrem-element","status":"publish","type":"post","link":"https:\/\/www.berlin.freidenker.org\/?p=4948","title":{"rendered":"Distanzieren, Diffamieren, Spalten \u2013 Zwei \u201eLinke\u201c in ihrem Element"},"content":{"rendered":"<header class=\"entry-header\">\n<h1 class=\"entry-title\"><\/h1>\n<\/header>\n<div class=\"below-entry-meta\"><span class=\"posted-on\"><a title=\"22:17\" href=\"http:\/\/www.freidenker.org\/?p=5483\" rel=\"bookmark\">\u00a0<\/a><\/span><strong>Zur \u201e<a href=\"https:\/\/www.landespressedienst.de\/erklaerung-zur-veranstaltung-mit-annette-groth-am-13-oktober-in-magdeburg\/\" target=\"_blank\" rel=\"noopener\">Erkl\u00e4rung<\/a>\u201c von Thomas Lippmann und Andreas H\u00f6ppner<\/strong><\/div>\n<div class=\"entry-content clearfix\">\n<p>Die Spitzenfunktion\u00e4re der sogenannten \u201eLinken\u201c in Sachsen-Anhalt gaben eine \u201eErkl\u00e4rung\u201c zu unserer <a href=\"http:\/\/www.freidenker.org\/?p=5473\" target=\"_blank\" rel=\"noopener\">Veranstaltung mit der ehemaligen Bundestagsabgeordneten der Partei Die Linke<\/a> ab:<\/p>\n<p><em>\u201eDie Einladung zur Veranstaltung des sogenannten Freidenker-Verbands mit Anette Groth offenbart eine unzutreffende, strukturell antisemitische Perspektive und stellt sich implizit hinter die antisemitische BDS-Bewegung. Sie arbeitet mit verschw\u00f6rungsideologischen Mustern, wo sie das Benennen von Antisemitismus als Versuch anonymer Herrschender beschreibt, die Meinungsfreiheit einzuschr\u00e4nken\u2026.<\/em> <em>Wir teilen die seit langem bekannte Positionierung von Annette Groth ausdr\u00fccklich nicht und widersprechen dieser und den Behauptungen der Einladung des \u00bbFreidenker-Verbands\u00ab entschieden.\u201c<\/em><\/p>\n<p>Diese Bewertung ist ein Paradebeispiel f\u00fcr \u201ebetreutes Denken\u201c, denn die Einladung wird dem geneigten Publikum ebenso die \u201ePositionierung\u201c der Referentin vorenthalten. Es k\u00f6nnte ja zu anderen Schl\u00fcssen kommen als die vordenkende Parteiobrigkeit. Ihrem Text stellen sie die Behauptung voran, sie w\u00fcrden etwas \u201eerkl\u00e4ren\u201c, das Gegenteil ist richtig: in Wirklichkeit vernebeln sie. Und nachdem sie den Leserinnen und Lesern die M\u00f6glichkeit zur eigenen Urteilsbildung vorenthalten, nennen sie den Veranstalter den \u201e<em>sogenannten Freidenker-Verband\u201c. <\/em>So scheint die Emanzipation nach ihrer Vorstellung zu funktionieren.<\/p>\n<p>Wenn wir \u201esogenannten Linke\u201c schreiben, ist das zun\u00e4chst eine Retourkusche f\u00fcr den <em>\u201esogenannten Freidenker-Verband\u201c. Es ist aber auch wohlverdient nach der antiemanzipatorischen Manipulation.<\/em><\/p>\n<p>Tats\u00e4chlich haben die Freidenker zu einer <a href=\"http:\/\/www.freidenker.org\/?p=5473\">Diskussion (Sonnabend, 13.10.2018, 10 Uhr, Jugendherberge Magdeburg, Leiterstra\u00dfe 10)<\/a> \u00fcber die Frage eingeladen, ob wir zur Zeit eine <strong>\u201eUmdefinition des Antisemitismus\u201c <\/strong>erleben, wie sie funktioniert und was der Zweck ist. Der Zweck: Kritik an der Politik Israels mundtot zu machen. Nicht durch \u201eanonyme Herrschende\u201c, sondern durch Merkel, die Springer-Presse und ihre Anh\u00e4nger in der \u201eLinken\u201c, die sich hier geoutet haben.<\/p>\n<p><em>\u201eDie Ziele der Kampagne m\u00fcssen als antizionistisch und antisemitisch eingestuft werden.\u201c<\/em><\/p>\n<p>Da l\u00e4sst man also die Katze aus dem Sack: Wer den Zionismus kritisiert, soll als \u201eantisemitisch\u201c diffamiert werden. Die kriegsverbrecherische und rassistische Politik der israelischen Regierung darf nicht kritisiert werden. Wer dies \u2013 gemeinsam mit vielen friedliebenden Israelis \u2013 tut, gegen den wird eine regelrechte Diffamierungskampagne gestartet. Ganz vorne dabei: Lippmann und H\u00f6ppner. Das sind bestenfalls sogenannte \u201eLinke\u201c, eigentlich eine Schande f\u00fcr alle aufrechten Linken.<\/p>\n<p>Unbeeindruckt von ihren Spaltungsversuchen werden wir gemeinsam mit der deutschen, der israelischen und internationalen Friedensbewegung weiterhin f\u00fcr einen gerechten Frieden in Pal\u00e4stina eintreten.<\/p>\n<p><em>\u201eAnnette Groth spricht nicht in unserem Namen\u201c, <\/em>erfahren wir noch von unseren Helden Lippmann und H\u00f6ppner. Da hat sie ja unversch\u00e4mtes Gl\u00fcck gehabt.<\/p>\n<p>&nbsp;<\/p>\n<p><strong>Klaus Hartmann<\/strong><br \/>\nBundesvorsitzender des Deutschen Freidenker-Verbandes<\/p>\n<\/div>\n","protected":false},"excerpt":{"rendered":"<p>\u00a0Zur \u201eErkl\u00e4rung\u201c von Thomas Lippmann und Andreas H\u00f6ppner Die Spitzenfunktion\u00e4re der sogenannten \u201eLinken\u201c in Sachsen-Anhalt gaben eine \u201eErkl\u00e4rung\u201c zu unserer Veranstaltung mit der ehemaligen Bundestagsabgeordneten der Partei Die Linke ab: \u201eDie Einladung zur Veranstaltung des sogenannten Freidenker-Verbands mit Anette Groth offenbart eine unzutreffende, strukturell antisemitische Perspektive und stellt sich implizit hinter die antisemitische BDS-Bewegung. Sie [&hellip;]<\/p>\n","protected":false},"author":4,"featured_media":0,"comment_status":"open","ping_status":"open","sticky":false,"template":"","format":"standard","meta":{"jetpack_post_was_ever_published":false,"_jetpack_newsletter_access":"","_jetpack_dont_email_post_to_subs":false,"_jetpack_newsletter_tier_id":0,"_jetpack_memberships_contains_paywalled_content":false,"_jetpack_memberships_contains_paid_content":false,"footnotes":""},"categories":[1],"tags":[],"class_list":["post-4948","post","type-post","status-publish","format-standard","hentry","category-allgemein"],"jetpack_featured_media_url":"","jetpack_shortlink":"https:\/\/wp.me\/py5dN-1hO","jetpack_sharing_enabled":true,"_links":{"self":[{"href":"https:\/\/www.berlin.freidenker.org\/index.php?rest_route=\/wp\/v2\/posts\/4948","targetHints":{"allow":["GET"]}}],"collection":[{"href":"https:\/\/www.berlin.freidenker.org\/index.php?rest_route=\/wp\/v2\/posts"}],"about":[{"href":"https:\/\/www.berlin.freidenker.org\/index.php?rest_route=\/wp\/v2\/types\/post"}],"author":[{"embeddable":true,"href":"https:\/\/www.berlin.freidenker.org\/index.php?rest_route=\/wp\/v2\/users\/4"}],"replies":[{"embeddable":true,"href":"https:\/\/www.berlin.freidenker.org\/index.php?rest_route=%2Fwp%2Fv2%2Fcomments&post=4948"}],"version-history":[{"count":1,"href":"https:\/\/www.berlin.freidenker.org\/index.php?rest_route=\/wp\/v2\/posts\/4948\/revisions"}],"predecessor-version":[{"id":4949,"href":"https:\/\/www.berlin.freidenker.org\/index.php?rest_route=\/wp\/v2\/posts\/4948\/revisions\/4949"}],"wp:attachment":[{"href":"https:\/\/www.berlin.freidenker.org\/index.php?rest_route=%2Fwp%2Fv2%2Fmedia&parent=4948"}],"wp:term":[{"taxonomy":"category","embeddable":true,"href":"https:\/\/www.berlin.freidenker.org\/index.php?rest_route=%2Fwp%2Fv2%2Fcategories&post=4948"},{"taxonomy":"post_tag","embeddable":true,"href":"https:\/\/www.berlin.freidenker.org\/index.php?rest_route=%2Fwp%2Fv2%2Ftags&post=4948"}],"curies":[{"name":"wp","href":"https:\/\/api.w.org\/{rel}","templated":true}]}}