{"id":498,"date":"2010-09-28T12:19:13","date_gmt":"2010-09-28T10:19:13","guid":{"rendered":"http:\/\/www.berlin.freidenker.org\/?p=498"},"modified":"2010-09-28T12:19:13","modified_gmt":"2010-09-28T10:19:13","slug":"den-krieg-gegen-iran-verhindern","status":"publish","type":"post","link":"https:\/\/www.berlin.freidenker.org\/?p=498","title":{"rendered":"Den Krieg gegen Iran verhindern"},"content":{"rendered":"<p class=\"MsoNormal\"><strong>Vom Deutschen Freidenkerverband initiierte Unterschriftenaktion fordert Stopp der milit\u00e4rischen Vorbereitungen und Aufhebung der Sanktionen gegen Teheran. Ein Gespr\u00e4ch mit Klaus Hartmann<\/strong><\/p>\n<p class=\"MsoNormal\"><em>Von R\u00fcdiger G\u00f6bel <\/em><\/p>\n<p class=\"MsoNormal\"><strong><em>Es gibt eine vom Kasseler Friedensratschlag initiierte bundesweite Unterschriftenaktion: \u00bbDen Krieg in Afghanistan beenden\u00ab. Jetzt haben die Freidenker die Initiative zu einer Aktion gegen die Gefahr eines Iran-Krieges ergriffen. Richtet sich diese Aktion gegen die Initiatoren des Afghanistan-Aufrufs, unterst\u00fctzen Sie die Forderung nach Abzug der Bundeswehr nicht?<\/em><\/strong><\/p>\n<p class=\"MsoNormal\">Selbstverst\u00e4ndlich unterst\u00fctze ich die Forderung nach sofortigem Abzug. Ich habe den Aufruf auch unterschrieben, obwohl nur der \u00bbsofortige Beginn\u00ab des Abzugs gefordert wird. Wir Freidenker haben schon im Februar in einem eigenen Aufruf deutlich gemacht, da\u00df der Afghanistan-Krieg als ein v\u00f6lkerrechtliches Verbrechen gebrandmarkt werden mu\u00df. Das vermissen wir bei der j\u00fcngsten Initiative.<\/p>\n<p class=\"MsoNormal\"><strong><em>Aber Ihnen scheint auch die Schwerpunktsetzung Afghanistan nicht zu gefallen?<\/em><\/strong><\/p>\n<p class=\"MsoNormal\">Einen Schwerpunkt auf die Mobilisierung gegen den deutschen Kriegs\u00adeinsatz in Afghanistan zu setzen, ist nicht verkehrt. Aber darf man dabei das st\u00e4ndige S\u00e4belrasseln der USA und Israels gegen Iran \u00fcbersehen oder bewu\u00dft ausblenden? Auch andere in der Friedensbewegung sind alarmiert, die Friedenskooperative fordert in einer Unterschriftenaktion \u00bbKeinen Krieg gegen Iran \u2013 f\u00fcr eine politische L\u00f6sung\u00ab.<\/p>\n<p class=\"MsoNormal\"><a href=\"http:\/\/www.freidenker.org\/cms\/dfv\/\">Das vollst\u00e4ndige Interview finden Sie auf der Seite des Bundesvorstandes<\/a><\/p>\n<p class=\"MsoNormal\"><a href=\"https:\/\/www.berlin.freidenker.org\/wp-content\/uploads\/iran.pdf\">Unterschriftenaktion<\/a><\/p>\n<p class=\"MsoNormal\">\n<p><a href=\"http:\/\/www.freidenker.org\/cms\/dfv\/\"><\/a><\/p>\n","protected":false},"excerpt":{"rendered":"<p>Vom Deutschen Freidenkerverband initiierte Unterschriftenaktion fordert Stopp der milit\u00e4rischen Vorbereitungen und Aufhebung der Sanktionen gegen Teheran. Ein Gespr\u00e4ch mit Klaus Hartmann Von R\u00fcdiger G\u00f6bel Es gibt eine vom Kasseler Friedensratschlag initiierte bundesweite Unterschriftenaktion: \u00bbDen Krieg in Afghanistan beenden\u00ab. Jetzt haben die Freidenker die Initiative zu einer Aktion gegen die Gefahr eines Iran-Krieges ergriffen. Richtet sich [&hellip;]<\/p>\n","protected":false},"author":4,"featured_media":0,"comment_status":"closed","ping_status":"closed","sticky":false,"template":"","format":"standard","meta":{"jetpack_post_was_ever_published":false,"_jetpack_newsletter_access":"","_jetpack_dont_email_post_to_subs":false,"_jetpack_newsletter_tier_id":0,"_jetpack_memberships_contains_paywalled_content":false,"_jetpack_memberships_contains_paid_content":false,"footnotes":""},"categories":[1],"tags":[],"class_list":["post-498","post","type-post","status-publish","format-standard","hentry","category-allgemein"],"jetpack_featured_media_url":"","jetpack_shortlink":"https:\/\/wp.me\/py5dN-82","jetpack_sharing_enabled":true,"_links":{"self":[{"href":"https:\/\/www.berlin.freidenker.org\/index.php?rest_route=\/wp\/v2\/posts\/498","targetHints":{"allow":["GET"]}}],"collection":[{"href":"https:\/\/www.berlin.freidenker.org\/index.php?rest_route=\/wp\/v2\/posts"}],"about":[{"href":"https:\/\/www.berlin.freidenker.org\/index.php?rest_route=\/wp\/v2\/types\/post"}],"author":[{"embeddable":true,"href":"https:\/\/www.berlin.freidenker.org\/index.php?rest_route=\/wp\/v2\/users\/4"}],"replies":[{"embeddable":true,"href":"https:\/\/www.berlin.freidenker.org\/index.php?rest_route=%2Fwp%2Fv2%2Fcomments&post=498"}],"version-history":[{"count":6,"href":"https:\/\/www.berlin.freidenker.org\/index.php?rest_route=\/wp\/v2\/posts\/498\/revisions"}],"predecessor-version":[{"id":518,"href":"https:\/\/www.berlin.freidenker.org\/index.php?rest_route=\/wp\/v2\/posts\/498\/revisions\/518"}],"wp:attachment":[{"href":"https:\/\/www.berlin.freidenker.org\/index.php?rest_route=%2Fwp%2Fv2%2Fmedia&parent=498"}],"wp:term":[{"taxonomy":"category","embeddable":true,"href":"https:\/\/www.berlin.freidenker.org\/index.php?rest_route=%2Fwp%2Fv2%2Fcategories&post=498"},{"taxonomy":"post_tag","embeddable":true,"href":"https:\/\/www.berlin.freidenker.org\/index.php?rest_route=%2Fwp%2Fv2%2Ftags&post=498"}],"curies":[{"name":"wp","href":"https:\/\/api.w.org\/{rel}","templated":true}]}}