{"id":4994,"date":"2018-12-23T13:08:53","date_gmt":"2018-12-23T11:08:53","guid":{"rendered":"https:\/\/www.berlin.freidenker.org\/?p=4994"},"modified":"2018-12-23T13:08:53","modified_gmt":"2018-12-23T11:08:53","slug":"solidaritaet-mit-den-gelbwesten-kommt-zur-kundgebung-am-29-12","status":"publish","type":"post","link":"https:\/\/www.berlin.freidenker.org\/?p=4994","title":{"rendered":"Solidarit\u00e4t mit den Gelbwesten &#8211; kommt zur Kundgebung am 29.12.!"},"content":{"rendered":"<div>Wir wollen das Jahr nicht beenden, ohne auch in Berlin unsere Solidarit\u00e4t mit den Gelben Westen zu demonstrieren &#8211; ihr Kampf ist unser Kampf!<\/div>\n<div><\/div>\n<div><a href=\"https:\/\/i0.wp.com\/www.berlin.freidenker.org\/wp-content\/uploads\/2018\/12\/Visual-Gelbwesten-Kundgebung-2018-fb-2.png?ssl=1\"><img data-recalc-dims=\"1\" loading=\"lazy\" decoding=\"async\" class=\"alignnone size-medium wp-image-4995\" src=\"https:\/\/i0.wp.com\/www.berlin.freidenker.org\/wp-content\/uploads\/2018\/12\/Visual-Gelbwesten-Kundgebung-2018-fb-2.png?resize=300%2C208&#038;ssl=1\" alt=\"\" width=\"300\" height=\"208\" srcset=\"https:\/\/i0.wp.com\/www.berlin.freidenker.org\/wp-content\/uploads\/2018\/12\/Visual-Gelbwesten-Kundgebung-2018-fb-2.png?resize=300%2C208&amp;ssl=1 300w, https:\/\/i0.wp.com\/www.berlin.freidenker.org\/wp-content\/uploads\/2018\/12\/Visual-Gelbwesten-Kundgebung-2018-fb-2.png?resize=768%2C531&amp;ssl=1 768w, https:\/\/i0.wp.com\/www.berlin.freidenker.org\/wp-content\/uploads\/2018\/12\/Visual-Gelbwesten-Kundgebung-2018-fb-2.png?resize=1024%2C709&amp;ssl=1 1024w, https:\/\/i0.wp.com\/www.berlin.freidenker.org\/wp-content\/uploads\/2018\/12\/Visual-Gelbwesten-Kundgebung-2018-fb-2.png?w=2048&amp;ssl=1 2048w\" sizes=\"auto, (max-width: 300px) 100vw, 300px\" \/><\/a><\/div>\n<div><\/div>\n<div><strong>Aufruf<\/strong><\/div>\n<div><b><i>Solidarit\u00e9!<\/i><\/b><\/div>\n<div>\n<p class=\"EinfacherAbsatz\"><b><i>Solidarit\u00e4t mit den Gelbwesten!<\/i><\/b><\/p>\n<p class=\"EinfacherAbsatz\">In Erw\u00e4gung, dass der Protest der Gelbwesten \u2013 der \u201eGilets jaunes\u201c \u2013 sich gegen die Superreichen und Kriegstreiber in Frankreich richtet.<\/p>\n<p class=\"EinfacherAbsatz\">In Erw\u00e4gung, dass dieser Widerstand sich gleichzeitig gegen die EU richtet \u2013 gegen das Europa der Superreichen und Kriegstreiber.<\/p>\n<p class=\"EinfacherAbsatz\">In Erw\u00e4gung, dass die Gelbwesten somit auch gegen die Superreichen und Kriegstreiber in unserem Land und ihre Bundeskanzlerin Merkel k\u00e4mpfen.<\/p>\n<p class=\"EinfacherAbsatz\">Und in Erw\u00e4gung, dass dieser Widerstand des franz\u00f6sischen Volkes Verleumdungen, Bestechung und Polizeigewalt widersteht \u2013 sagen wir: Solidarit\u00e4t mit den Gelbwesten ist das Gebot der Stunde! Der Kampf der Gelbwesten ist auch unser Kampf!<\/p>\n<p class=\"EinfacherAbsatz\">Deswegen rufen wir zur Solidarit\u00e4tskundgebung am 29. Dezember 2018 um 13.00 Uhr am Brandenburger Tor auf.<\/p>\n<p class=\"EinfacherAbsatz\"><b><i>La Libert\u00e9 guidant le peuple \u2013 die Freiheit f\u00fchrt das Volk! <\/i><\/b><\/p>\n<p class=\"EinfacherAbsatz\"><b>Unterzeichnerinnen und Unterzeichner:<\/b> <i>Hans Bauer (Vorsitzender GRH e.V., Vizepr\u00e4sident des OKV e.V.) \u2022 Heinrich B\u00fccker (Coop Antikriegscaf\u00e9 Berlin) \u2022 Uli Gellermann (Rationalgalerie) \u2022 M\u00e4nne Gr\u00fc\u00df (Parteivorstand DKP) \u2022 Hartmut Heck (Freischaffender K\u00fcnstler) \u2022 Liane Kilinc (Friedensbr\u00fccke-Kriegsopferhilfe e.V.) \u2022 Bernd Lachmann (Stellv. Vorsitzender Kreisvorstand DIE LINKE. Potsdam-Mittelmark) \u2022 Prof. Dr. Anton Latzo (DKP Brandenburg) \u2022 Klaus Linder (Vorsitzender Berliner Freidenker-Verband) \u2022 Ralf Lux (Vorsitzender Brandenburgischer Freidenker-Verband) \u2022 Barbara Majd Amin (Sprecherin DKP Berlin) \u2022 Motocicleta Sputnik Berlin \u2022 Maik M\u00fcller (KPD) \u2022 Doris Pumphrey \u2022 George Pumphrey \u2022 Dr. Marianna Schauzu (Marx Engels Zentrum Berlin) \u2022 Andreas Schl\u00fcter (Diplom-Soziologe) \u2022 Andreas Wehr (Marx Engels Zentrum Berlin) \u2022 Laura von Wimmersperg \u2022 Dr. Dittmar Zengerling (Mitglied Austehen Brandenburg, Stellv. Sprecher Friedenskoordination Potsdam, Stellv. Vorsitzender DIE LINKE. OV Potsdam-S\u00fcd) \u2022 Elke Zwinge (Mitglied in GEW AG Frieden)<\/i><\/p>\n<\/div>\n","protected":false},"excerpt":{"rendered":"<p>Wir wollen das Jahr nicht beenden, ohne auch in Berlin unsere Solidarit\u00e4t mit den Gelben Westen zu demonstrieren &#8211; ihr Kampf ist unser Kampf! Aufruf Solidarit\u00e9! Solidarit\u00e4t mit den Gelbwesten! In Erw\u00e4gung, dass der Protest der Gelbwesten \u2013 der \u201eGilets jaunes\u201c \u2013 sich gegen die Superreichen und Kriegstreiber in Frankreich richtet. In Erw\u00e4gung, dass dieser [&hellip;]<\/p>\n","protected":false},"author":4,"featured_media":0,"comment_status":"open","ping_status":"closed","sticky":false,"template":"","format":"standard","meta":{"jetpack_post_was_ever_published":false,"_jetpack_newsletter_access":"","_jetpack_dont_email_post_to_subs":false,"_jetpack_newsletter_tier_id":0,"_jetpack_memberships_contains_paywalled_content":false,"_jetpack_memberships_contains_paid_content":false,"footnotes":""},"categories":[1],"tags":[],"class_list":["post-4994","post","type-post","status-publish","format-standard","hentry","category-allgemein"],"jetpack_featured_media_url":"","jetpack_shortlink":"https:\/\/wp.me\/py5dN-1iy","jetpack_sharing_enabled":true,"_links":{"self":[{"href":"https:\/\/www.berlin.freidenker.org\/index.php?rest_route=\/wp\/v2\/posts\/4994","targetHints":{"allow":["GET"]}}],"collection":[{"href":"https:\/\/www.berlin.freidenker.org\/index.php?rest_route=\/wp\/v2\/posts"}],"about":[{"href":"https:\/\/www.berlin.freidenker.org\/index.php?rest_route=\/wp\/v2\/types\/post"}],"author":[{"embeddable":true,"href":"https:\/\/www.berlin.freidenker.org\/index.php?rest_route=\/wp\/v2\/users\/4"}],"replies":[{"embeddable":true,"href":"https:\/\/www.berlin.freidenker.org\/index.php?rest_route=%2Fwp%2Fv2%2Fcomments&post=4994"}],"version-history":[{"count":1,"href":"https:\/\/www.berlin.freidenker.org\/index.php?rest_route=\/wp\/v2\/posts\/4994\/revisions"}],"predecessor-version":[{"id":4996,"href":"https:\/\/www.berlin.freidenker.org\/index.php?rest_route=\/wp\/v2\/posts\/4994\/revisions\/4996"}],"wp:attachment":[{"href":"https:\/\/www.berlin.freidenker.org\/index.php?rest_route=%2Fwp%2Fv2%2Fmedia&parent=4994"}],"wp:term":[{"taxonomy":"category","embeddable":true,"href":"https:\/\/www.berlin.freidenker.org\/index.php?rest_route=%2Fwp%2Fv2%2Fcategories&post=4994"},{"taxonomy":"post_tag","embeddable":true,"href":"https:\/\/www.berlin.freidenker.org\/index.php?rest_route=%2Fwp%2Fv2%2Ftags&post=4994"}],"curies":[{"name":"wp","href":"https:\/\/api.w.org\/{rel}","templated":true}]}}