{"id":4998,"date":"2019-01-05T12:31:17","date_gmt":"2019-01-05T10:31:17","guid":{"rendered":"https:\/\/www.berlin.freidenker.org\/?p=4998"},"modified":"2019-01-05T12:33:20","modified_gmt":"2019-01-05T10:33:20","slug":"herzliche-einladung-zum-vortrag-von-klaus-hartmann","status":"publish","type":"post","link":"https:\/\/www.berlin.freidenker.org\/?p=4998","title":{"rendered":"Herzliche Einladung zum Vortrag von Klaus Hartmann"},"content":{"rendered":"<p>Liebe Freundinnen und Freunde, liebe Genossinnen und Genossen,<\/p>\n<div>\n<div>\n<div>\n<div>\n<p>wir m\u00f6chten Euch hiermit herzlich zu unserer Veranstaltung mit Klaus Hartmann, dem Vorsitzenden des Deutschen Freidenkerverbandes, am 16. Januar im ND-Geb\u00e4ude einladen. Sie steht unter dem Titel:<\/p>\n<p><strong>&#8222;20 Jahre nach dem NATO-\u00dcberfall auf Jugoslawien &#8211; Die neokoloniale Neuaufteilung der Welt und der Kampf f\u00fcr die multipolare Weltordnung&#8220;.<\/strong><\/p>\n<p><strong>\u00a0<\/strong><strong>Wann: 16. Januar 2019, 18 Uhr<\/strong><\/p>\n<p><strong>Wo: Neues Deutschland Geb\u00e4ude, Franz-Mehring-Platz 1, 10243 Berlin<\/strong><\/p>\n<p>In welchem der Seminarr\u00e4ume die Veranstaltung stattfindet, wird auf der Tafel an der Pforte bekanntgegeben.<\/p>\n<p>Doch zun\u00e4chst m\u00f6chten wir uns bei allen von Euch bedanken, die als Referentinnen und Referenten sowie als G\u00e4ste unsere monatlichen Runden \u201eBerliner Freidenker im Gespr\u00e4ch&#8220; aktiv mitgestaltet haben!<\/p>\n<p>Au\u00dferdem bedanken wir uns sehr herzlich bei den Vielen von Euch, die die gemeinsame Aktion \u201eSolidarit\u00e4t mit den Gelbwesten&#8220; am 29. Dezember unterst\u00fctzt haben!<\/p>\n<p>Gerade in diesem Sinne w\u00fcrden wir Euch nat\u00fcrlich vor allem gern ein, wie man so sagt, \u201ek\u00e4mpferisches&#8220; 2019 w\u00fcnschen. Ganz gewiss \u2013 dass die Unterdr\u00fcckten und Ausgebeuteten ins K\u00e4mpfen kommen f\u00fcr ihre Interessen, gegen imperialistische Kriege, gegen die Vorbereitungsma\u00dfnahmen von Demokratiezerst\u00f6rung und Faschisierung, gegen die totale Abw\u00e4lzung der Krisenlasten auf die Werkt\u00e4tigen \u2013 das w\u00fcnschen wir ganz besonders! Gerade die Gelbwesten zeigen uns, dass die Zeit des blo\u00dfen W\u00fcnschens vorbei sein mu\u00df, dass von den modernen imperialistischen Raubrittern, die unsere Lebensgrundlagen zerst\u00f6ren, keine blo\u00dfen Forderungen erf\u00fcllt werden, wo nicht die Massen sich erheben, organisieren und ihre Sache selbst in die Hand nehmen.<\/p>\n<p>Wir wissen aber auch aus den K\u00e4mpfen der Gelbwesten, wie schwer es sein wird, diese Kampferfahrungen f\u00fcr unser Land wirksam zu machen, in dem die Klassenspaltung noch durch die tiefe nationale Spaltung versch\u00e4rft wird, die in der Unterwerfung der DDR und ihrer B\u00fcrger zum Ausdruck kommt. In diesem Sinne w\u00fcnschen wir uns nicht nur ein \u201ek\u00e4mpferisches&#8220; 2019, sondern auch ein \u201enachdenkliches&#8220; &#8211; ein Jahr des gemeinsamen Nachdenkens dar\u00fcber, welches die n\u00e4chsten Schritte sein k\u00f6nnen, um angesichts dieser Widerspr\u00fcche zum Widerstand und zur Aktion zu kommen!<\/p>\n<p>In diesem Sinne steht auch unser Auftakt. In einem Jahr, dessen Beginn im Gedenken an Niederlagen steht: Die Ermordung von Rosa und Karl, die Novemberrevolution und die Folgen des B\u00fcndnisses der rechten F\u00fchrer der Sozialdemokratie mit den Monopolherren&#8230; Aber 2019 wird auch Jahrestage gro\u00dfer Siege und Errungenschaften bringen: Denn \u00fcber die Novemberrevolution und ihre damalige Nichtvollendung l\u00e4sst sich nur reden, wenn gleichzeitig \u00fcber ihre Wiederaufnahme und Weiterf\u00fchrung geredet wird, die in der Gr\u00fcndung der DDR ihren Ausdruck fand, welche sich dieses Jahr zum 70. Male j\u00e4hrt!<\/p>\n<p>Und \u00fcber die Niederlagen der deutschen Arbeiterbewegung und ihr Fortwirken in der Gegenwart l\u00e4sst sich nicht reden, wenn wir nicht eines Datums gedenken, das ein Meilenstein f\u00fcr die Versuche der Herrschenden ist, den Sieg \u00fcber den Faschismus, die Ergebnisse des Sieges der Roten Armee r\u00fcckg\u00e4ngig zu machen: des \u00dcberfalls auf Jugoslawien, der sich am 24. M\u00e4rz zum 20. Male j\u00e4hrt.<\/p>\n<p>Wir haben einer Situation Rechnung zu tragen, in der der Schwur aus der Stunde der Befreiung: \u201eNie wieder Faschismus \u2013 nie wieder Krieg!&#8220; leider schon von der imperialistischen Gegenwart \u00fcberholt wurde&#8230;<\/p>\n<p>Darum w\u00fcrden wir uns freuen, wenn Ihr zahlreich zum Vortrag von Klaus Hartmann erscheint, in dem es sicherlich nicht nur um den historischen R\u00fcckblick gehen wird, sondern auch um den heutigen Kampf gegen die NATO und ihre Kriege, gegen die Rolle des US-Imperialismus sowie des deutschen und der EU bei der Neuaufteilung der Welt \u2013 und F\u00dcR die Kr\u00e4fte, die sich dem nicht unterwerfen!<\/p>\n<p>F\u00fcr den Landesvorstand der Berliner Freidenker<\/p>\n<p>Klaus Linder<\/p>\n<\/div>\n<\/div>\n<\/div>\n<\/div>\n","protected":false},"excerpt":{"rendered":"<p>Liebe Freundinnen und Freunde, liebe Genossinnen und Genossen, wir m\u00f6chten Euch hiermit herzlich zu unserer Veranstaltung mit Klaus Hartmann, dem Vorsitzenden des Deutschen Freidenkerverbandes, am 16. Januar im ND-Geb\u00e4ude einladen. Sie steht unter dem Titel: &#8222;20 Jahre nach dem NATO-\u00dcberfall auf Jugoslawien &#8211; Die neokoloniale Neuaufteilung der Welt und der Kampf f\u00fcr die multipolare Weltordnung&#8220;. [&hellip;]<\/p>\n","protected":false},"author":4,"featured_media":0,"comment_status":"open","ping_status":"closed","sticky":false,"template":"","format":"standard","meta":{"jetpack_post_was_ever_published":false,"_jetpack_newsletter_access":"","_jetpack_dont_email_post_to_subs":false,"_jetpack_newsletter_tier_id":0,"_jetpack_memberships_contains_paywalled_content":false,"_jetpack_memberships_contains_paid_content":false,"footnotes":""},"categories":[1],"tags":[],"class_list":["post-4998","post","type-post","status-publish","format-standard","hentry","category-allgemein"],"jetpack_featured_media_url":"","jetpack_shortlink":"https:\/\/wp.me\/py5dN-1iC","jetpack_sharing_enabled":true,"_links":{"self":[{"href":"https:\/\/www.berlin.freidenker.org\/index.php?rest_route=\/wp\/v2\/posts\/4998","targetHints":{"allow":["GET"]}}],"collection":[{"href":"https:\/\/www.berlin.freidenker.org\/index.php?rest_route=\/wp\/v2\/posts"}],"about":[{"href":"https:\/\/www.berlin.freidenker.org\/index.php?rest_route=\/wp\/v2\/types\/post"}],"author":[{"embeddable":true,"href":"https:\/\/www.berlin.freidenker.org\/index.php?rest_route=\/wp\/v2\/users\/4"}],"replies":[{"embeddable":true,"href":"https:\/\/www.berlin.freidenker.org\/index.php?rest_route=%2Fwp%2Fv2%2Fcomments&post=4998"}],"version-history":[{"count":1,"href":"https:\/\/www.berlin.freidenker.org\/index.php?rest_route=\/wp\/v2\/posts\/4998\/revisions"}],"predecessor-version":[{"id":4999,"href":"https:\/\/www.berlin.freidenker.org\/index.php?rest_route=\/wp\/v2\/posts\/4998\/revisions\/4999"}],"wp:attachment":[{"href":"https:\/\/www.berlin.freidenker.org\/index.php?rest_route=%2Fwp%2Fv2%2Fmedia&parent=4998"}],"wp:term":[{"taxonomy":"category","embeddable":true,"href":"https:\/\/www.berlin.freidenker.org\/index.php?rest_route=%2Fwp%2Fv2%2Fcategories&post=4998"},{"taxonomy":"post_tag","embeddable":true,"href":"https:\/\/www.berlin.freidenker.org\/index.php?rest_route=%2Fwp%2Fv2%2Ftags&post=4998"}],"curies":[{"name":"wp","href":"https:\/\/api.w.org\/{rel}","templated":true}]}}