{"id":5008,"date":"2019-01-14T14:08:48","date_gmt":"2019-01-14T12:08:48","guid":{"rendered":"https:\/\/www.berlin.freidenker.org\/?p=5008"},"modified":"2019-03-07T14:53:14","modified_gmt":"2019-03-07T12:53:14","slug":"vortrag-am-16-01-2019-20-jahre-nach-dem-nato-ueberfall-auf-jugoslawien","status":"publish","type":"post","link":"https:\/\/www.berlin.freidenker.org\/?p=5008","title":{"rendered":"Vortrag am 16.01.2019: 20 Jahre nach dem NATO-\u00dcberfall auf Jugoslawien"},"content":{"rendered":"<div class=\"featured-image\"><img data-recalc-dims=\"1\" loading=\"lazy\" decoding=\"async\" class=\"alignnone size-full wp-image-5062\" src=\"https:\/\/i0.wp.com\/www.berlin.freidenker.org\/wp-content\/uploads\/2019\/01\/Hartmann_Belgrad_500x.jpg?resize=500%2C278&#038;ssl=1\" alt=\"\" width=\"500\" height=\"278\" srcset=\"https:\/\/i0.wp.com\/www.berlin.freidenker.org\/wp-content\/uploads\/2019\/01\/Hartmann_Belgrad_500x.jpg?w=500&amp;ssl=1 500w, https:\/\/i0.wp.com\/www.berlin.freidenker.org\/wp-content\/uploads\/2019\/01\/Hartmann_Belgrad_500x.jpg?resize=300%2C167&amp;ssl=1 300w\" sizes=\"auto, (max-width: 500px) 100vw, 500px\" \/><\/div>\n<div class=\"article-content clearfix\">\n<div><\/div>\n<div class=\"below-entry-meta\"><strong>Einladung<\/strong><\/div>\n<div class=\"entry-content clearfix\">\n<p><strong>Vortrag von Klaus Hartmann<br \/>\n(Bundesvorsitzender des Deutschen Freidenker-Verbandes)<\/strong><\/p>\n<h5><strong>20 Jahre nach dem NATO-\u00dcberfall auf Jugoslawien \u2013<br \/>\n<\/strong><strong>Die neokoloniale Neuaufteilung der Welt und der Kampf f\u00fcr die multipolare Weltordnung<\/strong><\/h5>\n<p><strong>Mittwoch, 16. Januar 2019, 18.00 Uhr <\/strong><br \/>\n<strong>ND-Geb\u00e4ude, Franz-Mehring-Platz 1, 10243 Berlin<\/strong><br \/>\n<strong>In welchem der Seminarr\u00e4ume die Veranstaltung stattfindet, wird auf der Tafel an der Pforte angegeben<\/strong><\/p>\n<p>In Wort und Tat hat der Nordatlantikpakt widerlegt, ein \u201eVerteidigungsb\u00fcndnis\u201c zu sein. Der \u00dcberfall auf Jugoslawien am 24. M\u00e4rz 1999 war ein v\u00f6lkerrechtswidriger Aggressionskrieg \u2013 ohne UN-Mandat, ohne \u201eB\u00fcndnisfall\u201c, au\u00dferhalb des B\u00fcndnisgebiets. Bei ihrem Jubil\u00e4umsgipfel am 24. April 1999 erm\u00e4chtigte sich die NATO im neuen Strategischen Konzept zu solchen Kriegen \u201eau\u00dferhalb der Charta\u201c, also unter Versto\u00df gegen sie.<br \/>\nDie Aggression gegen Jugoslawien diente als Vorlage f\u00fcr die v\u00f6llige Entgrenzung der NATO-Kriegsmaschine und f\u00fcr die Umwandlung in ein international agierendes Aggressionsb\u00fcndnis.<br \/>\nMit dem Putsch in der Ukraine 2014 und dem Vorr\u00fccken der NATO direkt an die russische Westgrenze wird eine Zuspitzung der unmittelbaren Konfrontation betrieben.<br \/>\nWer hofft, durch die NATO-Mitgliedschaft werde der deutsche Imperialismus gewisserma\u00dfen gez\u00e4hmt, verkennt die Realit\u00e4t. Der deutschen Bourgeoisie dient die NATO als Instrument, um seine milit\u00e4rischen Kr\u00e4fte auszuweiten. Deutschland hat seit 1999 alle US- und NATO-Aggressionskriege unterst\u00fctzt.<br \/>\nDer Austritt Deutschlands aus der NATO bedeutet eine entscheidende Schw\u00e4chung aller Kriegstreiber und Militaristen; nicht zuletzt in der deutschen Bourgeoisie.<br \/>\nDurch K\u00fcndigung des Abkommens \u00fcber den Aufenthalt ausl\u00e4ndischer Streitkr\u00e4fte in Deutschland wird man die Kriegsdrehscheibe Air Base Ramstein mit der Befehlszentrale des Aegis-Raketensystems los, die 40 US-Stationierungsorte wie Kalkar, Wiesbaden-Erbenheim und Grafenw\u00f6hr, das US-European und das Africa-Command in Stuttgart sowie die Atomwaffen in B\u00fcchel. Die K\u00fcndigungsfrist betr\u00e4gt nur zwei Jahre.<\/p>\n<hr \/>\n<p>Bild: Klaus Hartmann bei einem Interview in Belgrad, 2016<\/p>\n<\/div>\n<\/div>\n","protected":false},"excerpt":{"rendered":"<p>Einladung Vortrag von Klaus Hartmann (Bundesvorsitzender des Deutschen Freidenker-Verbandes) 20 Jahre nach dem NATO-\u00dcberfall auf Jugoslawien \u2013 Die neokoloniale Neuaufteilung der Welt und der Kampf f\u00fcr die multipolare Weltordnung Mittwoch, 16. Januar 2019, 18.00 Uhr ND-Geb\u00e4ude, Franz-Mehring-Platz 1, 10243 Berlin In welchem der Seminarr\u00e4ume die Veranstaltung stattfindet, wird auf der Tafel an der Pforte angegeben [&hellip;]<\/p>\n","protected":false},"author":4,"featured_media":0,"comment_status":"open","ping_status":"closed","sticky":false,"template":"","format":"standard","meta":{"jetpack_post_was_ever_published":false,"_jetpack_newsletter_access":"","_jetpack_dont_email_post_to_subs":false,"_jetpack_newsletter_tier_id":0,"_jetpack_memberships_contains_paywalled_content":false,"_jetpack_memberships_contains_paid_content":false,"footnotes":""},"categories":[1],"tags":[],"class_list":["post-5008","post","type-post","status-publish","format-standard","hentry","category-allgemein"],"jetpack_featured_media_url":"","jetpack_shortlink":"https:\/\/wp.me\/py5dN-1iM","jetpack_sharing_enabled":true,"_links":{"self":[{"href":"https:\/\/www.berlin.freidenker.org\/index.php?rest_route=\/wp\/v2\/posts\/5008","targetHints":{"allow":["GET"]}}],"collection":[{"href":"https:\/\/www.berlin.freidenker.org\/index.php?rest_route=\/wp\/v2\/posts"}],"about":[{"href":"https:\/\/www.berlin.freidenker.org\/index.php?rest_route=\/wp\/v2\/types\/post"}],"author":[{"embeddable":true,"href":"https:\/\/www.berlin.freidenker.org\/index.php?rest_route=\/wp\/v2\/users\/4"}],"replies":[{"embeddable":true,"href":"https:\/\/www.berlin.freidenker.org\/index.php?rest_route=%2Fwp%2Fv2%2Fcomments&post=5008"}],"version-history":[{"count":3,"href":"https:\/\/www.berlin.freidenker.org\/index.php?rest_route=\/wp\/v2\/posts\/5008\/revisions"}],"predecessor-version":[{"id":5063,"href":"https:\/\/www.berlin.freidenker.org\/index.php?rest_route=\/wp\/v2\/posts\/5008\/revisions\/5063"}],"wp:attachment":[{"href":"https:\/\/www.berlin.freidenker.org\/index.php?rest_route=%2Fwp%2Fv2%2Fmedia&parent=5008"}],"wp:term":[{"taxonomy":"category","embeddable":true,"href":"https:\/\/www.berlin.freidenker.org\/index.php?rest_route=%2Fwp%2Fv2%2Fcategories&post=5008"},{"taxonomy":"post_tag","embeddable":true,"href":"https:\/\/www.berlin.freidenker.org\/index.php?rest_route=%2Fwp%2Fv2%2Ftags&post=5008"}],"curies":[{"name":"wp","href":"https:\/\/api.w.org\/{rel}","templated":true}]}}