{"id":5021,"date":"2019-02-01T12:30:08","date_gmt":"2019-02-01T10:30:08","guid":{"rendered":"https:\/\/www.berlin.freidenker.org\/?p=5021"},"modified":"2019-03-07T14:43:47","modified_gmt":"2019-03-07T12:43:47","slug":"rueckblick-diskussion-20-jahre-nach-dem-nato-ueberfall-auf-jugoslawien","status":"publish","type":"post","link":"https:\/\/www.berlin.freidenker.org\/?p=5021","title":{"rendered":"R\u00fcckblick: Diskussion: 20 Jahre nach dem NATO-\u00dcberfall auf Jugoslawien"},"content":{"rendered":"<div class=\"inner-wrap clearfix\">\n<div id=\"primary\">\n<div id=\"content\" class=\"clearfix\">\n<article id=\"post-5808\" class=\"post-5808 post type-post status-publish format-standard has-post-thumbnail hentry category-aktuelles category-frieden-antifaschismus-solidaritaet category-veranstaltungen-in-den-dfv-landesverbaenden tag-aggressionskrieg tag-deutschland-raus-aus-der-nato tag-frieden tag-klaus-hartmann tag-nato-ueberfall-auf-jugoslawien\">\n<div class=\"featured-image\"><img data-recalc-dims=\"1\" loading=\"lazy\" decoding=\"async\" class=\"alignnone size-full wp-image-5055\" src=\"https:\/\/i0.wp.com\/www.berlin.freidenker.org\/wp-content\/uploads\/2019\/02\/190116_Podium_ND_02.jpg?resize=500%2C278&#038;ssl=1\" alt=\"\" width=\"500\" height=\"278\" srcset=\"https:\/\/i0.wp.com\/www.berlin.freidenker.org\/wp-content\/uploads\/2019\/02\/190116_Podium_ND_02.jpg?w=500&amp;ssl=1 500w, https:\/\/i0.wp.com\/www.berlin.freidenker.org\/wp-content\/uploads\/2019\/02\/190116_Podium_ND_02.jpg?resize=300%2C167&amp;ssl=1 300w\" sizes=\"auto, (max-width: 500px) 100vw, 500px\" \/><\/div>\n<div class=\"article-content clearfix\">\n<div class=\"above-entry-meta\"><span class=\"cat-links\">\u00a0<\/span><\/div>\n<header class=\"entry-header\"><\/header>\n<div class=\"entry-content clearfix\">\n<p>Am 16.01.2019 folgten mehr als 65 Interessierte der Einladung der Berliner Freidenker zur Diskussion mit Klaus Hartmann zum Thema <strong>\u201c20 Jahre nach dem NATO-\u00dcberfall auf Jugoslawien \u2013 Die neokoloniale Neuaufteilung der Welt und der Kampf f\u00fcr die multipolare Weltordnung\u201d<\/strong>.<\/p>\n<p>Klaus Hartmann wies auf die fr\u00fche Einsch\u00e4tzung der Freidenker in den 1990er Jahren hin, dass die NATO-Aggression gegen Jugoslawien der \u201cT\u00fcr\u00f6ffnerkrieg\u201d f\u00fcr die kommenden Kriege sein wird. Die Teilnehmer unterst\u00fctzten die Aufforderung, dem permanent gezeichneten \u201cFeindbild Russland\u201d entgegenzutreten und f\u00fcr die Forderungen nach NATO-Austritt und K\u00fcndigung des Stationierungsabkommens f\u00fcr ausl\u00e4ndische Streitkr\u00e4fte zu wirken.<\/p>\n<hr \/>\n<p>Bild: W\u00e4hrend der Podiumsdiskussion: Links Klaus Hartmann, Vorsitzender des Deutschen Freidenker-Verbandes; rechts Klaus Linder, Vorsitzender des Berliner Landesverbandes<br \/>\nFoto: Angelika Seifert<\/p>\n<\/div>\n<\/div>\n<\/article>\n<\/div>\n<\/div>\n<\/div>\n","protected":false},"excerpt":{"rendered":"<p>\u00a0 Am 16.01.2019 folgten mehr als 65 Interessierte der Einladung der Berliner Freidenker zur Diskussion mit Klaus Hartmann zum Thema \u201c20 Jahre nach dem NATO-\u00dcberfall auf Jugoslawien \u2013 Die neokoloniale Neuaufteilung der Welt und der Kampf f\u00fcr die multipolare Weltordnung\u201d. Klaus Hartmann wies auf die fr\u00fche Einsch\u00e4tzung der Freidenker in den 1990er Jahren hin, dass [&hellip;]<\/p>\n","protected":false},"author":4,"featured_media":0,"comment_status":"open","ping_status":"closed","sticky":false,"template":"","format":"standard","meta":{"jetpack_post_was_ever_published":false,"_jetpack_newsletter_access":"","_jetpack_dont_email_post_to_subs":false,"_jetpack_newsletter_tier_id":0,"_jetpack_memberships_contains_paywalled_content":false,"_jetpack_memberships_contains_paid_content":false,"footnotes":""},"categories":[1],"tags":[],"class_list":["post-5021","post","type-post","status-publish","format-standard","hentry","category-allgemein"],"jetpack_featured_media_url":"","jetpack_shortlink":"https:\/\/wp.me\/py5dN-1iZ","jetpack_sharing_enabled":true,"_links":{"self":[{"href":"https:\/\/www.berlin.freidenker.org\/index.php?rest_route=\/wp\/v2\/posts\/5021","targetHints":{"allow":["GET"]}}],"collection":[{"href":"https:\/\/www.berlin.freidenker.org\/index.php?rest_route=\/wp\/v2\/posts"}],"about":[{"href":"https:\/\/www.berlin.freidenker.org\/index.php?rest_route=\/wp\/v2\/types\/post"}],"author":[{"embeddable":true,"href":"https:\/\/www.berlin.freidenker.org\/index.php?rest_route=\/wp\/v2\/users\/4"}],"replies":[{"embeddable":true,"href":"https:\/\/www.berlin.freidenker.org\/index.php?rest_route=%2Fwp%2Fv2%2Fcomments&post=5021"}],"version-history":[{"count":3,"href":"https:\/\/www.berlin.freidenker.org\/index.php?rest_route=\/wp\/v2\/posts\/5021\/revisions"}],"predecessor-version":[{"id":5056,"href":"https:\/\/www.berlin.freidenker.org\/index.php?rest_route=\/wp\/v2\/posts\/5021\/revisions\/5056"}],"wp:attachment":[{"href":"https:\/\/www.berlin.freidenker.org\/index.php?rest_route=%2Fwp%2Fv2%2Fmedia&parent=5021"}],"wp:term":[{"taxonomy":"category","embeddable":true,"href":"https:\/\/www.berlin.freidenker.org\/index.php?rest_route=%2Fwp%2Fv2%2Fcategories&post=5021"},{"taxonomy":"post_tag","embeddable":true,"href":"https:\/\/www.berlin.freidenker.org\/index.php?rest_route=%2Fwp%2Fv2%2Ftags&post=5021"}],"curies":[{"name":"wp","href":"https:\/\/api.w.org\/{rel}","templated":true}]}}