{"id":5023,"date":"2019-02-01T12:46:52","date_gmt":"2019-02-01T10:46:52","guid":{"rendered":"https:\/\/www.berlin.freidenker.org\/?p=5023"},"modified":"2019-03-07T14:39:52","modified_gmt":"2019-03-07T12:39:52","slug":"gedenkfeier-75-jahrestag-der-ermordung-von-max-sievers","status":"publish","type":"post","link":"https:\/\/www.berlin.freidenker.org\/?p=5023","title":{"rendered":"Gedenkfeier: 75. Jahrestag der Ermordung von Max Sievers"},"content":{"rendered":"<div class=\"inner-wrap clearfix\">\n<div id=\"primary\">\n<div id=\"content\" class=\"clearfix\">\n<article id=\"post-5807\" class=\"post-5807 post type-post status-publish format-standard has-post-thumbnail hentry category-aktuelles category-weltliche-trauerkultur category-zentrale-veranstaltungen tag-faschismus tag-freidenker tag-gedenken tag-max-sievers\">\n<div><\/div>\n<div class=\"featured-image\"><img data-recalc-dims=\"1\" loading=\"lazy\" decoding=\"async\" class=\"alignnone size-full wp-image-5049\" src=\"https:\/\/i0.wp.com\/www.berlin.freidenker.org\/wp-content\/uploads\/2019\/02\/Ehrung_Sievers_2019_Gebinde.jpg?resize=500%2C278&#038;ssl=1\" alt=\"\" width=\"500\" height=\"278\" srcset=\"https:\/\/i0.wp.com\/www.berlin.freidenker.org\/wp-content\/uploads\/2019\/02\/Ehrung_Sievers_2019_Gebinde.jpg?w=500&amp;ssl=1 500w, https:\/\/i0.wp.com\/www.berlin.freidenker.org\/wp-content\/uploads\/2019\/02\/Ehrung_Sievers_2019_Gebinde.jpg?resize=300%2C167&amp;ssl=1 300w\" sizes=\"auto, (max-width: 500px) 100vw, 500px\" \/><\/div>\n<div class=\"article-content clearfix\">\n<div class=\"above-entry-meta\"><span class=\"cat-links\">\u00a0<\/span><\/div>\n<header class=\"entry-header\"><\/header>\n<div class=\"entry-content clearfix\">\n<p><strong>Am 17.01.2019 trafen sich Mitglieder und Freunde des Freidenkerverbandes auf dem Urnenfriedhof Berlin-Wedding, um des vor 75 Jahren ermordeten Vorsitzenden des Deutschen Freidenker-Verbandes zu gedenken.<\/strong><\/p>\n<p>Klaus Hartmann, Bundesvorsitzender des Verbandes, wies darauf hin, dass Verfolgung und antifaschistischer Widerstand der Freidenker die Identit\u00e4t des Verbandes bis heute und dauerhaft pr\u00e4gen: \u201cNie wieder Faschismus, nie wieder Krieg\u201d bleibt ein unverr\u00fcckbarer Grundsatz f\u00fcr das Handeln und das Selbstverst\u00e4ndnis des Freidenkerverbandes. Umso notwendiger ist es nach Hartmanns Worten, der heute verbreiteten Zerst\u00f6rung und Sinnentfremdung des Begriffs Antifaschismus entgegenzutreten, der zunehmend f\u00fcr Herrschaftskonformismus und die Bef\u00fcrwortung imperialistischer Krieg verf\u00e4lscht wird.<\/p>\n<p><img data-recalc-dims=\"1\" loading=\"lazy\" decoding=\"async\" class=\"alignnone size-full wp-image-5052\" src=\"https:\/\/i0.wp.com\/www.berlin.freidenker.org\/wp-content\/uploads\/2019\/02\/Ehrung_Sievers_2019_Grab.jpg?resize=500%2C667&#038;ssl=1\" alt=\"\" width=\"500\" height=\"667\" srcset=\"https:\/\/i0.wp.com\/www.berlin.freidenker.org\/wp-content\/uploads\/2019\/02\/Ehrung_Sievers_2019_Grab.jpg?w=500&amp;ssl=1 500w, https:\/\/i0.wp.com\/www.berlin.freidenker.org\/wp-content\/uploads\/2019\/02\/Ehrung_Sievers_2019_Grab.jpg?resize=225%2C300&amp;ssl=1 225w\" sizes=\"auto, (max-width: 500px) 100vw, 500px\" \/><\/p>\n<p>&nbsp;<\/p>\n<hr \/>\n<p>Fotos: Deutscher Freidenker-Verband<\/p>\n<\/div>\n<\/div>\n<\/article>\n<\/div>\n<\/div>\n<\/div>\n","protected":false},"excerpt":{"rendered":"<p>\u00a0 Am 17.01.2019 trafen sich Mitglieder und Freunde des Freidenkerverbandes auf dem Urnenfriedhof Berlin-Wedding, um des vor 75 Jahren ermordeten Vorsitzenden des Deutschen Freidenker-Verbandes zu gedenken. Klaus Hartmann, Bundesvorsitzender des Verbandes, wies darauf hin, dass Verfolgung und antifaschistischer Widerstand der Freidenker die Identit\u00e4t des Verbandes bis heute und dauerhaft pr\u00e4gen: \u201cNie wieder Faschismus, nie wieder [&hellip;]<\/p>\n","protected":false},"author":4,"featured_media":0,"comment_status":"open","ping_status":"closed","sticky":false,"template":"","format":"standard","meta":{"jetpack_post_was_ever_published":false,"_jetpack_newsletter_access":"","_jetpack_dont_email_post_to_subs":false,"_jetpack_newsletter_tier_id":0,"_jetpack_memberships_contains_paywalled_content":false,"_jetpack_memberships_contains_paid_content":false,"footnotes":""},"categories":[1],"tags":[],"class_list":["post-5023","post","type-post","status-publish","format-standard","hentry","category-allgemein"],"jetpack_featured_media_url":"","jetpack_shortlink":"https:\/\/wp.me\/py5dN-1j1","jetpack_sharing_enabled":true,"_links":{"self":[{"href":"https:\/\/www.berlin.freidenker.org\/index.php?rest_route=\/wp\/v2\/posts\/5023","targetHints":{"allow":["GET"]}}],"collection":[{"href":"https:\/\/www.berlin.freidenker.org\/index.php?rest_route=\/wp\/v2\/posts"}],"about":[{"href":"https:\/\/www.berlin.freidenker.org\/index.php?rest_route=\/wp\/v2\/types\/post"}],"author":[{"embeddable":true,"href":"https:\/\/www.berlin.freidenker.org\/index.php?rest_route=\/wp\/v2\/users\/4"}],"replies":[{"embeddable":true,"href":"https:\/\/www.berlin.freidenker.org\/index.php?rest_route=%2Fwp%2Fv2%2Fcomments&post=5023"}],"version-history":[{"count":6,"href":"https:\/\/www.berlin.freidenker.org\/index.php?rest_route=\/wp\/v2\/posts\/5023\/revisions"}],"predecessor-version":[{"id":5053,"href":"https:\/\/www.berlin.freidenker.org\/index.php?rest_route=\/wp\/v2\/posts\/5023\/revisions\/5053"}],"wp:attachment":[{"href":"https:\/\/www.berlin.freidenker.org\/index.php?rest_route=%2Fwp%2Fv2%2Fmedia&parent=5023"}],"wp:term":[{"taxonomy":"category","embeddable":true,"href":"https:\/\/www.berlin.freidenker.org\/index.php?rest_route=%2Fwp%2Fv2%2Fcategories&post=5023"},{"taxonomy":"post_tag","embeddable":true,"href":"https:\/\/www.berlin.freidenker.org\/index.php?rest_route=%2Fwp%2Fv2%2Ftags&post=5023"}],"curies":[{"name":"wp","href":"https:\/\/api.w.org\/{rel}","templated":true}]}}