{"id":5041,"date":"2019-03-05T13:45:55","date_gmt":"2019-03-05T11:45:55","guid":{"rendered":"https:\/\/www.berlin.freidenker.org\/?p=5041"},"modified":"2019-03-05T13:45:55","modified_gmt":"2019-03-05T11:45:55","slug":"keine-pro-faschistische-propaganda-im-namen-maxim-gorkis","status":"publish","type":"post","link":"https:\/\/www.berlin.freidenker.org\/?p=5041","title":{"rendered":"Keine pro-faschistische Propaganda im Namen Maxim Gorkis!"},"content":{"rendered":"<p>Das Maxim-Gorki-Theater sch\u00e4ndet den Namen des gro\u00dfen russischen humanistischen und revolution\u00e4ren Dichters Gorki, indem dort ein Propagandast\u00fcck f\u00fcr den ukrainischen Faschisten Bandera aufgef\u00fchrt wird:<br \/>\n<a href=\"https:\/\/gorki.de\/de\/bandera\" target=\"_blank\" rel=\"noopener\">https:\/\/gorki.de\/de\/bandera<\/a><br \/>\nAnk\u00fcndigungstext: \u201eWer war Stepan Bandera? In der Ukraine kennen alle seinen Namen. Im russisch-ukrainischen Krieg wird der Mythos um den Partisanenfu\u0308hrer wiederbelebt \u2013 und zwar von beiden Seiten. W\u00e4hrend ihn das russische Fernsehen als eine Art ukrainischen Hitler zeichnet, wird er in der Ukraine als Nationalheld gefeiert und auf Briefmarken abgebildet. Yuriy Gurzhy und Marina Frenk zeigen die Ergebnisse ihrer Recherche in Form einer HipHopera.&#8220;<\/p>\n<p>Man mu\u00df das \u201eTheaterst\u00fcck&#8220; nicht erst sehen, um zu wissen, dass es sich in die lange Reihe offener Versuche einordnet, die Ergebnisse des Sieges \u00fcber den Hitlerfaschismus r\u00fcckg\u00e4ngig zu machen. Der kurze Ank\u00fcndigungstext sagt bereits alles: Der Krieg der faschistendurchsetzten ukrainischen Putsch-Junta und ihrer Nazi-Verb\u00e4nde gegen das eigene Volk wird dort als \u201erussisch-ukrainischer Krieg&#8220; bezeichnet. Das ist bereits die Propagandasprache der ukrainischen Faschisten und ihrer Freunde \u2013 nicht zuletzt in der gr\u00fcnen Partei und ihrer Heinrich-B\u00f6ll-Stiftung, gest\u00fctzt von NATO und EU und ihren Hauptm\u00e4chten. Ferner wird dort suggeriert, der Zusammenhang Bandera-Hitlerfaschismus sei ein \u201eMythos&#8220; (des russischen Fernsehens&#8230;). Es ist handfestes Geschichtswissen, dass es sich bei den Banderisten und ihren heutigen Nachfolgern um Faschisten und Nazi-Kollaborateure handelt. Wer das ins Reich der \u201eMythen&#8220; einordnet, betreibt Relativierung bis zur Beliebigkeit, um dem antifaschistischen Kampf den Boden zu entziehen.<br \/>\nJeder\u00a0Protest\u00a0an\u00a0die\u00a0Adresse\u00a0des\u00a0Gorki-Theaters\u00a0ist\u00a0angemessen!<\/p>\n","protected":false},"excerpt":{"rendered":"<p>Das Maxim-Gorki-Theater sch\u00e4ndet den Namen des gro\u00dfen russischen humanistischen und revolution\u00e4ren Dichters Gorki, indem dort ein Propagandast\u00fcck f\u00fcr den ukrainischen Faschisten Bandera aufgef\u00fchrt wird: https:\/\/gorki.de\/de\/bandera Ank\u00fcndigungstext: \u201eWer war Stepan Bandera? In der Ukraine kennen alle seinen Namen. Im russisch-ukrainischen Krieg wird der Mythos um den Partisanenfu\u0308hrer wiederbelebt \u2013 und zwar von beiden Seiten. W\u00e4hrend ihn [&hellip;]<\/p>\n","protected":false},"author":4,"featured_media":0,"comment_status":"open","ping_status":"closed","sticky":false,"template":"","format":"standard","meta":{"jetpack_post_was_ever_published":false,"_jetpack_newsletter_access":"","_jetpack_dont_email_post_to_subs":false,"_jetpack_newsletter_tier_id":0,"_jetpack_memberships_contains_paywalled_content":false,"_jetpack_memberships_contains_paid_content":false,"footnotes":""},"categories":[1],"tags":[],"class_list":["post-5041","post","type-post","status-publish","format-standard","hentry","category-allgemein"],"jetpack_featured_media_url":"","jetpack_shortlink":"https:\/\/wp.me\/py5dN-1jj","jetpack_sharing_enabled":true,"_links":{"self":[{"href":"https:\/\/www.berlin.freidenker.org\/index.php?rest_route=\/wp\/v2\/posts\/5041","targetHints":{"allow":["GET"]}}],"collection":[{"href":"https:\/\/www.berlin.freidenker.org\/index.php?rest_route=\/wp\/v2\/posts"}],"about":[{"href":"https:\/\/www.berlin.freidenker.org\/index.php?rest_route=\/wp\/v2\/types\/post"}],"author":[{"embeddable":true,"href":"https:\/\/www.berlin.freidenker.org\/index.php?rest_route=\/wp\/v2\/users\/4"}],"replies":[{"embeddable":true,"href":"https:\/\/www.berlin.freidenker.org\/index.php?rest_route=%2Fwp%2Fv2%2Fcomments&post=5041"}],"version-history":[{"count":1,"href":"https:\/\/www.berlin.freidenker.org\/index.php?rest_route=\/wp\/v2\/posts\/5041\/revisions"}],"predecessor-version":[{"id":5042,"href":"https:\/\/www.berlin.freidenker.org\/index.php?rest_route=\/wp\/v2\/posts\/5041\/revisions\/5042"}],"wp:attachment":[{"href":"https:\/\/www.berlin.freidenker.org\/index.php?rest_route=%2Fwp%2Fv2%2Fmedia&parent=5041"}],"wp:term":[{"taxonomy":"category","embeddable":true,"href":"https:\/\/www.berlin.freidenker.org\/index.php?rest_route=%2Fwp%2Fv2%2Fcategories&post=5041"},{"taxonomy":"post_tag","embeddable":true,"href":"https:\/\/www.berlin.freidenker.org\/index.php?rest_route=%2Fwp%2Fv2%2Ftags&post=5041"}],"curies":[{"name":"wp","href":"https:\/\/api.w.org\/{rel}","templated":true}]}}