{"id":5067,"date":"2019-03-09T16:45:19","date_gmt":"2019-03-09T14:45:19","guid":{"rendered":"https:\/\/www.berlin.freidenker.org\/?p=5067"},"modified":"2019-03-09T16:45:19","modified_gmt":"2019-03-09T14:45:19","slug":"atomwaffen-abschaffen-alle-auf-einmal-und-wie","status":"publish","type":"post","link":"https:\/\/www.berlin.freidenker.org\/?p=5067","title":{"rendered":"Atomwaffen\u00a0abschaffen\u00a0&#8211;\u00a0alle\u00a0auf\u00a0einmal?\u00a0&#8211;\u00a0und\u00a0wie?"},"content":{"rendered":"<p>Wir laden herzlich ein zu unserer n\u00e4chsten Runde \u00a0\u201eFreidenker im Gespr\u00e4ch&#8220;:<br \/>\nAtomwaffen\u00a0abschaffen\u00a0&#8211;\u00a0alle\u00a0auf\u00a0einmal?\u00a0&#8211;\u00a0und\u00a0wie?<\/p>\n<p><strong>Wann:\u00a0Mittwoch,\u00a013.\u00a0M\u00e4rz\u00a02019,\u00a018\u00a0Uhr<\/strong><br \/>\n<strong>Wo:\u00a0Kieztreff\u00a0Wedding,\u00a0Stralsunder\u00a0Stra\u00dfe\u00a06<\/strong><br \/>\n<strong>13355\u00a0Berlin<\/strong><\/p>\n<p>Wir\u00a0freuen\u00a0uns,\u00a0Doris\u00a0Pumphrey\u00a0als\u00a0Referentin\u00a0zu\u00a0begr\u00fc\u00dfen!<\/p>\n<p>Vor einem Jahr dachten wir mit der Genossin Erika Baum dar\u00fcber nach, was die Hauptwiderspr\u00fcche in der gegenw\u00e4rtigen Weltlage sind und welche Schritte daraus folgen, um die Kr\u00e4fte des Fortschritts gegen die der Reaktion zu st\u00e4rken. Diese Frage, nach dem Ziel und den notwendigen Schritten dorthin, betrifft immer wieder neu einen Schwerpunkt unserer Arbeit, den wir in unserer Berliner Erkl\u00e4rung 1994 beschlossen: den Kampf f\u00fcr den Frieden, gegen imperialistischen Krieg.<\/p>\n<p>Das Ziel scheint allen klar: Friede auf Erden (Immanuel Kant). Aber welches sind die notwendigen Schritte dorthin \u2013 in einer Welt, in der angegriffene L\u00e4nder im Fadenkreuz des Imperialismus auf hochentwickelte Waffensysteme angewiesen sind, um ihre staatliche Existenz zu sichern? Diese Themen werden umso dr\u00e4ngender, nachdem die USA den INF-Vertrag aufk\u00fcndigten.<br \/>\nWir wollen der Frage konkret anhand der Forderung nach einem allgemeinen Atomwaffenverbot nachgehen. Und wir wollen herausfinden, welche die unabdingbaren Forderungen an die deutsche Regierung sein m\u00fc\u00dften.<br \/>\nIm Juli 2017 hat sich eine Mehrheit der Mitgliedstaaten der Vereinten Nationen f\u00fcr das Verbot von Kernwaffen ausgesprochen. Die International Campaign to Abolish Nuclear Weapons (ICAN) hatte den Atomwaffenverbotsvertrag auf den Weg gebracht und daf\u00fcr 2017 den Friedensnobelpreis erhalten. 60 Staaten haben den Vertrag inzwischen formell unterzeichnet. 50 Staaten m\u00fcssen ihn ratifizieren damit er in Kraft treten kann \u2013 doch erst 14 nationale Parlamente haben dies getan. Darunter ist kein Atomwaffenstaat, auch Deutschland fehlt, auf dessen Territorium bekanntlich US-Atomwaffen lagern und von hier aus gestartet werden k\u00f6nnen.<br \/>\nVerhandlungen zwischen den gro\u00dfen Atomwaffenstaaten mit dem Ziel der nuklearen R\u00fcstungsbegrenzung und der Abr\u00fcstung leiden unter den sich zuspitzenden politischen Spannungen. Kann die am weitesten gehende Forderung \u2013 das Verbot von Atomwaffen \u2013 Bewegung in die festgefahrene Situation bringen? Kann unter den gegenw\u00e4rtigen internationalen Bedingungen eine Kampagne zur \u00c4chtung der Atomwaffen mehr sein als nur ein moralisches Bekenntnis?<\/p>\n<p>Doris Pumphrey wird die Geschichte der Atomwaffenentwicklung betrachten wie auch den Zusammenhang zwischen Atomwaffen und konventioneller Bewaffnung und die Frage nach den Gr\u00fcnden f\u00fcr die Konflikte sowie nach den daf\u00fcr Verantwortlichkeiten stellen. Warum fehlt es heute an jenen vertrauensbildenden Ma\u00dfnahmen, die sich w\u00e4hrend des Kalten Krieges bew\u00e4hrt haben? Und schlie\u00dflich: Welchen Beitrag kann die Friedensbewegung hierzulande leisten, um einer Welt ohne Atomwaffen n\u00e4her zu kommen.<\/p>\n","protected":false},"excerpt":{"rendered":"<p>Wir laden herzlich ein zu unserer n\u00e4chsten Runde \u00a0\u201eFreidenker im Gespr\u00e4ch&#8220;: Atomwaffen\u00a0abschaffen\u00a0&#8211;\u00a0alle\u00a0auf\u00a0einmal?\u00a0&#8211;\u00a0und\u00a0wie? Wann:\u00a0Mittwoch,\u00a013.\u00a0M\u00e4rz\u00a02019,\u00a018\u00a0Uhr Wo:\u00a0Kieztreff\u00a0Wedding,\u00a0Stralsunder\u00a0Stra\u00dfe\u00a06 13355\u00a0Berlin Wir\u00a0freuen\u00a0uns,\u00a0Doris\u00a0Pumphrey\u00a0als\u00a0Referentin\u00a0zu\u00a0begr\u00fc\u00dfen! Vor einem Jahr dachten wir mit der Genossin Erika Baum dar\u00fcber nach, was die Hauptwiderspr\u00fcche in der gegenw\u00e4rtigen Weltlage sind und welche Schritte daraus folgen, um die Kr\u00e4fte des Fortschritts gegen die der Reaktion zu st\u00e4rken. Diese Frage, nach [&hellip;]<\/p>\n","protected":false},"author":4,"featured_media":0,"comment_status":"open","ping_status":"closed","sticky":false,"template":"","format":"standard","meta":{"jetpack_post_was_ever_published":false,"_jetpack_newsletter_access":"","_jetpack_dont_email_post_to_subs":false,"_jetpack_newsletter_tier_id":0,"_jetpack_memberships_contains_paywalled_content":false,"_jetpack_memberships_contains_paid_content":false,"footnotes":""},"categories":[1],"tags":[],"class_list":["post-5067","post","type-post","status-publish","format-standard","hentry","category-allgemein"],"jetpack_featured_media_url":"","jetpack_shortlink":"https:\/\/wp.me\/py5dN-1jJ","jetpack_sharing_enabled":true,"_links":{"self":[{"href":"https:\/\/www.berlin.freidenker.org\/index.php?rest_route=\/wp\/v2\/posts\/5067","targetHints":{"allow":["GET"]}}],"collection":[{"href":"https:\/\/www.berlin.freidenker.org\/index.php?rest_route=\/wp\/v2\/posts"}],"about":[{"href":"https:\/\/www.berlin.freidenker.org\/index.php?rest_route=\/wp\/v2\/types\/post"}],"author":[{"embeddable":true,"href":"https:\/\/www.berlin.freidenker.org\/index.php?rest_route=\/wp\/v2\/users\/4"}],"replies":[{"embeddable":true,"href":"https:\/\/www.berlin.freidenker.org\/index.php?rest_route=%2Fwp%2Fv2%2Fcomments&post=5067"}],"version-history":[{"count":1,"href":"https:\/\/www.berlin.freidenker.org\/index.php?rest_route=\/wp\/v2\/posts\/5067\/revisions"}],"predecessor-version":[{"id":5068,"href":"https:\/\/www.berlin.freidenker.org\/index.php?rest_route=\/wp\/v2\/posts\/5067\/revisions\/5068"}],"wp:attachment":[{"href":"https:\/\/www.berlin.freidenker.org\/index.php?rest_route=%2Fwp%2Fv2%2Fmedia&parent=5067"}],"wp:term":[{"taxonomy":"category","embeddable":true,"href":"https:\/\/www.berlin.freidenker.org\/index.php?rest_route=%2Fwp%2Fv2%2Fcategories&post=5067"},{"taxonomy":"post_tag","embeddable":true,"href":"https:\/\/www.berlin.freidenker.org\/index.php?rest_route=%2Fwp%2Fv2%2Ftags&post=5067"}],"curies":[{"name":"wp","href":"https:\/\/api.w.org\/{rel}","templated":true}]}}