{"id":5080,"date":"2019-03-19T12:11:18","date_gmt":"2019-03-19T10:11:18","guid":{"rendered":"https:\/\/www.berlin.freidenker.org\/?p=5080"},"modified":"2019-03-20T15:18:50","modified_gmt":"2019-03-20T13:18:50","slug":"5080","status":"publish","type":"post","link":"https:\/\/www.berlin.freidenker.org\/?p=5080","title":{"rendered":"H\u00e4nde weg von Venezuela!"},"content":{"rendered":"<p><big><\/big><big><\/big><big><\/big><big><\/big><big><\/big><big><\/big><big><\/big><big><\/big><big><\/big><big><\/big><big><\/big><big><small><big><\/big><big><img data-recalc-dims=\"1\" decoding=\"async\" src=\"https:\/\/i0.wp.com\/haendewegvonvenezuela.net\/im1\/PariserPlatzweb.jpg\" alt=\"\" \/><br \/>\n<\/big><\/small><\/big><big><\/big><big><\/big><big><\/big><big><\/big><big><\/big><big><\/big><big><\/big><big><\/big><big><\/big><big><\/big><big><\/big><big><\/big><big><\/big><big><\/big><big><\/big><big><\/big><big><\/big><big><\/big><big><\/big><big><\/big><big><\/big><big><\/big><big><\/big><big><small><big><small><big><small><\/small><\/big><\/small><\/big><\/small><\/big><big><\/big><big><\/big><big><\/big><big><\/big><big><\/big><big><\/big><big><\/big><big><\/big><big><\/big><big><\/big><big><\/big><big><small><big><small><big><small><br \/>\n<\/small><\/big><\/small><\/big><\/small><\/big><big><small><big><small><big><small><big>N\u00e4chste Kundgebung in Berlin<br \/>\nam 23. M\u00e4rz <\/big><\/small><\/big><\/small><\/big><\/small><\/big><big><\/big><big><\/big><big><\/big><big><\/big><big><\/big><big><\/big><big><\/big><big><\/big><big><\/big><big><\/big><big><\/big><big><small><big><small><big><small><\/small><small><big>ab 14 Uhr<br \/>\n<\/big><\/small><\/big><\/small><\/big><\/small><\/big><\/p>\n<p><big><\/big><big><\/big><big><\/big><big><\/big><big><\/big><big><\/big><big><\/big><big><\/big><big><\/big><big><\/big><big><small><big><small><big><small><\/small><small><big>&#8222;H\u00e4nde weg von Venezuela&#8220;<\/big><\/small><\/big><\/small><\/big><\/small><\/big><\/p>\n","protected":false},"excerpt":{"rendered":"<p>N\u00e4chste Kundgebung in Berlin am 23. M\u00e4rz ab 14 Uhr &#8222;H\u00e4nde weg von Venezuela&#8220;<\/p>\n","protected":false},"author":4,"featured_media":0,"comment_status":"closed","ping_status":"closed","sticky":false,"template":"","format":"standard","meta":{"jetpack_post_was_ever_published":false,"_jetpack_newsletter_access":"","_jetpack_dont_email_post_to_subs":false,"_jetpack_newsletter_tier_id":0,"_jetpack_memberships_contains_paywalled_content":false,"_jetpack_memberships_contains_paid_content":false,"footnotes":""},"categories":[1],"tags":[],"class_list":["post-5080","post","type-post","status-publish","format-standard","hentry","category-allgemein"],"jetpack_featured_media_url":"","jetpack_shortlink":"https:\/\/wp.me\/sy5dN-5080","jetpack_sharing_enabled":true,"_links":{"self":[{"href":"https:\/\/www.berlin.freidenker.org\/index.php?rest_route=\/wp\/v2\/posts\/5080","targetHints":{"allow":["GET"]}}],"collection":[{"href":"https:\/\/www.berlin.freidenker.org\/index.php?rest_route=\/wp\/v2\/posts"}],"about":[{"href":"https:\/\/www.berlin.freidenker.org\/index.php?rest_route=\/wp\/v2\/types\/post"}],"author":[{"embeddable":true,"href":"https:\/\/www.berlin.freidenker.org\/index.php?rest_route=\/wp\/v2\/users\/4"}],"replies":[{"embeddable":true,"href":"https:\/\/www.berlin.freidenker.org\/index.php?rest_route=%2Fwp%2Fv2%2Fcomments&post=5080"}],"version-history":[{"count":2,"href":"https:\/\/www.berlin.freidenker.org\/index.php?rest_route=\/wp\/v2\/posts\/5080\/revisions"}],"predecessor-version":[{"id":5097,"href":"https:\/\/www.berlin.freidenker.org\/index.php?rest_route=\/wp\/v2\/posts\/5080\/revisions\/5097"}],"wp:attachment":[{"href":"https:\/\/www.berlin.freidenker.org\/index.php?rest_route=%2Fwp%2Fv2%2Fmedia&parent=5080"}],"wp:term":[{"taxonomy":"category","embeddable":true,"href":"https:\/\/www.berlin.freidenker.org\/index.php?rest_route=%2Fwp%2Fv2%2Fcategories&post=5080"},{"taxonomy":"post_tag","embeddable":true,"href":"https:\/\/www.berlin.freidenker.org\/index.php?rest_route=%2Fwp%2Fv2%2Ftags&post=5080"}],"curies":[{"name":"wp","href":"https:\/\/api.w.org\/{rel}","templated":true}]}}