{"id":5085,"date":"2019-03-19T13:24:56","date_gmt":"2019-03-19T11:24:56","guid":{"rendered":"https:\/\/www.berlin.freidenker.org\/?p=5085"},"modified":"2019-03-20T15:15:31","modified_gmt":"2019-03-20T13:15:31","slug":"5085","status":"publish","type":"post","link":"https:\/\/www.berlin.freidenker.org\/?p=5085","title":{"rendered":"Jugoslawien und Jemen"},"content":{"rendered":"<h2>25.03.2019 in Berlin &#8211; Sonder-Mahnwache f\u00fcr den Frieden<\/h2>\n<h2>Berliner Mahnwachen f\u00fcr den ersten Weltfrieden<\/h2>\n<p>25.03.2019\u00a0(Montag)<\/p>\n<p>18:00 bis 20:00 Uhr<\/p>\n<p>Pariser Platz<\/p>\n<p>Unter den Linden<\/p>\n<p>10117 Berlin<\/p>\n<p>(zwischen den Botschaften der USA und Frankreich)<\/p>\n<p>Pariser Platz in Berlin &#8211; Treffpunkt Veranstaltung<\/p>\n<p>Die <strong>Berliner Mahnwachen f\u00fcr den ersten Weltfrieden<\/strong>\u00a0und die <strong>Friedensinitiative Stop the WAR in Yemen<\/strong>,\u00a0laden zu einer Sondermahnwache <strong>am 25.03.<\/strong>\u00a0ein, um \u00fcber die aktuelle Situation in Jugoslawien und im Jemen zu informieren.<\/p>\n<p><strong>24.03.1999 \u2013 20. Jahrestag Krieg in Jugoslawien<\/strong><\/p>\n<p>Vor genau 20 Jahren, am 24. M\u00e4rz 1999, begann der v\u00f6lkerrechtswidrige Krieg der US-gef\u00fchrten NATO-Operation &#8211; inkl. Deutschland, &#8222;Barmherziger Engel&#8220; gegen den souver\u00e4nen Staat Jugoslawien, welcher zur Zerschlagung des neutralen Vielv\u00f6lkerstaat von Josip Broz Tito \u2013 dem einstigen legend\u00e4ren Partisanenf\u00fchrer gegen Hitler-Deutschland, f\u00fchrte.<\/p>\n<p><strong>26.03.2015\u00a0<\/strong>\u2013\u00a0<strong>4. Jahrestag Beginn des Krieges im Jemen<\/strong><\/p>\n<p>Vor genau 4 Jahren, am 26.03.2015, griff Saudi-Arabien in den innerjemenitischen Machtkampf zwischen den Houthi-Rebellen und dem zur\u00fcckgetretenen Pr\u00e4sidenten Mansur Hadi ein. Zusammen mit Luftwaffeneinheiten aus den Golfstaaten Marokko und dem Sudan, griff die saudische Luftwaffe in der Nacht v\u00f6lkerrechtswidrig Stellungen der Houthi-Rebellen in Sanaa an. Ein Krieg, der bis heute &#8211; auch\u00a0mittels\u00a0Drohnen von Ramstein aus, Bomben, Flugzeugen, Panzer, Kriegsschiffen und Gewehren aus deutscher Produktion, tagt\u00e4glich das Leben unschuldiger Jemeniten fordert.<\/p>\n<p><strong>Als Gastredner stehen u. a. fest:<\/strong><\/p>\n<ul>\n<li>Mathias Tretschog &#8211; Gr\u00fcnder der Friedensinitiative Stop the WAR in Yemen. Anhand\u00a0seiner mobilen Wanderausstellung &#8222;Krieg im Jemen 2018&#8220;, informiert Mathias Tretschog \u00fcber die aktuelle Lage im Jemen und nennt Ursachen, Verursacher und Mitt\u00e4ter beim Namen.<\/li>\n<li>Saif Alwashali aus dem Jemen<\/li>\n<li>Klaus Linder &#8211; Deutscher Freidenker Verband zu\u00a020 Jahre nach dem NATO-\u00dcberfall auf Jugoslawien<\/li>\n<\/ul>\n","protected":false},"excerpt":{"rendered":"<p>25.03.2019 in Berlin &#8211; Sonder-Mahnwache f\u00fcr den Frieden Berliner Mahnwachen f\u00fcr den ersten Weltfrieden 25.03.2019\u00a0(Montag) 18:00 bis 20:00 Uhr Pariser Platz Unter den Linden 10117 Berlin (zwischen den Botschaften der USA und Frankreich) Pariser Platz in Berlin &#8211; Treffpunkt Veranstaltung Die Berliner Mahnwachen f\u00fcr den ersten Weltfrieden\u00a0und die Friedensinitiative Stop the WAR in Yemen,\u00a0laden zu [&hellip;]<\/p>\n","protected":false},"author":4,"featured_media":0,"comment_status":"closed","ping_status":"closed","sticky":false,"template":"","format":"standard","meta":{"jetpack_post_was_ever_published":false,"_jetpack_newsletter_access":"","_jetpack_dont_email_post_to_subs":false,"_jetpack_newsletter_tier_id":0,"_jetpack_memberships_contains_paywalled_content":false,"_jetpack_memberships_contains_paid_content":false,"footnotes":""},"categories":[1],"tags":[],"class_list":["post-5085","post","type-post","status-publish","format-standard","hentry","category-allgemein"],"jetpack_featured_media_url":"","jetpack_shortlink":"https:\/\/wp.me\/sy5dN-5085","jetpack_sharing_enabled":true,"_links":{"self":[{"href":"https:\/\/www.berlin.freidenker.org\/index.php?rest_route=\/wp\/v2\/posts\/5085","targetHints":{"allow":["GET"]}}],"collection":[{"href":"https:\/\/www.berlin.freidenker.org\/index.php?rest_route=\/wp\/v2\/posts"}],"about":[{"href":"https:\/\/www.berlin.freidenker.org\/index.php?rest_route=\/wp\/v2\/types\/post"}],"author":[{"embeddable":true,"href":"https:\/\/www.berlin.freidenker.org\/index.php?rest_route=\/wp\/v2\/users\/4"}],"replies":[{"embeddable":true,"href":"https:\/\/www.berlin.freidenker.org\/index.php?rest_route=%2Fwp%2Fv2%2Fcomments&post=5085"}],"version-history":[{"count":2,"href":"https:\/\/www.berlin.freidenker.org\/index.php?rest_route=\/wp\/v2\/posts\/5085\/revisions"}],"predecessor-version":[{"id":5093,"href":"https:\/\/www.berlin.freidenker.org\/index.php?rest_route=\/wp\/v2\/posts\/5085\/revisions\/5093"}],"wp:attachment":[{"href":"https:\/\/www.berlin.freidenker.org\/index.php?rest_route=%2Fwp%2Fv2%2Fmedia&parent=5085"}],"wp:term":[{"taxonomy":"category","embeddable":true,"href":"https:\/\/www.berlin.freidenker.org\/index.php?rest_route=%2Fwp%2Fv2%2Fcategories&post=5085"},{"taxonomy":"post_tag","embeddable":true,"href":"https:\/\/www.berlin.freidenker.org\/index.php?rest_route=%2Fwp%2Fv2%2Ftags&post=5085"}],"curies":[{"name":"wp","href":"https:\/\/api.w.org\/{rel}","templated":true}]}}