{"id":5087,"date":"2019-03-19T13:57:43","date_gmt":"2019-03-19T11:57:43","guid":{"rendered":"https:\/\/www.berlin.freidenker.org\/?p=5087"},"modified":"2019-03-20T15:14:24","modified_gmt":"2019-03-20T13:14:24","slug":"ein-ungesuehntes-verbrechen-20-jahre-nato-aggression-gegen-jugoslawien","status":"publish","type":"post","link":"https:\/\/www.berlin.freidenker.org\/?p=5087","title":{"rendered":"Ein unges\u00fchntes Verbrechen &#8211; 20 Jahre NATO-Aggression gegen Jugoslawien"},"content":{"rendered":"<p><span style=\"font-family: Helvetica, Arial, sans-serif;\"><span style=\"font-size: medium;\">Die Berliner Freidenker rufen zu den untenstehenden Mahnwachen anl\u00e4\u00dflich des 20. Jahrestags der Bombardierung von Belgrad auf &#8211; <\/span><\/span><\/p>\n<p><span style=\"font-family: Helvetica, Arial, sans-serif;\"><span style=\"font-size: medium;\">am 24.M\u00e4rz 2019 um 13 Uhr findet eine \u201eMahnwache zum Gedenken an den v\u00f6lkerrechtswidrigen Angriff auf Serbien&#8220; statt.<br \/>\nOrt:\u00a0Neue\u00a0Wache,\u00a0Unter\u00a0den\u00a0Linden\u00a04<\/span><\/span><\/p>\n<p><span style=\"font-family: Helvetica, Arial, sans-serif;\"><span style=\"font-size: medium;\">am 25. M\u00e4rz 2019 (Montag) von 18 bis 20 Uhr<\/span><\/span><\/p>\n<p><span style=\"font-family: Helvetica, Arial, sans-serif;\"><span style=\"font-size: medium;\">findet eine Mahnwache zum Gedenken an Jugoslawien und den Krieg im Jemen statt<br \/>\nOrt: Pariser Platz<br \/>\nUnter\u00a0den\u00a0Linden<br \/>\n10117\u00a0Berlin<br \/>\n(zwischen\u00a0den\u00a0Botschaften\u00a0der\u00a0USA\u00a0und\u00a0Frankreich)<\/span><\/span><\/p>\n","protected":false},"excerpt":{"rendered":"<p>Die Berliner Freidenker rufen zu den untenstehenden Mahnwachen anl\u00e4\u00dflich des 20. Jahrestags der Bombardierung von Belgrad auf &#8211; am 24.M\u00e4rz 2019 um 13 Uhr findet eine \u201eMahnwache zum Gedenken an den v\u00f6lkerrechtswidrigen Angriff auf Serbien&#8220; statt. Ort:\u00a0Neue\u00a0Wache,\u00a0Unter\u00a0den\u00a0Linden\u00a04 am 25. M\u00e4rz 2019 (Montag) von 18 bis 20 Uhr findet eine Mahnwache zum Gedenken an Jugoslawien und [&hellip;]<\/p>\n","protected":false},"author":4,"featured_media":0,"comment_status":"closed","ping_status":"closed","sticky":false,"template":"","format":"standard","meta":{"jetpack_post_was_ever_published":false,"_jetpack_newsletter_access":"","_jetpack_dont_email_post_to_subs":false,"_jetpack_newsletter_tier_id":0,"_jetpack_memberships_contains_paywalled_content":false,"_jetpack_memberships_contains_paid_content":false,"footnotes":""},"categories":[1],"tags":[],"class_list":["post-5087","post","type-post","status-publish","format-standard","hentry","category-allgemein"],"jetpack_featured_media_url":"","jetpack_shortlink":"https:\/\/wp.me\/py5dN-1k3","jetpack_sharing_enabled":true,"_links":{"self":[{"href":"https:\/\/www.berlin.freidenker.org\/index.php?rest_route=\/wp\/v2\/posts\/5087","targetHints":{"allow":["GET"]}}],"collection":[{"href":"https:\/\/www.berlin.freidenker.org\/index.php?rest_route=\/wp\/v2\/posts"}],"about":[{"href":"https:\/\/www.berlin.freidenker.org\/index.php?rest_route=\/wp\/v2\/types\/post"}],"author":[{"embeddable":true,"href":"https:\/\/www.berlin.freidenker.org\/index.php?rest_route=\/wp\/v2\/users\/4"}],"replies":[{"embeddable":true,"href":"https:\/\/www.berlin.freidenker.org\/index.php?rest_route=%2Fwp%2Fv2%2Fcomments&post=5087"}],"version-history":[{"count":5,"href":"https:\/\/www.berlin.freidenker.org\/index.php?rest_route=\/wp\/v2\/posts\/5087\/revisions"}],"predecessor-version":[{"id":5092,"href":"https:\/\/www.berlin.freidenker.org\/index.php?rest_route=\/wp\/v2\/posts\/5087\/revisions\/5092"}],"wp:attachment":[{"href":"https:\/\/www.berlin.freidenker.org\/index.php?rest_route=%2Fwp%2Fv2%2Fmedia&parent=5087"}],"wp:term":[{"taxonomy":"category","embeddable":true,"href":"https:\/\/www.berlin.freidenker.org\/index.php?rest_route=%2Fwp%2Fv2%2Fcategories&post=5087"},{"taxonomy":"post_tag","embeddable":true,"href":"https:\/\/www.berlin.freidenker.org\/index.php?rest_route=%2Fwp%2Fv2%2Ftags&post=5087"}],"curies":[{"name":"wp","href":"https:\/\/api.w.org\/{rel}","templated":true}]}}