{"id":5100,"date":"2019-03-29T15:04:37","date_gmt":"2019-03-29T13:04:37","guid":{"rendered":"https:\/\/www.berlin.freidenker.org\/?p=5100"},"modified":"2019-03-29T15:04:37","modified_gmt":"2019-03-29T13:04:37","slug":"heraus-zum-berliner-ostermarsch","status":"publish","type":"post","link":"https:\/\/www.berlin.freidenker.org\/?p=5100","title":{"rendered":"Heraus zum Berliner Ostermarsch!"},"content":{"rendered":"<p>Die Berliner Freidenker rufen auf, sich an den diesj\u00e4hrigen Osterm\u00e4rschen zu beteiligen.<\/p>\n<p>Gegen Vereinzelung und Zersplitterung &#8211; protestieren wir gemeinsam gegen die Kriegspolitik und die Kriege der NATO, der EU und der Bundesregierung!<\/p>\n<p>Hier der Aufruf:<\/p>\n<p><span style=\"font-size: x-large;\"><b>Abr\u00fcsten statt Aufr\u00fcsten<br \/>\n<\/b><\/span><span style=\"font-size: x-large;\"><b>Die Welt braucht Frieden statt Kriegsb\u00fcndnisse<\/b><\/span><\/p>\n<p><span style=\"font-size: x-large;\"><b>Auf zum Ostermarsch 2019 in Berlin!<\/b><\/span><\/p>\n<p><b>Vor 70 Jahren<\/b>, im April 1949, nur vier Jahre nach Ende des 2. Weltkriegs, wurde die NATO gegr\u00fcndet. Dieser milit\u00e4rische Zusammenschluss unter der Vorherrschaft der USA war die treibende Kraft im Kalten Krieg. Die Sowjetunion machte mehrere vergebliche Vorschl\u00e4ge f\u00fcr die Schaffung eines kollektiven Sicherheitssystems in Europa. Als im Mai 1955 die Bundesrepublik in die NATO aufgenommen wurde, antwortete die Sowjetunion mit der Gr\u00fcndung des Warschauer Vertrages. Er wurde 1991 aufgel\u00f6st. Die NATO blieb.<\/p>\n<p><b>Vor<\/b><b> 20 Jahren,<\/b> im M\u00e4rz 1999, begann die NATO ihren v\u00f6lkerrechtswidrigen Angriff gegen Jugoslawien. Der deutsche Au\u00dfenminister erkl\u00e4rte, die Bombardierung Belgrads geschehe \u201ewegen Auschwitz\u201c. Es war eine Verh\u00f6hnung der Opfer des deutschen Faschismus und ein T\u00fcr\u00f6ffner f\u00fcr deutsche Kriegseins\u00e4tze. Der Krieg war ein Meilenstein f\u00fcr die NATO. Sie offenbarte sich nun als ein weltweit operierendes Angriffsb\u00fcndnis.<\/p>\n<p><b>Seit 2001<\/b> haben die USA und ihre NATO-Verb\u00fcndeten mit ihrem \u201eKrieg gegen den Terror\u201c den Terror in die Welt getragen, massenweise Tod und Zerst\u00f6rung gebracht und enorme Fl\u00fcchtlingsstr\u00f6me ausgel\u00f6st.<i> <\/i>Heute steht die Welt vor den Scherben dieser v\u00f6lkerrechtswidrigen Politik, Regierungen anderer L\u00e4nder zu st\u00fcrzen, von Afghanistan, Irak, Libyen bis Syrien. Wirtschaftssanktionen \u2013 ebenfalls eine Form der Kriegsf\u00fchrung \u2013 vergr\u00f6\u00dfern die Not der betroffenen Bev\u00f6lkerung und erschweren den Wiederaufbau, wie jenen gegen Syrien.<\/p>\n<p><b>Die Bundesrepublik<\/b> bedient sich der NATO und der EU-Militarisierung, um ihre Einflusszonen zu erweitern und sich ihren \u201ePlatz an der Sonne\u201c bei der Aufteilung der Welt zu sichern.<b> <\/b>Inzwischen beteiligt sich die Bundeswehr an 14 Auslandseins\u00e4tzen. Deutschland ist der drittgr\u00f6\u00dfte Waffenexporteur. Deutsche Waffen tragen in hohem Ma\u00dfe bei zu Krieg, Leid und Elend weltweit.<\/p>\n<p><b>Statt das Ende <\/b>des Kalten Krieges zu besiegeln und sich aufzul\u00f6sen, wurde die NATO best\u00e4ndig nach Osten ausgedehnt &#8211; entgegen aller Zusicherungen an die russische Regierung. Der jahrelangen Politik der Einkreisung und versuchten Destabilisierung Russlands folgte 2014 \u00fcber den Putsch in der Ukraine weitere Ausgrenzung, Sanktionierung und Konfrontation.<\/p>\n<p><b>Heute steht die NATO<\/b>, und mit ihr die Bundeswehr, an der Westgrenze Russlands mit regelm\u00e4\u00dfigen Man\u00f6vern und schwerem Kriegsger\u00e4t. Zur &#8222;Verbesserung der Truppen- und Ausr\u00fcstungsbewegungen&#8220; Richtung Osten werden auch deutsche Transportmittel und Verkehrswege wieder \u201ekriegsverwendungsf\u00e4hig\u201c gemacht.<\/p>\n<p><b>Unser Land<\/b> ist f\u00fcr die USA und NATO von strategischer Bedeutung. Mit ihren zahlreichen US\/NATO-Milit\u00e4rbasen und Kommandost\u00fctzpunkten f\u00fcr Drohnen- und Kriegseins\u00e4tze weltweit, mit der Modernisierung der US-Atomwaffen und eventuellen Stationierung neuer Mittelstreckenraketen, ist Deutschland auch potentiell vorrangiger Kriegsschauplatz in Europa. Die einseitige Aufk\u00fcndigung von R\u00fcstungsvertr\u00e4gen durch die USA, insbesondere des INF-Vertrages, eskaliert die Spannungen.<\/p>\n<p><b>Die NATO<\/b> verf\u00fcgt \u00fcber 3,5 Millionen Soldaten, davon 2 Millionen in Europa \u2013 Russland und seine Verb\u00fcndeten \u00fcber nicht einmal 1 Million. 2018 wurden 60 Prozent aller Milit\u00e4rausgaben weltweit von den Mitgliedern der NATO ausgegeben \u2013 4 Prozent von Russland und seinen Verb\u00fcndeten. Russland senkt seine R\u00fcstungsausgaben, w\u00e4hrend die NATO sie drastisch erh\u00f6ht. 2014 hatte sie beschlossen, dass ihre europ\u00e4ischen Mitgliedsstaaten sowie Kanada ihre R\u00fcstungsausgaben bis 2024 auf m\u00f6glichst 2 Prozent ihrer Wirtschaftsleistung erh\u00f6hen sollen. F\u00fcr Deutschland bedeutet das eine Verdoppelung seiner heutigen Ausgaben, d.h. jeder f\u00fcnfte Euro des Haushalts geht in die R\u00fcstung!<\/p>\n<p><b>Zur Rechtfertigung <\/b><b>dieses <\/b><b>Wahnsinns <\/b>wird mit Hilfe von willigen Medien Russland zur Bedrohung und zum Feind aufgebaut. Alle Vorschl\u00e4ge der russischen Regierung, anstehende Probleme gemeinsam zu l\u00f6sen, werden abgelehnt. Aber ohne Russland gibt es keine L\u00f6sung internationaler Probleme. Die Bundesregierung steht in der Pflicht, sich f\u00fcr Deeskalation, den Erhalt des INF-Vertrags und umfassende Abr\u00fcstungsverhandlungen einzusetzen.<\/p>\n<p><b>Unser Land<\/b> tr\u00e4gt eine besondere historische Verantwortung f\u00fcr den Frieden mit Russland und in Europa.<\/p>\n<p><span style=\"font-size: large;\"><b>Wir fordern von der Bundesregierung<\/b><\/span><\/p>\n<ul>\n<li><b>Abr\u00fcsten statt Aufr\u00fcsten \u2013 soziale Sicherheit statt Milliarden f\u00fcr Krieg<\/b><\/li>\n<li><b>Sofortiges Ende der Sanktionspolitik<\/b><\/li>\n<li><b>Einhaltung des V\u00f6lkerrechts <\/b><\/li>\n<li><b>Abzug der US-Atomwaffen<\/b><\/li>\n<li><b>K\u00fcndigung des Stationierungsv<\/b><b>ertrags f\u00fcr ausl\u00e4ndische Truppen<\/b><\/li>\n<li><b>Austritt aus dem NATO-Kriegsb\u00fcndnis<\/b><\/li>\n<li><b>Schluss mit allen Formen von Auslandseins\u00e4tzen der Bundeswehr und R\u00fcstungsexporten<\/b><\/li>\n<li><b>Schluss mit der \u00e4u\u00dferen und inneren Aufr\u00fcstung der EU, sowohl zu Kriegszwecken als auch zur Unterdr\u00fcckung demokratischer Bewegungen <\/b><\/li>\n<li><b>Statt Konfrontation \u2013 Entspannung mit Russland<\/b><\/li>\n<\/ul>\n<p align=\"CENTER\"><span style=\"font-size: large;\"><b>Daf\u00fcr wollen wir Ostern auf die Stra\u00dfe gehen.<\/b><\/span><span style=\"font-size: large;\"><br \/>\nDemonstriert mit uns St\u00e4rke, Entschlossenheit und den Willen, die Welt von Aufr\u00fcstung und Krieg zu befreien.<\/span><\/p>\n<p align=\"CENTER\"><span style=\"font-size: large;\">Samstag, 20. April 2019<br \/>\nAuftakt:<br \/>\nRosa-Luxemburg Platz, 13 Uhr<br \/>\nanschlie\u00dfend Demonstration<br \/>\nAbschluss:<br \/>\nRosa-Luxemburg-Platz gegen 15 Uhr<br \/>\n<\/span><\/p>\n<p align=\"CENTER\"><span style=\"font-size: large;\">Es sprechen u.a.<br \/>\nJutta Kausch (Schauspielerin)<br \/>\nDr. Hartmut K\u00f6nig (Oktoberklub)<\/span><\/p>\n","protected":false},"excerpt":{"rendered":"<p>Die Berliner Freidenker rufen auf, sich an den diesj\u00e4hrigen Osterm\u00e4rschen zu beteiligen. Gegen Vereinzelung und Zersplitterung &#8211; protestieren wir gemeinsam gegen die Kriegspolitik und die Kriege der NATO, der EU und der Bundesregierung! Hier der Aufruf: Abr\u00fcsten statt Aufr\u00fcsten Die Welt braucht Frieden statt Kriegsb\u00fcndnisse Auf zum Ostermarsch 2019 in Berlin! Vor 70 Jahren, im [&hellip;]<\/p>\n","protected":false},"author":4,"featured_media":0,"comment_status":"closed","ping_status":"closed","sticky":false,"template":"","format":"standard","meta":{"jetpack_post_was_ever_published":false,"_jetpack_newsletter_access":"","_jetpack_dont_email_post_to_subs":false,"_jetpack_newsletter_tier_id":0,"_jetpack_memberships_contains_paywalled_content":false,"_jetpack_memberships_contains_paid_content":false,"footnotes":""},"categories":[1],"tags":[],"class_list":["post-5100","post","type-post","status-publish","format-standard","hentry","category-allgemein"],"jetpack_featured_media_url":"","jetpack_shortlink":"https:\/\/wp.me\/py5dN-1kg","jetpack_sharing_enabled":true,"_links":{"self":[{"href":"https:\/\/www.berlin.freidenker.org\/index.php?rest_route=\/wp\/v2\/posts\/5100","targetHints":{"allow":["GET"]}}],"collection":[{"href":"https:\/\/www.berlin.freidenker.org\/index.php?rest_route=\/wp\/v2\/posts"}],"about":[{"href":"https:\/\/www.berlin.freidenker.org\/index.php?rest_route=\/wp\/v2\/types\/post"}],"author":[{"embeddable":true,"href":"https:\/\/www.berlin.freidenker.org\/index.php?rest_route=\/wp\/v2\/users\/4"}],"replies":[{"embeddable":true,"href":"https:\/\/www.berlin.freidenker.org\/index.php?rest_route=%2Fwp%2Fv2%2Fcomments&post=5100"}],"version-history":[{"count":2,"href":"https:\/\/www.berlin.freidenker.org\/index.php?rest_route=\/wp\/v2\/posts\/5100\/revisions"}],"predecessor-version":[{"id":5102,"href":"https:\/\/www.berlin.freidenker.org\/index.php?rest_route=\/wp\/v2\/posts\/5100\/revisions\/5102"}],"wp:attachment":[{"href":"https:\/\/www.berlin.freidenker.org\/index.php?rest_route=%2Fwp%2Fv2%2Fmedia&parent=5100"}],"wp:term":[{"taxonomy":"category","embeddable":true,"href":"https:\/\/www.berlin.freidenker.org\/index.php?rest_route=%2Fwp%2Fv2%2Fcategories&post=5100"},{"taxonomy":"post_tag","embeddable":true,"href":"https:\/\/www.berlin.freidenker.org\/index.php?rest_route=%2Fwp%2Fv2%2Ftags&post=5100"}],"curies":[{"name":"wp","href":"https:\/\/api.w.org\/{rel}","templated":true}]}}