{"id":5103,"date":"2019-04-01T14:58:07","date_gmt":"2019-04-01T12:58:07","guid":{"rendered":"https:\/\/www.berlin.freidenker.org\/?p=5103"},"modified":"2019-04-01T14:58:07","modified_gmt":"2019-04-01T12:58:07","slug":"wir-laden-ein-berliner-freidenker-im-gespraech","status":"publish","type":"post","link":"https:\/\/www.berlin.freidenker.org\/?p=5103","title":{"rendered":"Wir laden ein: Berliner Freidenker im Gespr\u00e4ch"},"content":{"rendered":"<p><span style=\"font-size: large;\">Wir laden ein zu unserer n\u00e4chsten Runde \u201eFreidenker im Gespr\u00e4ch\u201c<\/span><\/p>\n<p><span style=\"font-size: x-large;\"><b>Wann: Mittwoch, 10.April 2019, 18 Uhr<\/b><\/span><\/p>\n<p><span style=\"font-size: x-large;\"><b>Wo: Kieztreff Wedding, Stralsunder Stra\u00dfe 6 <\/b><\/span><\/p>\n<p><span style=\"font-size: x-large;\"><b>13355 Berlin<\/b><\/span><\/p>\n<p><span style=\"font-size: x-large;\">Unser Thema ist diesmal:<\/span><\/p>\n<p><span style=\"font-size: x-large;\"><b>Der Tiefe Staat schl\u00e4gt zu<\/b><\/span><\/p>\n<p><span style=\"font-size: x-large;\">Referent ist unser Genosse Tilo Gr\u00e4ser, Redakteur und Korrespondent von sputniknews<\/span><\/p>\n<p>\u201eDer Tiefe Staat schl\u00e4gt zu. Wie die westliche Welt Krisen erzeugt und Kriege vorbereitet\u201c &#8211; das ist der Titel eines Buches, das vor wenigen Monaten im Promedia-Verlag erschien. Das Vorwort stammt von Rainer Rupp.<\/p>\n<p>Herausgeber Ulrich Mies bezeichnet den Tiefen Staat \u201eals den Dunkelraum der Herrschenden, in dem der Klassenkampf von oben organisiert wird.\u201c<\/p>\n<p>Unser Referent Tilo Gr\u00e4ser hat selber einen Beitrag des Buches geschrieben \u2013 \u00fcber die Rolle der M\u00fcnchner Sicherkonferenz als B\u00fchne f\u00fcr westliche Konflikt- und Kriegstreiber, zur Vorbereitung und Durchf\u00fchrung einer Kriegspolitik, deren gro\u00dfe Linie sich immer gegen China und Russland richtet.<\/p>\n<p>Insbesondere durch die inneren Widerspr\u00fcche, in die sich die offene und geheime Kriegspolitik des USA-Imperialismus seit der Wahl von Trump offenkundig verwickelt sieht, ist das Wort vom \u201eTiefen Staat\u201c in aller Munde. Es ist an der Zeit, genauer zu bestimmen, was damit eigentlich gemeint ist; zu fragen wie die imperialistische Herrschaft ausge\u00fcbt wird, und von welchen Gruppierungen. \u201eTiefer Staat\u201c bedeutet auch, dass hinter der Fassade demokratischer Legitimation, hinter dem Schauspiel gew\u00e4hlter und wieder abgew\u00e4hlter Regierungen, autorit\u00e4re Machtstrukturen in Permanenz wirken, die durch nichts legitimiert sind. Es ist auch zu untersuchen, in welchem Zusammenhang die Theorie vom \u201eTiefen Staat\u201c zur Analyse von Faschismus und Faschisierung steht.<\/p>\n<p>Zu all dem wollen wir versuchen klarere Begriffe jenseits der Schlagworte zu finden \u2013 auf dem Weg zu einer Definition, was der Tiefe Staat eigentlich ist.<\/p>\n<p>Der Deutsche Freidenker-Verband plant, noch in diesem Jahr eine Konfrenz zum gleichen Thema \u201eTiefer Staat\u201c durchzuf\u00fchren. Wir freuen uns, dass wir mit Tilo Gr\u00e4ser in Berlin einen vorbereitenden Einstieg unternehmen k\u00f6nnen.<\/p>\n","protected":false},"excerpt":{"rendered":"<p>Wir laden ein zu unserer n\u00e4chsten Runde \u201eFreidenker im Gespr\u00e4ch\u201c Wann: Mittwoch, 10.April 2019, 18 Uhr Wo: Kieztreff Wedding, Stralsunder Stra\u00dfe 6 13355 Berlin Unser Thema ist diesmal: Der Tiefe Staat schl\u00e4gt zu Referent ist unser Genosse Tilo Gr\u00e4ser, Redakteur und Korrespondent von sputniknews \u201eDer Tiefe Staat schl\u00e4gt zu. Wie die westliche Welt Krisen erzeugt [&hellip;]<\/p>\n","protected":false},"author":4,"featured_media":0,"comment_status":"closed","ping_status":"closed","sticky":false,"template":"","format":"standard","meta":{"jetpack_post_was_ever_published":false,"_jetpack_newsletter_access":"","_jetpack_dont_email_post_to_subs":false,"_jetpack_newsletter_tier_id":0,"_jetpack_memberships_contains_paywalled_content":false,"_jetpack_memberships_contains_paid_content":false,"footnotes":""},"categories":[1],"tags":[],"class_list":["post-5103","post","type-post","status-publish","format-standard","hentry","category-allgemein"],"jetpack_featured_media_url":"","jetpack_shortlink":"https:\/\/wp.me\/py5dN-1kj","jetpack_sharing_enabled":true,"_links":{"self":[{"href":"https:\/\/www.berlin.freidenker.org\/index.php?rest_route=\/wp\/v2\/posts\/5103","targetHints":{"allow":["GET"]}}],"collection":[{"href":"https:\/\/www.berlin.freidenker.org\/index.php?rest_route=\/wp\/v2\/posts"}],"about":[{"href":"https:\/\/www.berlin.freidenker.org\/index.php?rest_route=\/wp\/v2\/types\/post"}],"author":[{"embeddable":true,"href":"https:\/\/www.berlin.freidenker.org\/index.php?rest_route=\/wp\/v2\/users\/4"}],"replies":[{"embeddable":true,"href":"https:\/\/www.berlin.freidenker.org\/index.php?rest_route=%2Fwp%2Fv2%2Fcomments&post=5103"}],"version-history":[{"count":1,"href":"https:\/\/www.berlin.freidenker.org\/index.php?rest_route=\/wp\/v2\/posts\/5103\/revisions"}],"predecessor-version":[{"id":5104,"href":"https:\/\/www.berlin.freidenker.org\/index.php?rest_route=\/wp\/v2\/posts\/5103\/revisions\/5104"}],"wp:attachment":[{"href":"https:\/\/www.berlin.freidenker.org\/index.php?rest_route=%2Fwp%2Fv2%2Fmedia&parent=5103"}],"wp:term":[{"taxonomy":"category","embeddable":true,"href":"https:\/\/www.berlin.freidenker.org\/index.php?rest_route=%2Fwp%2Fv2%2Fcategories&post=5103"},{"taxonomy":"post_tag","embeddable":true,"href":"https:\/\/www.berlin.freidenker.org\/index.php?rest_route=%2Fwp%2Fv2%2Ftags&post=5103"}],"curies":[{"name":"wp","href":"https:\/\/api.w.org\/{rel}","templated":true}]}}