{"id":5136,"date":"2019-05-20T12:10:07","date_gmt":"2019-05-20T10:10:07","guid":{"rendered":"https:\/\/www.berlin.freidenker.org\/?p=5136"},"modified":"2019-05-20T12:10:07","modified_gmt":"2019-05-20T10:10:07","slug":"das-untenstehende-flugblatt-verteilten-berliner-freidenker-am-rande-der-propagandaveranstaltung-ein-europa-fuer-alle","status":"publish","type":"post","link":"https:\/\/www.berlin.freidenker.org\/?p=5136","title":{"rendered":"Das untenstehende Flugblatt verteilten Berliner Freidenker am Rande der Propagandaveranstaltung &#8222;Ein Europa f\u00fcr alle&#8220;:"},"content":{"rendered":"<hr \/>\n<h4><strong>Wir schlagen Schaum, wir seifen ein \u2013 <\/strong><\/h4>\n<h4><img loading=\"lazy\" decoding=\"async\" class=\"wp-image-6334 size-full aligncenter\" src=\"https:\/\/i2.wp.com\/www.freidenker.org\/fw17\/wp-content\/uploads\/2019\/05\/EU-Wahl.jpg?resize=475%2C188&amp;ssl=1\" sizes=\"auto, (max-width: 475px) 100vw, 475px\" srcset=\"https:\/\/i2.wp.com\/www.freidenker.org\/fw17\/wp-content\/uploads\/2019\/05\/EU-Wahl.jpg?w=475&amp;ssl=1 475w, https:\/\/i2.wp.com\/www.freidenker.org\/fw17\/wp-content\/uploads\/2019\/05\/EU-Wahl.jpg?resize=300%2C119&amp;ssl=1 300w\" alt=\"\" width=\"475\" height=\"188\" data-attachment-id=\"6334\" data-permalink=\"https:\/\/www.freidenker.org\/?attachment_id=6334\" data-orig-file=\"https:\/\/i2.wp.com\/www.freidenker.org\/fw17\/wp-content\/uploads\/2019\/05\/EU-Wahl.jpg?fit=475%2C188&amp;ssl=1\" data-orig-size=\"475,188\" data-comments-opened=\"0\" data-image-meta=\"{&quot;aperture&quot;:&quot;0&quot;,&quot;credit&quot;:&quot;&quot;,&quot;camera&quot;:&quot;&quot;,&quot;caption&quot;:&quot;&quot;,&quot;created_timestamp&quot;:&quot;0&quot;,&quot;copyright&quot;:&quot;&quot;,&quot;focal_length&quot;:&quot;0&quot;,&quot;iso&quot;:&quot;0&quot;,&quot;shutter_speed&quot;:&quot;0&quot;,&quot;title&quot;:&quot;&quot;,&quot;orientation&quot;:&quot;0&quot;}\" data-image-title=\"EU-Wahl\" data-image-description=\"\" data-medium-file=\"https:\/\/i2.wp.com\/www.freidenker.org\/fw17\/wp-content\/uploads\/2019\/05\/EU-Wahl.jpg?fit=300%2C119&amp;ssl=1\" data-large-file=\"https:\/\/i2.wp.com\/www.freidenker.org\/fw17\/wp-content\/uploads\/2019\/05\/EU-Wahl.jpg?fit=475%2C188&amp;ssl=1\" \/><\/h4>\n<h4><strong>Wir waschen unsre H\u00e4nde wieder rein<\/strong><\/h4>\n<p><strong>Immer wieder aktuell: \u201eDas Seifenlied\u201c (1928)<\/strong><\/p>\n<p>&nbsp;<\/p>\n<p><strong>Die EU \u2013 ein \u201eFriedensprojekt\u201c?<\/strong><\/p>\n<ul>\n<li>Bei der NATO-Aggression gegen Jugoslawien vor 20 Jahren war die gro\u00dfe Mehrheit der Angreifer Mitglied der EU.<\/li>\n<li>Der Vertrag von Lissabon verpflichtet alle Mitgliedstaaten zu st\u00e4ndiger Aufr\u00fcstung.<\/li>\n<li>Im Rahmen der \u201ePESCO\u201c (\u201est\u00e4ndige strukturierte Zusammenarbeit\u201c) ist die st\u00e4ndige Steigerung der Milit\u00e4rausgaben vereinbart.<\/li>\n<li>F\u00fcr R\u00fcstungsprojekte will die EU eine gemeinsame Kriegskasse (\u201eR\u00fcstungsfonds\u201c), bis 2027 in H\u00f6he von 60 Milliarden Euro.<\/li>\n<li>Neue Kampfpanzer und neue Kampfflugzeuge sind vereinbart und nat\u00fcrlich eine \u201eEurodrohne\u201c.<\/li>\n<li>Ein \u201emilit\u00e4rischer Schengen-Raum\u201c soll reibungslose Milit\u00e4rtransporte an die neue \u201eOstfront\u201c sicherstellen.<\/li>\n<li>F\u00fcr diese Erh\u00f6hung der \u201emilit\u00e4rischen Mobilit\u00e4t\u201c werden ab 2020 mit 6,5 Milliarden Stra\u00dfen und Br\u00fccken \u201ekriegsverwendungsf\u00e4hig\u201c ausgebaut.<\/li>\n<li>Mit der Gendarmerietruppe \u201eEugendfor\u201c steht eine Schattenarmee zur \u201eAufstandsbek\u00e4mpfung\u201c am \u201eTag X\u201c bereit.<\/li>\n<li>Ein neues EU-Kriegsb\u00fcndnis f\u00fcr \u201eKrisenf\u00e4lle\u201c nennt sich unverbl\u00fcmt \u201eEurop\u00e4ische Interventionsinitiative\u201c \u2013 als erster Schritt zur \u201eEU-Armee\u201c.<\/li>\n<li>Das EU-Assoziierungsabkommen hat den Staatsstreich und den Krieg in der Ukraine ausgel\u00f6st, f\u00fcr Juncker ein \u201eTag zum Feiern\u201c, f\u00fcr Federica Mogherini \u201eein Freudentag\u201c.<\/li>\n<\/ul>\n<p><img loading=\"lazy\" decoding=\"async\" class=\"alignnone wp-image-6330 size-full aligncenter\" src=\"https:\/\/i2.wp.com\/www.freidenker.org\/fw17\/wp-content\/uploads\/2019\/05\/EU-Sprechblasen.jpg?resize=493%2C546&amp;ssl=1\" sizes=\"auto, (max-width: 493px) 100vw, 493px\" srcset=\"https:\/\/i2.wp.com\/www.freidenker.org\/fw17\/wp-content\/uploads\/2019\/05\/EU-Sprechblasen.jpg?w=493&amp;ssl=1 493w, https:\/\/i2.wp.com\/www.freidenker.org\/fw17\/wp-content\/uploads\/2019\/05\/EU-Sprechblasen.jpg?resize=271%2C300&amp;ssl=1 271w\" alt=\"\" width=\"493\" height=\"546\" data-attachment-id=\"6330\" data-permalink=\"https:\/\/www.freidenker.org\/?attachment_id=6330\" data-orig-file=\"https:\/\/i2.wp.com\/www.freidenker.org\/fw17\/wp-content\/uploads\/2019\/05\/EU-Sprechblasen.jpg?fit=493%2C546&amp;ssl=1\" data-orig-size=\"493,546\" data-comments-opened=\"0\" data-image-meta=\"{&quot;aperture&quot;:&quot;0&quot;,&quot;credit&quot;:&quot;&quot;,&quot;camera&quot;:&quot;&quot;,&quot;caption&quot;:&quot;&quot;,&quot;created_timestamp&quot;:&quot;0&quot;,&quot;copyright&quot;:&quot;&quot;,&quot;focal_length&quot;:&quot;0&quot;,&quot;iso&quot;:&quot;0&quot;,&quot;shutter_speed&quot;:&quot;0&quot;,&quot;title&quot;:&quot;&quot;,&quot;orientation&quot;:&quot;0&quot;}\" data-image-title=\"EU-Sprechblasen\" data-image-description=\"\" data-medium-file=\"https:\/\/i2.wp.com\/www.freidenker.org\/fw17\/wp-content\/uploads\/2019\/05\/EU-Sprechblasen.jpg?fit=271%2C300&amp;ssl=1\" data-large-file=\"https:\/\/i2.wp.com\/www.freidenker.org\/fw17\/wp-content\/uploads\/2019\/05\/EU-Sprechblasen.jpg?fit=493%2C546&amp;ssl=1\" \/><\/p>\n<p><strong>Die EU steht nicht f\u00fcr Frieden. <\/strong>Sie verbr\u00fcdert sich mit Faschisten in der Ukraine, versch\u00e4rft st\u00e4ndig ihre Sanktionen und droht mit Krieg gegen Russland, setzt Nicaragua unter Druck und unterst\u00fctzt den Putsch in Venezuela, sie verst\u00e4rkt ihre Kooperation mit der NATO.<\/p>\n<p><strong>Die EU ist eine Konstruktion der Banken und Konzerne, zur Sicherung ihrer Herrschaft und Profite. <\/strong>Der Lissabon-Vertrag schreibt verpflichtend den Kapitalismus als Wirtschafts- und Gesellschaftssystem vor, f\u00f6rdert Privatisierung und Deregulierung. Proteste dagegen werden durch den umfassenden Abbau demokratischer Rechte sowie neue \u00dcberwachungs- und Repressionsinstrumente unterdr\u00fcckt.<\/p>\n<p><img loading=\"lazy\" decoding=\"async\" class=\"wp-image-6329 size-medium aligncenter\" src=\"https:\/\/i2.wp.com\/www.freidenker.org\/fw17\/wp-content\/uploads\/2019\/05\/EU-Gegenstimme.jpg?resize=300%2C230&amp;ssl=1\" sizes=\"auto, (max-width: 300px) 100vw, 300px\" srcset=\"https:\/\/i2.wp.com\/www.freidenker.org\/fw17\/wp-content\/uploads\/2019\/05\/EU-Gegenstimme.jpg?resize=300%2C230&amp;ssl=1 300w, https:\/\/i2.wp.com\/www.freidenker.org\/fw17\/wp-content\/uploads\/2019\/05\/EU-Gegenstimme.jpg?w=513&amp;ssl=1 513w\" alt=\"\" width=\"300\" height=\"230\" data-attachment-id=\"6329\" data-permalink=\"https:\/\/www.freidenker.org\/?attachment_id=6329\" data-orig-file=\"https:\/\/i2.wp.com\/www.freidenker.org\/fw17\/wp-content\/uploads\/2019\/05\/EU-Gegenstimme.jpg?fit=513%2C393&amp;ssl=1\" data-orig-size=\"513,393\" data-comments-opened=\"0\" data-image-meta=\"{&quot;aperture&quot;:&quot;0&quot;,&quot;credit&quot;:&quot;&quot;,&quot;camera&quot;:&quot;&quot;,&quot;caption&quot;:&quot;&quot;,&quot;created_timestamp&quot;:&quot;0&quot;,&quot;copyright&quot;:&quot;&quot;,&quot;focal_length&quot;:&quot;0&quot;,&quot;iso&quot;:&quot;0&quot;,&quot;shutter_speed&quot;:&quot;0&quot;,&quot;title&quot;:&quot;&quot;,&quot;orientation&quot;:&quot;0&quot;}\" data-image-title=\"EU-Gegenstimme\" data-image-description=\"\" data-medium-file=\"https:\/\/i2.wp.com\/www.freidenker.org\/fw17\/wp-content\/uploads\/2019\/05\/EU-Gegenstimme.jpg?fit=300%2C230&amp;ssl=1\" data-large-file=\"https:\/\/i2.wp.com\/www.freidenker.org\/fw17\/wp-content\/uploads\/2019\/05\/EU-Gegenstimme.jpg?fit=513%2C393&amp;ssl=1\" \/><\/p>\n<p><strong>Keine \u201eEuropawahlen\u201c!<\/strong><\/p>\n<p>In der EU sind 28 von 47 europ\u00e4ischen Staaten, mit rd. 510 von 830 Millionen Menschen. An der Gesamtfl\u00e4che von rund 24,1 Millionen Quadratkilometern betr\u00e4gt der EU-Anteil 4,5 Millionen km\u00b2. Die EU-Wahl \u201eEuropawahl\u201c zu nennen, verr\u00e4t einen chauvinistischen Alleinvertretungsanspruch, wie die USA den Namen des Kontinents Amerika f\u00fcr sich reklamieren.<\/p>\n<p><strong>EUmania-Demonstration? Ohne uns!<\/strong><\/p>\n<p>\u201eRichtungsentscheidung\u201c, \u201eSchicksalswahl\u201c \u2013 darunter geht\u2019s nicht am 26.05.2019, wenn man campact &amp; Co. glauben will. Wir glauben, dass dem undemokratischen EU-Projekt die Legitimation abhandenkommt, und jetzt mit \u201elinkem\u201c Klamauk Schafe an die Wahlurne getrieben werden sollen. F\u00fcr eine (v\u00f6llig ungef\u00e4hrdete) EU demonstrieren, mit Beifall der Bundesregierung und aller Mainstreamme\u00addien: Welch ein Irrsinn! \u201eNie d\u00fcrft ihr so tief sinken, von dem Kakao, durch den man euch zieht, auch noch zu trinken.\u201c (Erich K\u00e4stner)<\/p>\n<p><strong>Die gro\u00dfe L\u00fcge: \u201eGegen Nationalismus\u201c<\/strong><\/p>\n<p>Unterst\u00fctzenwert w\u00e4re, wenn es gegen den nationalen Chauvinismus ginge: der zieht sich in Artikeln \u00fcber \u201ePleitegriechen\u201c etc. durch die (EU-freundliche) Mainstreampresse. Nein, als \u201enationalistisch\u201c soll gelten, wer das Recht des Parlaments verteidigt, \u00fcber den Staatshaushalt ohne Einmischung durch die EU-B\u00fcrokraten zu entscheiden. Erst entm\u00fcndigt, dann diffamiert \u2013 nicht unser Humor!<\/p>\n<p><strong>So geht Nationalismus heute:<\/strong> Der deutsche Imperialismus will die EU als Konkurrent gegen China und die USA aufbauen. Mit uns?<\/p>\n<p><img loading=\"lazy\" decoding=\"async\" class=\"wp-image-4832 size-medium aligncenter\" src=\"https:\/\/i1.wp.com\/www.freidenker.org\/fw17\/wp-content\/uploads\/2018\/03\/Freidenker-Logo.jpg?resize=300%2C75&amp;ssl=1\" sizes=\"auto, (max-width: 300px) 100vw, 300px\" srcset=\"https:\/\/i1.wp.com\/www.freidenker.org\/fw17\/wp-content\/uploads\/2018\/03\/Freidenker-Logo.jpg?resize=300%2C75&amp;ssl=1 300w, https:\/\/i1.wp.com\/www.freidenker.org\/fw17\/wp-content\/uploads\/2018\/03\/Freidenker-Logo.jpg?w=766&amp;ssl=1 766w\" alt=\"\" width=\"300\" height=\"75\" data-attachment-id=\"4832\" data-permalink=\"https:\/\/www.freidenker.org\/?attachment_id=4832\" data-orig-file=\"https:\/\/i1.wp.com\/www.freidenker.org\/fw17\/wp-content\/uploads\/2018\/03\/Freidenker-Logo.jpg?fit=766%2C191&amp;ssl=1\" data-orig-size=\"766,191\" data-comments-opened=\"0\" data-image-meta=\"{&quot;aperture&quot;:&quot;0&quot;,&quot;credit&quot;:&quot;&quot;,&quot;camera&quot;:&quot;&quot;,&quot;caption&quot;:&quot;&quot;,&quot;created_timestamp&quot;:&quot;0&quot;,&quot;copyright&quot;:&quot;&quot;,&quot;focal_length&quot;:&quot;0&quot;,&quot;iso&quot;:&quot;0&quot;,&quot;shutter_speed&quot;:&quot;0&quot;,&quot;title&quot;:&quot;&quot;,&quot;orientation&quot;:&quot;1&quot;}\" data-image-title=\"Freidenker-Logo\" data-image-description=\"\" data-medium-file=\"https:\/\/i1.wp.com\/www.freidenker.org\/fw17\/wp-content\/uploads\/2018\/03\/Freidenker-Logo.jpg?fit=300%2C75&amp;ssl=1\" data-large-file=\"https:\/\/i1.wp.com\/www.freidenker.org\/fw17\/wp-content\/uploads\/2018\/03\/Freidenker-Logo.jpg?fit=766%2C191&amp;ssl=1\" \/><\/p>\n<p><strong>Nur ein Scheinparlament!<\/strong><\/p>\n<p>Das EU-Parlament hat kein Budgetrecht, kein Initiativrecht f\u00fcr Gesetze, das hat allein die EU-Kommission. Deren Mitglieder entsenden die Regierungen, den Pr\u00e4sidenten bestimmt der \u201eEurop\u00e4ische Rat\u201c (der Regierungschefs), das \u201eParlament\u201c darf ihn best\u00e4tigen. Bei Rat und Kommission ist die Macht konzentriert, das Parlament ist real eine Staatenkammer, Aush\u00e4ngeschild einer Fassadendemokratie.<\/p>\n<p><strong>Die AfD: Die gro\u00dfe T\u00e4uschung<\/strong><\/p>\n<p>EU-Austritt? Fehlanzeige. Stattdessen: \u201eGau\u00adland warnt vor deutschem EU-Austritt\u201c (FAZ). Wahlprogramm: \u201eWir fordern die z\u00fcgige Anpassung des deutschen Wehretats an das 2-Prozent-Ziel der NATO.\u201c Und \u201edie St\u00e4rkung des europ\u00e4ischen Pfeilers der NATO, um hier Deutschlands Rolle und Einfluss zu erh\u00f6hen.\u201c Alternative? F\u00fcr Dumme!<\/p>\n<p><strong>Die Linke: Eine Entt\u00e4uschung<\/strong><\/p>\n<p>EU-Austritt? Fehlanzeige. Zumal \u201edie Brexit-Kampagne von nationalistischen und rassistischen T\u00f6nen dominiert wurde.\u201c (Riexinger) Stattdessen Wahlprogramm-Kipping: Dass die \u201eEU militaristisch, undemokratisch und neoliberal\u201c sei, hat die Parteispitze aus dem Programm gekippt. Aber zumindest fordert sie: \u201eGegen die Militarisierung der EU: Abr\u00fcsten!\u201c<\/p>\n<p><strong>\u201eGegen Angriffe auf Rechtsstaat und Menschenrechte\u201c <\/strong>demonstrieren? Aber umfassende \u00dcberwachung, staatlich betreutes Morden, neue Polizeigesetze machen Bundesregierung und die EU schon ganz allein \u2013 Zeichen einer Tendenz zur Faschisierung. \u201eF\u00fcr Demokratie\u201c hei\u00dft: <strong>Solidarit\u00e4t mit den Gelbwesten<\/strong>-Demonstranten, die der \u201eMustereurop\u00e4er\u201c Macron verkr\u00fcppeln und zusammenschie\u00dfen l\u00e4sst. Asylrecht verteidigen hei\u00dft: <strong>EU-Asyl<\/strong> <strong>f\u00fcr<\/strong> <strong>Julian Assange<\/strong>! \u201eRechts\u201c ist es, die Bev\u00f6lkerung f\u00fcr die Finanzkrise bluten zu lassen, Bankprofite zu retten, Wasser zu privatisieren, Krieg vorzubereiten. Es ist nicht links, f\u00fcr diese EU die Jubelperser zu spielen.<\/p>\n<p><img loading=\"lazy\" decoding=\"async\" class=\"wp-image-6332 size-full aligncenter\" src=\"https:\/\/i2.wp.com\/www.freidenker.org\/fw17\/wp-content\/uploads\/2019\/05\/EU-gegen-rechts-1.jpg?resize=568%2C343&amp;ssl=1\" sizes=\"auto, (max-width: 568px) 100vw, 568px\" srcset=\"https:\/\/i2.wp.com\/www.freidenker.org\/fw17\/wp-content\/uploads\/2019\/05\/EU-gegen-rechts-1.jpg?w=568&amp;ssl=1 568w, https:\/\/i2.wp.com\/www.freidenker.org\/fw17\/wp-content\/uploads\/2019\/05\/EU-gegen-rechts-1.jpg?resize=300%2C181&amp;ssl=1 300w\" alt=\"\" width=\"568\" height=\"343\" data-attachment-id=\"6332\" data-permalink=\"https:\/\/www.freidenker.org\/?attachment_id=6332\" data-orig-file=\"https:\/\/i2.wp.com\/www.freidenker.org\/fw17\/wp-content\/uploads\/2019\/05\/EU-gegen-rechts-1.jpg?fit=568%2C343&amp;ssl=1\" data-orig-size=\"568,343\" data-comments-opened=\"0\" data-image-meta=\"{&quot;aperture&quot;:&quot;0&quot;,&quot;credit&quot;:&quot;&quot;,&quot;camera&quot;:&quot;&quot;,&quot;caption&quot;:&quot;&quot;,&quot;created_timestamp&quot;:&quot;0&quot;,&quot;copyright&quot;:&quot;&quot;,&quot;focal_length&quot;:&quot;0&quot;,&quot;iso&quot;:&quot;0&quot;,&quot;shutter_speed&quot;:&quot;0&quot;,&quot;title&quot;:&quot;&quot;,&quot;orientation&quot;:&quot;1&quot;}\" data-image-title=\"EU-gegen-rechts\" data-image-description=\"\" data-medium-file=\"https:\/\/i2.wp.com\/www.freidenker.org\/fw17\/wp-content\/uploads\/2019\/05\/EU-gegen-rechts-1.jpg?fit=300%2C181&amp;ssl=1\" data-large-file=\"https:\/\/i2.wp.com\/www.freidenker.org\/fw17\/wp-content\/uploads\/2019\/05\/EU-gegen-rechts-1.jpg?fit=568%2C343&amp;ssl=1\" \/><\/p>\n","protected":false},"excerpt":{"rendered":"<p>Wir schlagen Schaum, wir seifen ein \u2013 Wir waschen unsre H\u00e4nde wieder rein Immer wieder aktuell: \u201eDas Seifenlied\u201c (1928) &nbsp; Die EU \u2013 ein \u201eFriedensprojekt\u201c? Bei der NATO-Aggression gegen Jugoslawien vor 20 Jahren war die gro\u00dfe Mehrheit der Angreifer Mitglied der EU. Der Vertrag von Lissabon verpflichtet alle Mitgliedstaaten zu st\u00e4ndiger Aufr\u00fcstung. Im Rahmen der [&hellip;]<\/p>\n","protected":false},"author":4,"featured_media":0,"comment_status":"closed","ping_status":"closed","sticky":false,"template":"","format":"standard","meta":{"jetpack_post_was_ever_published":false,"_jetpack_newsletter_access":"","_jetpack_dont_email_post_to_subs":false,"_jetpack_newsletter_tier_id":0,"_jetpack_memberships_contains_paywalled_content":false,"_jetpack_memberships_contains_paid_content":false,"footnotes":""},"categories":[1],"tags":[],"class_list":["post-5136","post","type-post","status-publish","format-standard","hentry","category-allgemein"],"jetpack_featured_media_url":"","jetpack_shortlink":"https:\/\/wp.me\/py5dN-1kQ","jetpack_sharing_enabled":true,"_links":{"self":[{"href":"https:\/\/www.berlin.freidenker.org\/index.php?rest_route=\/wp\/v2\/posts\/5136","targetHints":{"allow":["GET"]}}],"collection":[{"href":"https:\/\/www.berlin.freidenker.org\/index.php?rest_route=\/wp\/v2\/posts"}],"about":[{"href":"https:\/\/www.berlin.freidenker.org\/index.php?rest_route=\/wp\/v2\/types\/post"}],"author":[{"embeddable":true,"href":"https:\/\/www.berlin.freidenker.org\/index.php?rest_route=\/wp\/v2\/users\/4"}],"replies":[{"embeddable":true,"href":"https:\/\/www.berlin.freidenker.org\/index.php?rest_route=%2Fwp%2Fv2%2Fcomments&post=5136"}],"version-history":[{"count":1,"href":"https:\/\/www.berlin.freidenker.org\/index.php?rest_route=\/wp\/v2\/posts\/5136\/revisions"}],"predecessor-version":[{"id":5137,"href":"https:\/\/www.berlin.freidenker.org\/index.php?rest_route=\/wp\/v2\/posts\/5136\/revisions\/5137"}],"wp:attachment":[{"href":"https:\/\/www.berlin.freidenker.org\/index.php?rest_route=%2Fwp%2Fv2%2Fmedia&parent=5136"}],"wp:term":[{"taxonomy":"category","embeddable":true,"href":"https:\/\/www.berlin.freidenker.org\/index.php?rest_route=%2Fwp%2Fv2%2Fcategories&post=5136"},{"taxonomy":"post_tag","embeddable":true,"href":"https:\/\/www.berlin.freidenker.org\/index.php?rest_route=%2Fwp%2Fv2%2Ftags&post=5136"}],"curies":[{"name":"wp","href":"https:\/\/api.w.org\/{rel}","templated":true}]}}