{"id":5138,"date":"2019-05-25T14:50:47","date_gmt":"2019-05-25T12:50:47","guid":{"rendered":"https:\/\/www.berlin.freidenker.org\/?p=5138"},"modified":"2019-05-25T14:50:47","modified_gmt":"2019-05-25T12:50:47","slug":"am-28-mai-in-die-urania","status":"publish","type":"post","link":"https:\/\/www.berlin.freidenker.org\/?p=5138","title":{"rendered":"Am 28. Mai in die Urania!"},"content":{"rendered":"<div id=\"jsn-content-top\" class=\"\">\n<div id=\"jsn-content-top-inner\">\n<div id=\"jsn-promo\" class=\"row-fluid\">\n<div id=\"jsn-pos-promo\" class=\"span12 order1 \">\n<div class=\" jsn-modulecontainer\">\n<div class=\"jsn-modulecontainer_inner\">\n<div class=\"jsn-modulecontent\">\n<div class=\"jsn-mod-custom\">\n<p><img data-recalc-dims=\"1\" decoding=\"async\" src=\"https:\/\/i0.wp.com\/www.rosa-luxemburg-konferenz.de\/images\/2019\/Venezuela28mai2019\/banner\/VA_Venezuela_1200x627.png?ssl=1\" alt=\"H\u00e4nde weg von Venezuela\"   \/><\/p>\n<\/div>\n<div class=\"clearbreak\"><\/div>\n<\/div>\n<\/div>\n<\/div>\n<\/div>\n<\/div>\n<\/div>\n<\/div>\n<div id=\"jsn-content\" class=\"jsn-hasright \">\n<div id=\"jsn-content_inner\" class=\"row-fluid\">\n<div id=\"jsn-maincontent\" class=\"span9 order1  row-fluid\">\n<div id=\"jsn-centercol\" class=\"span12 order1 \">\n<div id=\"jsn-mainbody-content\" class=\" jsn-hasmainbody\">\n<div id=\"jsn-mainbody\">\n<div id=\"system-message-container\"><\/div>\n<div class=\"item-pagevenhintergrund\">\n<div class=\"page-header\">\n<h2><a href=\"https:\/\/www.rosa-luxemburg-konferenz.de\/de\/venezuela2019\"> H\u00e4nde weg von Venezuela!<\/a><\/h2>\n<\/div>\n<div class=\"jsn-article-toolbar\">\n<div class=\"clearfix\"><\/div>\n<\/div>\n<p><strong>Solidarit\u00e4t mit den progressiven Kr\u00e4ften Lateinamerikas!<\/strong><\/p>\n<p>Die fortschrittlichen Kr\u00e4fte d\u00fcrfen nicht unt\u00e4tig bleiben, wenn unverhohlen der Sturz der linken Regierung in Caracas betrieben wird, die BRD mit ihrem durch Lateinamerika reisenden Au\u00dfenminister Heiko Maas dem selbsternannten \u00bb\u00dcbergangspr\u00e4sidenten\u00ab Juan Guaid\u00f3 ihre Unterst\u00fctzung zusichert und b\u00fcrgerliche Medien die Akzeptanz einer US-Milit\u00e4rintervention vorbereiten.<\/p>\n<p><img data-recalc-dims=\"1\" loading=\"lazy\" decoding=\"async\" src=\"https:\/\/i0.wp.com\/www.rosa-luxemburg-konferenz.de\/images\/2019\/Venezuela28mai2019\/A1-Soli-Venezuela_09052019.jpg?resize=200%2C283&#038;ssl=1\" alt=\"Plakat zur Veranstaltung\" width=\"200\" height=\"283\" \/>Der Termin f\u00fcr unsere Solidarit\u00e4tsveranstaltung ist nicht zuf\u00e4llig gew\u00e4hlt. Maas hat f\u00fcr den 28. Mai lateinamerikanische Amtskollegen zu einer Konferenz ins Ausw\u00e4rtige Amt geladen \u2013 eine Teilnahme des venezolanischen Au\u00dfenministers Jorge Arreaza aber, der j\u00fcngst auf die Sanktionsliste der USA gesetzt wurde, ist nicht vorgesehen.<\/p>\n<p>Setzen wir gemeinsam einen Gegenpunkt! \u00bbEl Pueblo unido, jam\u00e1s ser\u00e1 vencido! \u2013 Das vereinte Volk wird niemals besiegt werden!\u00ab Diese Veranstaltung wird veranstaltet von: Tageszeitung junge Welt, Kulturzeitschrift Melodie &amp; Rhythmus sowie Granma Internacional &#8211; Deutsche Ausgabe. Mit Unterst\u00fctzung von: Cuba S\u00ed, DKP, Netzwerk Cuba, Freundschaftsgesellschaft BRD-Kuba und vielen weiteren Initiativen. Gerne k\u00f6nnen sich weitere Organisationen anschlie\u00dfen!<\/p>\n<p><strong>Dienstag, 28. Mai 2019, um 19 Uhr im Humboldt-Saal der Urania Berlin (An der Urania 17, 10787 Berlin). Einlass ist ab 18 Uhr.<\/strong><\/p>\n<p>Mit: <strong>Carolus Wimmer<\/strong> (Internationaler Sekret\u00e4r der KP Venezuelas), <strong>Hernando Calvo Ospina<\/strong> (Journalist und Schriftsteller, Kolumbien\/Frankreich), <strong>Orhan Akman<\/strong> (verdi-Gewerkschafter), <strong>Patrik K\u00f6bele<\/strong> (Vorsitzender der DKP), <strong>Gerhard Mertschenk<\/strong> (Berliner B\u00fcndnis \u00bbH\u00e4nde weg von Venezuela\u00ab), <strong>Andrej Hunko<\/strong> (MdB Die Linke). <strong>Musik: Cecilia Todd<\/strong> (Venezuela), <strong>Nicol\u00e1s Miquea<\/strong> (Chile\/BRD) sowie <strong>Trio Palmera<\/strong> (lateinamerikanische Combo). <strong>Moderation: Esther Zimmering<\/strong> (Schauspielerin)<\/p>\n<p>Eintritt: 5,00 \u20ac<\/p>\n<p>Karten erh\u00e4ltlich im jW-Shop, per E-Mail an <span id=\"cloaka10334e4f68e257d4df4006555f23ed5\"><a class=\"moz-txt-link-abbreviated\" href=\"mailto:ni@jungewelt.de\">ni@jungewelt.de<\/a><\/span> oder telefonisch unter 0049 (0)30\/ 53 63 55 37. Karten gibt es auch in der jW-Ladengalerie, Torstr. 6, 10119 Berlin-Mitte (U2 Rosa-Luxemburg-Platz) w\u00e4hrend der \u00d6ffnungszeiten (Mo-Do 12-18 Uhr, Fr 10-14 Uhr). Restkarten an der Abendkasse der Urania.<\/p>\n<p>Ab sofort werden auch Aktionspakete verschickt. Diese k\u00f6nnen f\u00fcr einen Preis von 5 Euro unter <span id=\"cloak830ed1b36797a0c64a76777670c03939\"><a class=\"moz-txt-link-abbreviated\" href=\"mailto:aktion@jungewelt.de\">aktion@jungewelt.de<\/a><\/span> oder telefonisch unter 0049 (0)30\/ 53 63 55 10 bestellt werden. Diese enthalten jeweils 30 Aufkleber, 5 A2-Plakate und 30 Flyer.<i><br \/>\n<\/i><\/p>\n<\/div>\n<\/div>\n<\/div>\n<\/div>\n<\/div>\n<\/div>\n<\/div>\n","protected":false},"excerpt":{"rendered":"<p>H\u00e4nde weg von Venezuela! Solidarit\u00e4t mit den progressiven Kr\u00e4ften Lateinamerikas! Die fortschrittlichen Kr\u00e4fte d\u00fcrfen nicht unt\u00e4tig bleiben, wenn unverhohlen der Sturz der linken Regierung in Caracas betrieben wird, die BRD mit ihrem durch Lateinamerika reisenden Au\u00dfenminister Heiko Maas dem selbsternannten \u00bb\u00dcbergangspr\u00e4sidenten\u00ab Juan Guaid\u00f3 ihre Unterst\u00fctzung zusichert und b\u00fcrgerliche Medien die Akzeptanz einer US-Milit\u00e4rintervention vorbereiten. Der [&hellip;]<\/p>\n","protected":false},"author":4,"featured_media":0,"comment_status":"closed","ping_status":"closed","sticky":false,"template":"","format":"standard","meta":{"jetpack_post_was_ever_published":false,"_jetpack_newsletter_access":"","_jetpack_dont_email_post_to_subs":false,"_jetpack_newsletter_tier_id":0,"_jetpack_memberships_contains_paywalled_content":false,"_jetpack_memberships_contains_paid_content":false,"footnotes":""},"categories":[1],"tags":[],"class_list":["post-5138","post","type-post","status-publish","format-standard","hentry","category-allgemein"],"jetpack_featured_media_url":"","jetpack_shortlink":"https:\/\/wp.me\/py5dN-1kS","jetpack_sharing_enabled":true,"_links":{"self":[{"href":"https:\/\/www.berlin.freidenker.org\/index.php?rest_route=\/wp\/v2\/posts\/5138","targetHints":{"allow":["GET"]}}],"collection":[{"href":"https:\/\/www.berlin.freidenker.org\/index.php?rest_route=\/wp\/v2\/posts"}],"about":[{"href":"https:\/\/www.berlin.freidenker.org\/index.php?rest_route=\/wp\/v2\/types\/post"}],"author":[{"embeddable":true,"href":"https:\/\/www.berlin.freidenker.org\/index.php?rest_route=\/wp\/v2\/users\/4"}],"replies":[{"embeddable":true,"href":"https:\/\/www.berlin.freidenker.org\/index.php?rest_route=%2Fwp%2Fv2%2Fcomments&post=5138"}],"version-history":[{"count":1,"href":"https:\/\/www.berlin.freidenker.org\/index.php?rest_route=\/wp\/v2\/posts\/5138\/revisions"}],"predecessor-version":[{"id":5139,"href":"https:\/\/www.berlin.freidenker.org\/index.php?rest_route=\/wp\/v2\/posts\/5138\/revisions\/5139"}],"wp:attachment":[{"href":"https:\/\/www.berlin.freidenker.org\/index.php?rest_route=%2Fwp%2Fv2%2Fmedia&parent=5138"}],"wp:term":[{"taxonomy":"category","embeddable":true,"href":"https:\/\/www.berlin.freidenker.org\/index.php?rest_route=%2Fwp%2Fv2%2Fcategories&post=5138"},{"taxonomy":"post_tag","embeddable":true,"href":"https:\/\/www.berlin.freidenker.org\/index.php?rest_route=%2Fwp%2Fv2%2Ftags&post=5138"}],"curies":[{"name":"wp","href":"https:\/\/api.w.org\/{rel}","templated":true}]}}