{"id":5186,"date":"2019-08-05T22:56:49","date_gmt":"2019-08-05T20:56:49","guid":{"rendered":"https:\/\/www.berlin.freidenker.org\/?p=5186"},"modified":"2019-08-06T10:43:43","modified_gmt":"2019-08-06T08:43:43","slug":"die-kraft-des-ostens","status":"publish","type":"post","link":"https:\/\/www.berlin.freidenker.org\/?p=5186","title":{"rendered":"Die Kraft des Ostens"},"content":{"rendered":"<p>von Hans Bauer, Vorsitzender der GRH und Mitglied des Deutschen Freidenker-Verbands<\/p>\n<p>&#8222;Bild&#8220; hetzt. Billiges Boulevardblatt. Sein Markenzeichen. Dieses Mal geht\u00b4s gegen Veranstaltungen zum 70. Jahrestag der Gr\u00fcndung der DDR am 7. Oktober 1949. In Neuenhagen und in Berlin-Marzahn. Im Visier das Ostdeutsche Kuratorium von Verb\u00e4nden (OKV), die &#8222;junge Welt&#8220;, das &#8222;DDRKabinett Bochum&#8220;. Und nat\u00fcrlich die Redner. Die &#8222;Bild-Experten&#8220; k\u00f6nnen sich auf Weiteres vorbereiten. In allen Teilen des Landes werden solche Treffen stattfinden. Gemeinsam mit unseren westdeutschen Freundinnen und Freunden. Und sogar im Westen Deutschlands wird die DDR geehrt werden. Offenbar hat &#8222;Bild&#8220; verschlafen. Nach Besetzung und Machtergreifung, Raub des Volkseigentums, Kriminalisierung und Dem\u00fctigung ist Ostdeutschland aufgewacht. Besinnt sich zunehmend seiner Kraft. Nicht nur \u00c4ltere erinnern sich, auch junge Leute &#8222;entdecken&#8220; inzwischen den Wert dieses untergegangenen Landes. Etliche Politiker haben den Unmut im Osten erkannt, versuchen das f\u00fcr sich zu nutzen. Manche missbrauchen dies f\u00fcr Populismus und rechte Parolen. Die Wahlen stehen bevor. Wer im Leben steht, sp\u00fcrt, der Osten tickt anders. \u201eGemeinschaftsgef\u00fchl, kollektives Selbstbewusstsein und solidarischer Zusammenhalt\u201c, war j\u00fcngst der Befund einer Schweizer Soziologin. Und viele Menschen vermissen Sicherheit und Geborgenheit. Und noch mehr unterscheidet sie: die Sehnsucht nach Frieden und Freundschaft mit Russland. Dankbarkeit und Verbundenheit mit der Sowjetunion und die imperialistische Bedrohung des heutigen Russlands sind im Osten eine Barriere f\u00fcr den deutschen Imperialismus, eine Art Mauer. Unser Widerstand hat vielleicht schon mehr bewirkt als uns bewusst ist. Die Umerziehung der Ostdeutschen ist misslungen, wie neulich zu lesen war. Das m\u00fcssen auch die ewigen Krieger zur Kenntnis nehmen, auch die neue Kriegsministerin Annegret Kramp-K(n)arrenbauer. St\u00e4rken wir unser Selbstbewusstsein und unseren Widerstand. Gemeinsam. Und sch\u00f6pfen wir unsere Kraft auch aus den Erfahrungen der DDR. Deren wir mit Stolz gedenken.<\/p>\n<p>&nbsp;<\/p>\n<p>Mit herzlichem Dank an die Freunde des OKV f\u00fcr die Genehmigung zum Weiterverbreiten!<\/p>\n<p>Der link zum Original ist hier:<\/p>\n<p><a href=\"https:\/\/www.okv-ev.de\/Dokumente\/Erklaerungen_OKV\/Die%20Kraft%20des%20Ostens_Hans%20Bauer.pdf\" target=\"_blank\" rel=\"noopener noreferrer nofollow\">Klicke, um auf Die%20Kraft%20des%20Ostens_Hans%20Bauer.pdf zuzugreifen<\/a><\/p>\n","protected":false},"excerpt":{"rendered":"<p>von Hans Bauer, Vorsitzender der GRH und Mitglied des Deutschen Freidenker-Verbands &#8222;Bild&#8220; hetzt. Billiges Boulevardblatt. Sein Markenzeichen. Dieses Mal geht\u00b4s gegen Veranstaltungen zum 70. Jahrestag der Gr\u00fcndung der DDR am 7. Oktober 1949. In Neuenhagen und in Berlin-Marzahn. Im Visier das Ostdeutsche Kuratorium von Verb\u00e4nden (OKV), die &#8222;junge Welt&#8220;, das &#8222;DDRKabinett Bochum&#8220;. Und nat\u00fcrlich die [&hellip;]<\/p>\n","protected":false},"author":4,"featured_media":0,"comment_status":"closed","ping_status":"closed","sticky":false,"template":"","format":"standard","meta":{"jetpack_post_was_ever_published":false,"_jetpack_newsletter_access":"","_jetpack_dont_email_post_to_subs":false,"_jetpack_newsletter_tier_id":0,"_jetpack_memberships_contains_paywalled_content":false,"_jetpack_memberships_contains_paid_content":false,"footnotes":""},"categories":[1],"tags":[],"class_list":["post-5186","post","type-post","status-publish","format-standard","hentry","category-allgemein"],"jetpack_featured_media_url":"","jetpack_shortlink":"https:\/\/wp.me\/py5dN-1lE","jetpack_sharing_enabled":true,"_links":{"self":[{"href":"https:\/\/www.berlin.freidenker.org\/index.php?rest_route=\/wp\/v2\/posts\/5186","targetHints":{"allow":["GET"]}}],"collection":[{"href":"https:\/\/www.berlin.freidenker.org\/index.php?rest_route=\/wp\/v2\/posts"}],"about":[{"href":"https:\/\/www.berlin.freidenker.org\/index.php?rest_route=\/wp\/v2\/types\/post"}],"author":[{"embeddable":true,"href":"https:\/\/www.berlin.freidenker.org\/index.php?rest_route=\/wp\/v2\/users\/4"}],"replies":[{"embeddable":true,"href":"https:\/\/www.berlin.freidenker.org\/index.php?rest_route=%2Fwp%2Fv2%2Fcomments&post=5186"}],"version-history":[{"count":4,"href":"https:\/\/www.berlin.freidenker.org\/index.php?rest_route=\/wp\/v2\/posts\/5186\/revisions"}],"predecessor-version":[{"id":5190,"href":"https:\/\/www.berlin.freidenker.org\/index.php?rest_route=\/wp\/v2\/posts\/5186\/revisions\/5190"}],"wp:attachment":[{"href":"https:\/\/www.berlin.freidenker.org\/index.php?rest_route=%2Fwp%2Fv2%2Fmedia&parent=5186"}],"wp:term":[{"taxonomy":"category","embeddable":true,"href":"https:\/\/www.berlin.freidenker.org\/index.php?rest_route=%2Fwp%2Fv2%2Fcategories&post=5186"},{"taxonomy":"post_tag","embeddable":true,"href":"https:\/\/www.berlin.freidenker.org\/index.php?rest_route=%2Fwp%2Fv2%2Ftags&post=5186"}],"curies":[{"name":"wp","href":"https:\/\/api.w.org\/{rel}","templated":true}]}}