{"id":5191,"date":"2019-08-06T11:09:26","date_gmt":"2019-08-06T09:09:26","guid":{"rendered":"https:\/\/www.berlin.freidenker.org\/?p=5191"},"modified":"2019-08-06T11:09:26","modified_gmt":"2019-08-06T09:09:26","slug":"berlin-feiert-den-70-jahrestag-der-gruendung-der-ddr-teil-1","status":"publish","type":"post","link":"https:\/\/www.berlin.freidenker.org\/?p=5191","title":{"rendered":"Berlin feiert den 70 Jahrestag der Gr\u00fcndung der DDR (Teil 1)"},"content":{"rendered":"<p>Das Jahr 2019 ist das Jahr der <strong>70sten Wiederkehr der Gr\u00fcndung<\/strong> des ersten deutschen Friedensstaates, <strong>der Deutschen Demokratischen Republik.<\/strong><\/p>\n<p>&nbsp;<\/p>\n<p>Aus diesem Anlass steht die Veranstaltung des OKV, gemeinsam mit seinen Verb\u00e4nden, f\u00fcr dieses einmalige historische Ereignis.<\/p>\n<p>&nbsp;<\/p>\n<p>Am <strong>7. Oktober 2019, 10.00 &#8211; 12.00 Uhr<\/strong> <strong>l\u00e4dt das OKV e.V. ein<\/strong> ins B\u00fcrgerhaus Neuenhagen b. Berlin zur allj\u00e4hrlich gewohnten Alternative Einheitsfeier unter dem Motto: <strong>\u201e70. Jahrestag der Gr\u00fcndung der DDR, des ersten deutschen Friedensstaates&#8220;. <\/strong>Der Veranstaltungsflyer ist unter <a href=\"http:\/\/www.okv-ev.de\">www.okv-ev.de<\/a> \u00a0einzusehen, kann heruntergeladen und sollte weiter verbreitet werden.<\/p>\n<p><em>\u00a0<\/em><\/p>\n<p><strong><em>Der Vorverkauf l\u00e4uft \u2013<\/em><\/strong><\/p>\n<p><strong><em>Im Flyer sind die Vorverkaufsstellen am Franz-Mehring-Platz \u2013 FMP1 &#8211; aufgef\u00fchrt.<\/em><\/strong><\/p>\n<p><strong><em>Wer Mitglied eines der im OKV organisierten Vereine ist, kann Karten auch bei deren Vorst\u00e4nden\/SprecherInnen erwerben. <\/em><\/strong><\/p>\n<p><strong><em>Ebenso ist die Kartenbestellung \u00fcber \u201eKontakt&#8220; auf unsere Website als auch per E-Mail <\/em><\/strong><a href=\"mailto:redaktion@okv-ev.de\"><strong><em>redaktion@okv-ev.de<\/em><\/strong><\/a><strong><em> m\u00f6glich. <\/em><\/strong><\/p>\n","protected":false},"excerpt":{"rendered":"<p>Das Jahr 2019 ist das Jahr der 70sten Wiederkehr der Gr\u00fcndung des ersten deutschen Friedensstaates, der Deutschen Demokratischen Republik. &nbsp; Aus diesem Anlass steht die Veranstaltung des OKV, gemeinsam mit seinen Verb\u00e4nden, f\u00fcr dieses einmalige historische Ereignis. &nbsp; Am 7. Oktober 2019, 10.00 &#8211; 12.00 Uhr l\u00e4dt das OKV e.V. ein ins B\u00fcrgerhaus Neuenhagen b. [&hellip;]<\/p>\n","protected":false},"author":4,"featured_media":0,"comment_status":"closed","ping_status":"closed","sticky":false,"template":"","format":"standard","meta":{"jetpack_post_was_ever_published":false,"_jetpack_newsletter_access":"","_jetpack_dont_email_post_to_subs":false,"_jetpack_newsletter_tier_id":0,"_jetpack_memberships_contains_paywalled_content":false,"_jetpack_memberships_contains_paid_content":false,"footnotes":""},"categories":[1],"tags":[],"class_list":["post-5191","post","type-post","status-publish","format-standard","hentry","category-allgemein"],"jetpack_featured_media_url":"","jetpack_shortlink":"https:\/\/wp.me\/py5dN-1lJ","jetpack_sharing_enabled":true,"_links":{"self":[{"href":"https:\/\/www.berlin.freidenker.org\/index.php?rest_route=\/wp\/v2\/posts\/5191","targetHints":{"allow":["GET"]}}],"collection":[{"href":"https:\/\/www.berlin.freidenker.org\/index.php?rest_route=\/wp\/v2\/posts"}],"about":[{"href":"https:\/\/www.berlin.freidenker.org\/index.php?rest_route=\/wp\/v2\/types\/post"}],"author":[{"embeddable":true,"href":"https:\/\/www.berlin.freidenker.org\/index.php?rest_route=\/wp\/v2\/users\/4"}],"replies":[{"embeddable":true,"href":"https:\/\/www.berlin.freidenker.org\/index.php?rest_route=%2Fwp%2Fv2%2Fcomments&post=5191"}],"version-history":[{"count":1,"href":"https:\/\/www.berlin.freidenker.org\/index.php?rest_route=\/wp\/v2\/posts\/5191\/revisions"}],"predecessor-version":[{"id":5192,"href":"https:\/\/www.berlin.freidenker.org\/index.php?rest_route=\/wp\/v2\/posts\/5191\/revisions\/5192"}],"wp:attachment":[{"href":"https:\/\/www.berlin.freidenker.org\/index.php?rest_route=%2Fwp%2Fv2%2Fmedia&parent=5191"}],"wp:term":[{"taxonomy":"category","embeddable":true,"href":"https:\/\/www.berlin.freidenker.org\/index.php?rest_route=%2Fwp%2Fv2%2Fcategories&post=5191"},{"taxonomy":"post_tag","embeddable":true,"href":"https:\/\/www.berlin.freidenker.org\/index.php?rest_route=%2Fwp%2Fv2%2Ftags&post=5191"}],"curies":[{"name":"wp","href":"https:\/\/api.w.org\/{rel}","templated":true}]}}