{"id":5203,"date":"2019-08-21T22:07:35","date_gmt":"2019-08-21T20:07:35","guid":{"rendered":"https:\/\/www.berlin.freidenker.org\/?p=5203"},"modified":"2019-08-21T22:07:35","modified_gmt":"2019-08-21T20:07:35","slug":"berliner-freidenker-im-gespraech-mit-hartmut-koenig","status":"publish","type":"post","link":"https:\/\/www.berlin.freidenker.org\/?p=5203","title":{"rendered":"Berliner Freidenker im Gespr\u00e4ch mit Hartmut K\u00f6nig"},"content":{"rendered":"<p>Die Sommerpause endet, und wir laden ein zur n\u00e4chsten Runde \u201eBerliner Freidenker im Gespr\u00e4ch&#8220;.<\/p>\n<p>Unser\u00a0Referent\u00a0ist\u00a0Dr.\u00a0Hartmut\u00a0K\u00f6nig.<br \/>\nUnser\u00a0Thema:<br \/>\n<strong>Kultur\u00a0der\u00a0DDR\u00a0\u2013\u00a0Beitrag\u00a0zum\u00a0Reichtum\u00a0der\u00a0deutschen\u00a0Nationalkultur<\/strong><\/p>\n<p>Wann:<br \/>\nMittwoch,\u00a0den\u00a011.\u00a0September\u00a02019,\u00a0um\u00a018\u00a0Uhr<\/p>\n<p>Wo:<br \/>\nKieztreff\u00a0Wedding,\u00a0Stralsunder\u00a0Stra\u00dfe\u00a06<br \/>\n13355\u00a0Berlin<\/p>\n<p>Es scheint gem\u00e4\u00df heute herrschender Ideologie fast anr\u00fcchig, von einer Nationalkultur zu sprechen, obwohl es doch selbstverst\u00e4ndlich sein sollte, dass auch wir Deutschen eine haben&#8230; Und dann noch vom Beitrag der Deutschen Demokratischen Republik, wo K\u00fcnstler den Nationalpreis bekommen konnten, wo ein Komponist aus der Sch\u00f6nberg-Schule, Hanns Eisler, die Nationalhymne komponierte, und wo ein bedeutender Dichter, Johannes R. Becher, wie einst Goethe, den Rang eines Ministers bekleidete.<br \/>\nWir lie\u00dfen uns zum Titel inspirieren durch eine \u00c4u\u00dferung, die Hartmut K\u00f6nig k\u00fcrzlich in einem Interview bei RT deutsch machte:<br \/>\n\u201eDa ist, seri\u00f6s unleugbar, ein Reichtum parat f\u00fcr jeden, der ihn sehen und h\u00f6ren will. Der Osten hat ihn in die deutsche Nationalkultur eingebracht.&#8220;<br \/>\nMit einem weiteren Zitat aus diesem Interview sind wir mitten im Thema unseres Abends:<br \/>\n\u201eWer von einem grauen, trostlosen, kultur- und kunstfeindlichen Alltag der DDR-Gesellschaft redet, malt ein Zerrbild der Wirklichkeit. Das tun unbelehrbare Hard-Core-Delegitimierer, die die zunehmende Wut so vieler Ex-DDR-B\u00fcrger \u00fcber die Diffamierung ihrer einstigen Lebensleistungen und Milieus als \u00f6stlichen Undank abtun.&#8220;<\/p>\n<p>Hartmut K\u00f6nig m\u00fcssen wir kaum vorstellen. Viele von Euch haben seine Lieder seit ihrer Jugend gesungen. Geboren 1947 in Berlin, war er Mitbegr\u00fcnder der ersten deutschsprachigen DDR-Beatband \u00bbTeam 4\u00ab und des \u00bbOktoberklubs\u00ab; Autor und Komponist zahlreicher Lieder (\u00bbSag mir, wo du stehst\u00ab; Songtexte f\u00fcr den DEFA-Film \u00bbHei\u00dfer Sommer\u00ab). Er studierte Journalistik in Leipzig, 1974 Promotion; ab 1976 Sekret\u00e4r des Zentralrates der FDJ; 1989 stellvertretender Kulturminister. Nach 1990 arbeitete er in einem Brandenburger Zeitungsverlag und lebt heute in der Gemeinde Panketal nahe Bernau.<br \/>\nHartmut hat sich keineswegs in den Ruhestand einer \u201elebenden Legende&#8220; zur\u00fcckgezogen. Er ist weiterhin als Dichter und S\u00e4nger sehr aktiv, mit neuen aktuellen Liedern. Auch haben Viele, die den diesj\u00e4hrigen Berliner Ostermarsch besuchten, seine Rede dort als einen inhaltlichen H\u00f6hepunkt wahrgenommen.<\/p>\n<p>Das erw\u00e4hnte RT-Interview ist hier nachzulesen: <a href=\"https:\/\/www.freidenker.org\/?p=6713\" target=\"_blank\" rel=\"noopener noreferrer\">https:\/\/www.freidenker.org\/?p=6713<\/a><\/p>\n<p>AUSBLICK\u00a0AUF\u00a0DIE\u00a0KOMMENDEN\u00a0VERANSTALTUNGEN<\/p>\n<p>Da der 70. Jahrestag der Gr\u00fcndung der DDR bevorsteht, und die zu erwartende Flut von Delegitimierungskampagnen und Geschichtsf\u00e4lschungen schon eingesetzt hat, werden wir uns bis zum Jahresende in unseren Runden mit der Deutschen Demokratischen Republik und den Folgen ihrer Liquidierung und Annexion besch\u00e4ftigen. Wir wollen dabei auch zentrale Fragen des Staats- und V\u00f6lkerrechts ber\u00fchren.<\/p>\n<p>Am 9. Oktober wird Brigitte Streicher vom DDR-Kabinett Bochum einen Vergleich der Verfassung der DDR und des Grundgesetzes der BRD vortragen.<\/p>\n<p>Am 20. November wird Hans Bauer, Vorsitzender der GRH (Gesellschaft zur rechtlichen und humanit\u00e4ren Unterst\u00fctzung e.V.), uns Einblick in die Hintergr\u00fcnde und Folgen des Einigungsvertrags geben .<\/p>\n","protected":false},"excerpt":{"rendered":"<p>Die Sommerpause endet, und wir laden ein zur n\u00e4chsten Runde \u201eBerliner Freidenker im Gespr\u00e4ch&#8220;. Unser\u00a0Referent\u00a0ist\u00a0Dr.\u00a0Hartmut\u00a0K\u00f6nig. Unser\u00a0Thema: Kultur\u00a0der\u00a0DDR\u00a0\u2013\u00a0Beitrag\u00a0zum\u00a0Reichtum\u00a0der\u00a0deutschen\u00a0Nationalkultur Wann: Mittwoch,\u00a0den\u00a011.\u00a0September\u00a02019,\u00a0um\u00a018\u00a0Uhr Wo: Kieztreff\u00a0Wedding,\u00a0Stralsunder\u00a0Stra\u00dfe\u00a06 13355\u00a0Berlin Es scheint gem\u00e4\u00df heute herrschender Ideologie fast anr\u00fcchig, von einer Nationalkultur zu sprechen, obwohl es doch selbstverst\u00e4ndlich sein sollte, dass auch wir Deutschen eine haben&#8230; Und dann noch vom Beitrag der Deutschen Demokratischen [&hellip;]<\/p>\n","protected":false},"author":4,"featured_media":0,"comment_status":"closed","ping_status":"closed","sticky":false,"template":"","format":"standard","meta":{"jetpack_post_was_ever_published":false,"_jetpack_newsletter_access":"","_jetpack_dont_email_post_to_subs":false,"_jetpack_newsletter_tier_id":0,"_jetpack_memberships_contains_paywalled_content":false,"_jetpack_memberships_contains_paid_content":false,"footnotes":""},"categories":[1],"tags":[],"class_list":["post-5203","post","type-post","status-publish","format-standard","hentry","category-allgemein"],"jetpack_featured_media_url":"","jetpack_shortlink":"https:\/\/wp.me\/py5dN-1lV","jetpack_sharing_enabled":true,"_links":{"self":[{"href":"https:\/\/www.berlin.freidenker.org\/index.php?rest_route=\/wp\/v2\/posts\/5203","targetHints":{"allow":["GET"]}}],"collection":[{"href":"https:\/\/www.berlin.freidenker.org\/index.php?rest_route=\/wp\/v2\/posts"}],"about":[{"href":"https:\/\/www.berlin.freidenker.org\/index.php?rest_route=\/wp\/v2\/types\/post"}],"author":[{"embeddable":true,"href":"https:\/\/www.berlin.freidenker.org\/index.php?rest_route=\/wp\/v2\/users\/4"}],"replies":[{"embeddable":true,"href":"https:\/\/www.berlin.freidenker.org\/index.php?rest_route=%2Fwp%2Fv2%2Fcomments&post=5203"}],"version-history":[{"count":1,"href":"https:\/\/www.berlin.freidenker.org\/index.php?rest_route=\/wp\/v2\/posts\/5203\/revisions"}],"predecessor-version":[{"id":5204,"href":"https:\/\/www.berlin.freidenker.org\/index.php?rest_route=\/wp\/v2\/posts\/5203\/revisions\/5204"}],"wp:attachment":[{"href":"https:\/\/www.berlin.freidenker.org\/index.php?rest_route=%2Fwp%2Fv2%2Fmedia&parent=5203"}],"wp:term":[{"taxonomy":"category","embeddable":true,"href":"https:\/\/www.berlin.freidenker.org\/index.php?rest_route=%2Fwp%2Fv2%2Fcategories&post=5203"},{"taxonomy":"post_tag","embeddable":true,"href":"https:\/\/www.berlin.freidenker.org\/index.php?rest_route=%2Fwp%2Fv2%2Ftags&post=5203"}],"curies":[{"name":"wp","href":"https:\/\/api.w.org\/{rel}","templated":true}]}}