{"id":5245,"date":"2019-09-23T12:12:31","date_gmt":"2019-09-23T10:12:31","guid":{"rendered":"https:\/\/www.berlin.freidenker.org\/?p=5245"},"modified":"2019-09-23T12:12:31","modified_gmt":"2019-09-23T10:12:31","slug":"zum-klimastreik","status":"publish","type":"post","link":"https:\/\/www.berlin.freidenker.org\/?p=5245","title":{"rendered":"Zum &#8222;Klimastreik&#8220;"},"content":{"rendered":"<p>Nicht ohne Sorge fragten Mitglieder und Sympathisanten des Berliner Freidenkerverbandes an, ob der Verzicht auf eine Stellungnahme zum sogenannten \u201eKlimastreik&#8220; auf eine Scheu des Berliner Landesverbandes und seines Vorstands deuten k\u00f6nnte, das Thema anzupacken. Dem ist nicht so. Wie die Nachfragenden halten wir die Veranstaltung f\u00fcr eine Offensive des Klassenkampfs von oben, f\u00fcr eine Tarnkappenbewegung zur Durchsetzung reaktion\u00e4rster antisozialer und antidemokratischer Ma\u00dfnahmen. Wir sind aber der Meinung, dass wir die vielen Fragen, die sich hier stellen, zun\u00e4chst, mit diversen Pros und Contras, auf unseren gemeinsamen \u00f6ffentlichen Veranstaltungen diskutieren sollten. Wir sehen keinen Anla\u00df, uns bei der Thematik unter Zeitdruck setzen zu lassen.<br \/>\nIm Dezember wird das \u201eFreidenker&#8220;-Heft zum Thema \u201eKlima&#8220; erscheinen. Hier wird der Verband versuchen, zun\u00e4chst einmal die zugrundeliegenden wissenschaftlichen Fragen von beiden Seiten verst\u00e4ndlich zusammengefasst darzustellen.<br \/>\nAb Januar 2020 wollen wir in unseren gemeinsamen \u00f6ffentlichen Berliner Runden die verschiedenen Aspekte der \u201eProtestbewegungen&#8220; diskutieren.<\/p>\n<p>Zur Beruhigung aller, die nachfragten, \u00a0best\u00e4tigen wir aber das Offensichtliche:<br \/>\nEine Unterst\u00fctzung des \u201eKlimastreiks&#8220; durch den Berliner Freidenkerverband gibt es nicht.<\/p>\n<p>Daf\u00fcr, dass das Wort \u201eStreik&#8220; hier ins Gegenteil seiner Wortbedeutung verkehrt wird, sollten eigentlich schon solche Aufrufer wie die Unternehmensleitungen von \u201eAmazon&#8220;, \u201eZalando&#8220;, \u201eFlixbus&#8220; hinreichender Beleg sein \u2013 sowie die Beteiligung zahlreicher \u00a0anderer Unternehmen. Tats\u00e4chlich w\u00e4re hier \u201eAussperrung&#8220; das angemessene Wort. W\u00e4hrend \u00fcbrigens Flixbus-Fahrzeuge kostenlos zum Herankarren der \u201eStreikenden&#8220; zur Verf\u00fcgung stehen, gilt der \u201eStreik&#8220;aufruf des Unternehmens keineswegs f\u00fcr die Busfahrer selber, die \u00fcber Subunternehmen ausgebeutet werden.<\/p>\n<p>Wir sind uns bewu\u00dft, dass es bei der heutigen Veranstaltung \u201eKlimastreik&#8220; um das geht, was die Herrschenden seit langem ank\u00fcndigen: Die Durchsetzung einer Agenda 2020, versch\u00e4rfter Klassenkampf des oberen Drittels gegen die unteren zwei Drittel der Gesellschaft. Wir sind alarmiert, welch massive Versuche unternommen werden, breiteste Schichten der Lohnabh\u00e4ngigen \u2013 mit und ohne Einkommen \u2013 gegen ihre eigensten Interessen mit immensem organisatorischen und finanziellen Aufwand zu vereinnahmen. Allerdings halten wir die zu organisierende Gegenwehr f\u00fcr eine langfristige, mit B\u00fcndnispartnern vorzubereitende Aufgabe. Wichtiger als das vordergr\u00fcndige Medienspektakel \u201eauf der Stra\u00dfe&#8220; sind dabei allerdings die reaktion\u00e4ren Ma\u00dfnahmen selber: das \u201eKlimapaket&#8220;, das das \u201eKlimakabinett&#8220; der Gro\u00dfen Koalition heute durchwinken will.<\/p>\n<p>Als \u00fcberparteilicher HUMANISTISCHER Weltanschauungsverband betreffen uns diese Aktionen an einem Lebensnerv. Es spricht vieles daf\u00fcr, dass eine \u201eBewegung&#8220;, die \u201eden&#8220; Menschen als St\u00f6rfaktor \u201eder&#8220; Natur darstellt, in ihrem Wesen zutiefst ANTIhumanistisch ist. Auch darauf werden wir reagieren m\u00fcssen. Als Anregung f\u00fcr weiteres Nachdenken m\u00f6chten wir einen Text von Kai Rogusch empfehlen:<br \/>\n<a href=\"https:\/\/www.novo-argumente.com\/artikel\/greta_wann_platzt_die_bittere_politblase\" target=\"_blank\" rel=\"noopener noreferrer\">https:\/\/www.novo-argumente.com\/artikel\/greta_wann_platzt_die_bittere_politblase<\/a><\/p>\n<p>Ein Satz darin scheint uns Vieles auf den Punkt zu bringen, was wir heute um uns herum beobachten: \u201eDas Perfide liegt darin, dass auf diese Weise dem visionslosen Antihumanismus unserer Tage die Aura der kindlichen Unangreifbarkeit verschafft wird.&#8220;<\/p>\n","protected":false},"excerpt":{"rendered":"<p>Nicht ohne Sorge fragten Mitglieder und Sympathisanten des Berliner Freidenkerverbandes an, ob der Verzicht auf eine Stellungnahme zum sogenannten \u201eKlimastreik&#8220; auf eine Scheu des Berliner Landesverbandes und seines Vorstands deuten k\u00f6nnte, das Thema anzupacken. Dem ist nicht so. Wie die Nachfragenden halten wir die Veranstaltung f\u00fcr eine Offensive des Klassenkampfs von oben, f\u00fcr eine Tarnkappenbewegung [&hellip;]<\/p>\n","protected":false},"author":4,"featured_media":0,"comment_status":"closed","ping_status":"closed","sticky":false,"template":"","format":"standard","meta":{"jetpack_post_was_ever_published":false,"_jetpack_newsletter_access":"","_jetpack_dont_email_post_to_subs":false,"_jetpack_newsletter_tier_id":0,"_jetpack_memberships_contains_paywalled_content":false,"_jetpack_memberships_contains_paid_content":false,"footnotes":""},"categories":[1],"tags":[],"class_list":["post-5245","post","type-post","status-publish","format-standard","hentry","category-allgemein"],"jetpack_featured_media_url":"","jetpack_shortlink":"https:\/\/wp.me\/py5dN-1mB","jetpack_sharing_enabled":true,"_links":{"self":[{"href":"https:\/\/www.berlin.freidenker.org\/index.php?rest_route=\/wp\/v2\/posts\/5245","targetHints":{"allow":["GET"]}}],"collection":[{"href":"https:\/\/www.berlin.freidenker.org\/index.php?rest_route=\/wp\/v2\/posts"}],"about":[{"href":"https:\/\/www.berlin.freidenker.org\/index.php?rest_route=\/wp\/v2\/types\/post"}],"author":[{"embeddable":true,"href":"https:\/\/www.berlin.freidenker.org\/index.php?rest_route=\/wp\/v2\/users\/4"}],"replies":[{"embeddable":true,"href":"https:\/\/www.berlin.freidenker.org\/index.php?rest_route=%2Fwp%2Fv2%2Fcomments&post=5245"}],"version-history":[{"count":1,"href":"https:\/\/www.berlin.freidenker.org\/index.php?rest_route=\/wp\/v2\/posts\/5245\/revisions"}],"predecessor-version":[{"id":5246,"href":"https:\/\/www.berlin.freidenker.org\/index.php?rest_route=\/wp\/v2\/posts\/5245\/revisions\/5246"}],"wp:attachment":[{"href":"https:\/\/www.berlin.freidenker.org\/index.php?rest_route=%2Fwp%2Fv2%2Fmedia&parent=5245"}],"wp:term":[{"taxonomy":"category","embeddable":true,"href":"https:\/\/www.berlin.freidenker.org\/index.php?rest_route=%2Fwp%2Fv2%2Fcategories&post=5245"},{"taxonomy":"post_tag","embeddable":true,"href":"https:\/\/www.berlin.freidenker.org\/index.php?rest_route=%2Fwp%2Fv2%2Ftags&post=5245"}],"curies":[{"name":"wp","href":"https:\/\/api.w.org\/{rel}","templated":true}]}}