{"id":5263,"date":"2019-10-22T13:05:39","date_gmt":"2019-10-22T11:05:39","guid":{"rendered":"https:\/\/www.berlin.freidenker.org\/?p=5263"},"modified":"2019-10-22T13:05:39","modified_gmt":"2019-10-22T11:05:39","slug":"einladung-zur-diskussion","status":"publish","type":"post","link":"https:\/\/www.berlin.freidenker.org\/?p=5263","title":{"rendered":"Einladung zur Diskussion"},"content":{"rendered":"<p>\u201eErm\u00e4chtigungsgesetz \u2013 Notstandsgesetze \u2013 Klimanotstand?\u201c<\/p>\n<p>Einleitungsreferat:<\/p>\n<p style=\"text-align: center;\">Klaus Hartmann<\/p>\n<p style=\"text-align: center;\">Bundesvorsitzender des Deutschen Freidenker-Verbandes<\/p>\n<p>Wenn eine Regierung Steuern erh\u00f6hen will oder neue einf\u00fchren will, st\u00f6\u00dft das \u00fcblicherweise auf mehr oder weniger massive Proteste. Neuerdings gibt es hingegen Demonstrationen \u2013 f\u00fcr Steuererh\u00f6hungen! W\u00e4hrend das noch einer masochistischen Neigung oder der tiefverwurzelten Mentalit\u00e4t des Ablasshandels entspringen mag, ist bei einem anderen Thema Schluss mit lustig:<\/p>\n<p>Die erste \u201eGro\u00dfe Koalition\u201c in Westdeutschland setzte im Bundestag 1968 die \u201eNotstandsgesetze\u201c durch. Sie missachtete den breiten au\u00dferparlamentarischen Protest, zu dem das \u00fcberparteiliche Kuratorium \u201eNotstand der Demokratie\u201c aufrief. Doch wie sollte es anders sein: \u201eIm Hinterland zog die SED die Strippen.\u201c (\u201eDie Welt\u201c, 11.05.2018)<\/p>\n<p>Die Diskussion und die Praxis von Not- und Ausnahmezust\u00e4nden ist aber viel \u00e4lter \u2013 vom antiken Griechenland \u00fcber den Kirchenlehrer Augustinus, von Napoleon bis zur Weimarer Republik und dem Staatsrechtler Carl Schmitt \u2026 deshalb geht es im Vortrag schwerpunktm\u00e4\u00dfig um Historisches, Juristisches und Politisches zum Ausnahmezustand.<\/p>\n<p>Wie stehen Freidenker, traditionell engagiert gegen Kirchenprivilegien, f\u00fcr Frauenrechte, gegen Demokratieabbau und \u00dcberwachungsstaat, zur Forderung nach Ausrufung des Klimanotstands?<\/p>\n<p>Sonnabend, 26. Oktober 2019, 10:00 Uhr<\/p>\n<p>Jugendherberge, Leiterstra\u00dfe 10, 39104 Magdeburg<\/p>\n","protected":false},"excerpt":{"rendered":"<p>\u201eErm\u00e4chtigungsgesetz \u2013 Notstandsgesetze \u2013 Klimanotstand?\u201c Einleitungsreferat: Klaus Hartmann Bundesvorsitzender des Deutschen Freidenker-Verbandes Wenn eine Regierung Steuern erh\u00f6hen will oder neue einf\u00fchren will, st\u00f6\u00dft das \u00fcblicherweise auf mehr oder weniger massive Proteste. Neuerdings gibt es hingegen Demonstrationen \u2013 f\u00fcr Steuererh\u00f6hungen! W\u00e4hrend das noch einer masochistischen Neigung oder der tiefverwurzelten Mentalit\u00e4t des Ablasshandels entspringen mag, ist bei [&hellip;]<\/p>\n","protected":false},"author":4,"featured_media":0,"comment_status":"closed","ping_status":"closed","sticky":false,"template":"","format":"standard","meta":{"jetpack_post_was_ever_published":false,"_jetpack_newsletter_access":"","_jetpack_dont_email_post_to_subs":false,"_jetpack_newsletter_tier_id":0,"_jetpack_memberships_contains_paywalled_content":false,"_jetpack_memberships_contains_paid_content":false,"footnotes":""},"categories":[1],"tags":[],"class_list":["post-5263","post","type-post","status-publish","format-standard","hentry","category-allgemein"],"jetpack_featured_media_url":"","jetpack_shortlink":"https:\/\/wp.me\/py5dN-1mT","jetpack_sharing_enabled":true,"_links":{"self":[{"href":"https:\/\/www.berlin.freidenker.org\/index.php?rest_route=\/wp\/v2\/posts\/5263","targetHints":{"allow":["GET"]}}],"collection":[{"href":"https:\/\/www.berlin.freidenker.org\/index.php?rest_route=\/wp\/v2\/posts"}],"about":[{"href":"https:\/\/www.berlin.freidenker.org\/index.php?rest_route=\/wp\/v2\/types\/post"}],"author":[{"embeddable":true,"href":"https:\/\/www.berlin.freidenker.org\/index.php?rest_route=\/wp\/v2\/users\/4"}],"replies":[{"embeddable":true,"href":"https:\/\/www.berlin.freidenker.org\/index.php?rest_route=%2Fwp%2Fv2%2Fcomments&post=5263"}],"version-history":[{"count":1,"href":"https:\/\/www.berlin.freidenker.org\/index.php?rest_route=\/wp\/v2\/posts\/5263\/revisions"}],"predecessor-version":[{"id":5264,"href":"https:\/\/www.berlin.freidenker.org\/index.php?rest_route=\/wp\/v2\/posts\/5263\/revisions\/5264"}],"wp:attachment":[{"href":"https:\/\/www.berlin.freidenker.org\/index.php?rest_route=%2Fwp%2Fv2%2Fmedia&parent=5263"}],"wp:term":[{"taxonomy":"category","embeddable":true,"href":"https:\/\/www.berlin.freidenker.org\/index.php?rest_route=%2Fwp%2Fv2%2Fcategories&post=5263"},{"taxonomy":"post_tag","embeddable":true,"href":"https:\/\/www.berlin.freidenker.org\/index.php?rest_route=%2Fwp%2Fv2%2Ftags&post=5263"}],"curies":[{"name":"wp","href":"https:\/\/api.w.org\/{rel}","templated":true}]}}