{"id":5281,"date":"2019-11-19T19:42:14","date_gmt":"2019-11-19T17:42:14","guid":{"rendered":"https:\/\/www.berlin.freidenker.org\/?p=5281"},"modified":"2019-11-19T19:42:39","modified_gmt":"2019-11-19T17:42:39","slug":"berliner-freidenker-im-gespraech-mit-hans-bauer","status":"publish","type":"post","link":"https:\/\/www.berlin.freidenker.org\/?p=5281","title":{"rendered":"Berliner Freidenker im Gespr\u00e4ch mit Hans Bauer"},"content":{"rendered":"<p>unsere Runde \u201eFreidenker im Gespr\u00e4ch&#8220; findet im November ausnahmsweise am dritten Mittwoch statt, nicht am zweiten. Wir freuen uns also, nachdem es terminlich endlich geklappt hat, als Referenten RA Hans Bauer begr\u00fc\u00dfen zu d\u00fcrfen.<\/p>\n<p>Hans Bauer, Vorsitzender der Gesellschaft zur Rechtlichen und Humanit\u00e4ren Unterst\u00fctzung e.V. (GRH), mu\u00df unter unseren Mitgliedern kaum vorgestellt werden.<\/p>\n<p>Die Website der GRH mitsamt vielen lesenswerten Mitteilungen findet Ihr hier:<br \/>\n<a href=\"http:\/\/www.grh-ev.org\" target=\"_blank\" rel=\"noopener noreferrer\">http:\/\/www.grh-ev.org<\/a><\/p>\n<p>Wir\u00a0laden\u00a0also\u00a0herzlich\u00a0ein\u00a0auf\u00a0den\u00a020.\u00a0November\u00a02019.<\/p>\n<p>Wir wollen uns ein weiteres Mal mit den Vorg\u00e4ngen um die Liquidierung und Annexion der DDR und die Folgen f\u00fcr das heutige gespaltene Deutschland besch\u00e4ftigen .<br \/>\nUnser Thema ist der \u201eVertrag zwischen der Bundesrepublik Deutschland und der Deutschen Demokratischen Republik \u00fcber die Herstellung der Einheit Deutschlands&#8220;, kurz:<\/p>\n<p>Einigungsvertrag.<\/p>\n<p>Folgenden\u00a0Fragen\u00a0werden\u00a0wir\u00a0nachgehen:<\/p>\n<p>Wurde der Einigungsvertrag zwischen gleichberechtigten Partnern geschlossen?<\/p>\n<p>Auf\u00a0welcher\u00a0konstitutionellen\u00a0Grundlage\u00a0erfolgte\u00a0der\u00a0Einigungsvertrag?<\/p>\n<p>Wie wurden im Vertrag die Interessen der DDR ber\u00fccksichtigt? Wie wurden sie realisiert?<\/p>\n<p>Wo liegen aus der Sicht von 2019 die gr\u00f6\u00dften Verletzungen des Einigungsvertrages?<\/p>\n<p>Hier\u00a0alle\u00a0Daten\u00a0im\u00a0\u00dcberblick:<\/p>\n<p><strong>Berliner\u00a0Freidenker\u00a0im\u00a0Gespr\u00e4ch<\/strong><br \/>\n<strong> Thema:\u00a0Der\u00a0Einigungsvertrag<\/strong><br \/>\n<strong> Wann:\u00a0Mittwoch,\u00a020.\u00a0November\u00a02019,\u00a018\u00a0Uhr<\/strong><br \/>\n<strong> Wo:\u00a0Kieztreff\u00a0Wedding,\u00a0Stralsunder\u00a0Stra\u00dfe\u00a06<\/strong><br \/>\n<strong> 13355\u00a0Berlin<\/strong><\/p>\n<p>&nbsp;<\/p>\n","protected":false},"excerpt":{"rendered":"<p>unsere Runde \u201eFreidenker im Gespr\u00e4ch&#8220; findet im November ausnahmsweise am dritten Mittwoch statt, nicht am zweiten. Wir freuen uns also, nachdem es terminlich endlich geklappt hat, als Referenten RA Hans Bauer begr\u00fc\u00dfen zu d\u00fcrfen. Hans Bauer, Vorsitzender der Gesellschaft zur Rechtlichen und Humanit\u00e4ren Unterst\u00fctzung e.V. (GRH), mu\u00df unter unseren Mitgliedern kaum vorgestellt werden. Die Website [&hellip;]<\/p>\n","protected":false},"author":4,"featured_media":0,"comment_status":"closed","ping_status":"closed","sticky":false,"template":"","format":"standard","meta":{"jetpack_post_was_ever_published":false,"_jetpack_newsletter_access":"","_jetpack_dont_email_post_to_subs":false,"_jetpack_newsletter_tier_id":0,"_jetpack_memberships_contains_paywalled_content":false,"_jetpack_memberships_contains_paid_content":false,"footnotes":""},"categories":[1],"tags":[],"class_list":["post-5281","post","type-post","status-publish","format-standard","hentry","category-allgemein"],"jetpack_featured_media_url":"","jetpack_shortlink":"https:\/\/wp.me\/py5dN-1nb","jetpack_sharing_enabled":true,"_links":{"self":[{"href":"https:\/\/www.berlin.freidenker.org\/index.php?rest_route=\/wp\/v2\/posts\/5281","targetHints":{"allow":["GET"]}}],"collection":[{"href":"https:\/\/www.berlin.freidenker.org\/index.php?rest_route=\/wp\/v2\/posts"}],"about":[{"href":"https:\/\/www.berlin.freidenker.org\/index.php?rest_route=\/wp\/v2\/types\/post"}],"author":[{"embeddable":true,"href":"https:\/\/www.berlin.freidenker.org\/index.php?rest_route=\/wp\/v2\/users\/4"}],"replies":[{"embeddable":true,"href":"https:\/\/www.berlin.freidenker.org\/index.php?rest_route=%2Fwp%2Fv2%2Fcomments&post=5281"}],"version-history":[{"count":2,"href":"https:\/\/www.berlin.freidenker.org\/index.php?rest_route=\/wp\/v2\/posts\/5281\/revisions"}],"predecessor-version":[{"id":5283,"href":"https:\/\/www.berlin.freidenker.org\/index.php?rest_route=\/wp\/v2\/posts\/5281\/revisions\/5283"}],"wp:attachment":[{"href":"https:\/\/www.berlin.freidenker.org\/index.php?rest_route=%2Fwp%2Fv2%2Fmedia&parent=5281"}],"wp:term":[{"taxonomy":"category","embeddable":true,"href":"https:\/\/www.berlin.freidenker.org\/index.php?rest_route=%2Fwp%2Fv2%2Fcategories&post=5281"},{"taxonomy":"post_tag","embeddable":true,"href":"https:\/\/www.berlin.freidenker.org\/index.php?rest_route=%2Fwp%2Fv2%2Ftags&post=5281"}],"curies":[{"name":"wp","href":"https:\/\/api.w.org\/{rel}","templated":true}]}}