{"id":5300,"date":"2019-12-05T14:32:10","date_gmt":"2019-12-05T12:32:10","guid":{"rendered":"https:\/\/www.berlin.freidenker.org\/?p=5300"},"modified":"2019-12-05T14:32:10","modified_gmt":"2019-12-05T12:32:10","slug":"bitte-melde-dich-aufruf-an-den-unbekannten-soldaten","status":"publish","type":"post","link":"https:\/\/www.berlin.freidenker.org\/?p=5300","title":{"rendered":"Bitte melde Dich! Aufruf an den unbekannten Soldaten"},"content":{"rendered":"<div id=\"sp1\">\n<p class=\"art-details\">Autor: U. Gellermann<br \/>\nDatum: 27. November 2019<\/p>\n<p><span class=\"fs1 cl1\"><strong>Wie immer gab es auch auf unsere letzte Folge der MACHT- UM- ACHT eine F\u00fclle von Zuschriften. Eine davon ist ganz besonders eindrucksvoll: Ein Bundeswehr-Soldat hat sich sich bei uns \u00fcber YouTube gemeldet. Er geh\u00f6rt zu den deutschen Truppen, die inzwischen in mehr als zehn verschiedenen L\u00e4ndern der Welt Krieg f\u00fchren.<\/strong><\/span><\/p>\n<p><span class=\"fs1 cl1\"><span class=\"udl\">Dies ist die Original-Mail des unbekannten Soldaten:<\/span><\/span><\/p>\n<p><span class=\"fs1 cl1\"><em>\u201eIch habe den ganzen Schei\u00df da unten mitgemacht\u201c &#8211; SCHREIBT UNS DER SOLDAT &#8211; \u201e3 Mal! 2x davon an vorderster Front und es fast einige Male mit meinem kostbarsten Gut bezahlt..meinem Leben! 1,5 Jahre meines Lebens verschwendet, Punkt!<\/em><\/span><\/p>\n<p><span class=\"fs1 cl1\"><em>Ich war mit Idealen bei der Truppe angereist und verstand erst viel zu sp\u00e4t, dass es einfach grundfalsch ist, was wir dort machen. Umsonst noch obendrein. Einige meiner Kameraden haben es tats\u00e4chlich mit ihrem Leben bezahlt. Ruhet in Frieden !!! Noch mehr Kameraden sind physisch &#8222;intakt&#8220;, aber haben tiefe Narben in ihrem Geiste und ihren Seelen davon getragen, die in einem Menschenleben wohl nicht wieder geheilt werden k\u00f6nnen. Auch euch gilt mein tiefes Mitgef\u00fchl!<\/em><\/span><\/p>\n<p><span class=\"fs1 cl1\"><em>Nur eine Frage m\u00f6chte ich stellen: Wof\u00fcr, Frau Merkel ( oder jeder andere Person in diesem Parlament, der f\u00fcr die Eins\u00e4tze unserer Truppen im Ausland gestimmt hat)? WOF\u00dcR ???<\/em><\/span><br \/>\n<span class=\"fs1 cl1\"><em>Ich stehe zu meinem Schwur, das Recht und die Freiheit des deutschen Volkes tapfer zu verteidigen. Inzwischen allerdings auf der richtigen Seite. Auf der Seite der Menschen! ALLER Menschen!<\/em><\/span><\/p>\n<p><span class=\"fs1 cl1\"><em>Wir waren der ERSTE Panzerverband nach dem 2. Weltkrieg, der offiziell wieder in Kampfhandlungen verwickelt war. Diese Narbe und das Wissen darum, trage auch ich den Rest meines Lebens mit mir. Und ich warne ausdr\u00fccklich ALLE, die mit dem Gedanken spielen, sich f\u00fcr solche Eins\u00e4tze bereit zu erkl\u00e4ren. Macht es euch bewusst, dass ihr vielleicht nie wieder zur\u00fcck kommt oder aber zumindest ein Teil von euch f\u00fcr immer in einem fremden Land bleibt&#8230;<\/em><\/span><\/p>\n<p><span class=\"fs1 cl1\"><em>Von deutschem Boden sollte nie wieder Krieg ausgehen. Meiner Meinung nach sollte auch NIE WIEDER Krieg von Deutschen auf anderen B\u00f6den ausgehen.<\/em><\/span><\/p>\n<p><span class=\"fs1 cl1\"><em>Ich war da&#8230;wir sind da. Lasst es euch sagen von Augenzeugen, nicht von den \u00d6ffentlich-Rechtlichen.<\/em><\/span><br \/>\n<span class=\"fs1 cl1\"><em>In diesen traurigsten Regionen der Welt, wo seit Jahr(zehnt)en Krieg tobt&#8230;KRIEG- und keine kriegs\u00e4hnlichen Zust\u00e4nde- aber nicht einmal daf\u00fcr habt ihr die n\u00f6tigen Eier, um es beim Namen zu nennen&#8230;gibt es keinen Ruhm zu holen. Keine Ehre im Gefecht. Kein Lametta. Es gibt dort nichts, wof\u00fcr es sich zu sterben lohnt !!!<\/em><\/span><\/p>\n<p><span class=\"fs1 cl1\"><em>Bleibt bei euren Bekannten, Freunden, Familien, euren Liebsten. Tragt euren Teil anderweitig dazu bei, aus dieser Welt eine Welt f\u00fcr ALLE MENSCHEN zu machen.<\/em><\/span><\/p>\n<p><span class=\"fs1 cl1\"><em>Mit freundlichen Gr\u00fc\u00dfen &amp;<\/em><\/span><br \/>\n<span class=\"fs1 cl1\"><em>mit kameradschaftlichen Gr\u00fc\u00dfen!<\/em><\/span><\/p>\n<p><span class=\"fs1 cl1\"><em>Ein Augenzeuge\u2026\u201c<\/em><\/span><\/p>\n<p><span class=\"fs2 cl1\">Diesem Soldaten rufen wir zu:<\/span><\/p>\n<p><span class=\"fs1 cl1\"><strong>Bitte melde Dich! Komm vor unsere Kamera. Erz\u00e4hl Deinen Kameradinnen und Kameraden pers\u00f6nlich, was Du erlebt hast. Erz\u00e4hle mit unserer technischen Hilfe dem ganzen Land, wie es an der Front in jenen L\u00e4ndern aussieht, in denen wir nichts zu suchen haben und doch Krieg f\u00fchren. <\/strong><\/span><\/p>\n<p><span class=\"fs1 cl1\">Hier geht es zum Video: <\/span><br \/>\n<span class=\"fs1 cl2\"><a class=\"lnk_extern\" title=\"Die Mcht um Acht\" href=\"http:\/\/kenfm.de\/die-macht-um-acht-40\/\">https:\/\/kenfm.de\/die-macht-um-acht-40\/<\/a><\/span><\/p>\n<\/div>\n<p>&nbsp;<\/p>\n<p>Quelle: https:\/\/www.rationalgalerie.de\/kritik\/bitte-melde-dich.html<\/p>\n","protected":false},"excerpt":{"rendered":"<p>Autor: U. Gellermann Datum: 27. November 2019 Wie immer gab es auch auf unsere letzte Folge der MACHT- UM- ACHT eine F\u00fclle von Zuschriften. Eine davon ist ganz besonders eindrucksvoll: Ein Bundeswehr-Soldat hat sich sich bei uns \u00fcber YouTube gemeldet. Er geh\u00f6rt zu den deutschen Truppen, die inzwischen in mehr als zehn verschiedenen L\u00e4ndern der [&hellip;]<\/p>\n","protected":false},"author":4,"featured_media":0,"comment_status":"closed","ping_status":"closed","sticky":false,"template":"","format":"standard","meta":{"jetpack_post_was_ever_published":false,"_jetpack_newsletter_access":"","_jetpack_dont_email_post_to_subs":false,"_jetpack_newsletter_tier_id":0,"_jetpack_memberships_contains_paywalled_content":false,"_jetpack_memberships_contains_paid_content":false,"footnotes":""},"categories":[1],"tags":[],"class_list":["post-5300","post","type-post","status-publish","format-standard","hentry","category-allgemein"],"jetpack_featured_media_url":"","jetpack_shortlink":"https:\/\/wp.me\/py5dN-1nu","jetpack_sharing_enabled":true,"_links":{"self":[{"href":"https:\/\/www.berlin.freidenker.org\/index.php?rest_route=\/wp\/v2\/posts\/5300","targetHints":{"allow":["GET"]}}],"collection":[{"href":"https:\/\/www.berlin.freidenker.org\/index.php?rest_route=\/wp\/v2\/posts"}],"about":[{"href":"https:\/\/www.berlin.freidenker.org\/index.php?rest_route=\/wp\/v2\/types\/post"}],"author":[{"embeddable":true,"href":"https:\/\/www.berlin.freidenker.org\/index.php?rest_route=\/wp\/v2\/users\/4"}],"replies":[{"embeddable":true,"href":"https:\/\/www.berlin.freidenker.org\/index.php?rest_route=%2Fwp%2Fv2%2Fcomments&post=5300"}],"version-history":[{"count":1,"href":"https:\/\/www.berlin.freidenker.org\/index.php?rest_route=\/wp\/v2\/posts\/5300\/revisions"}],"predecessor-version":[{"id":5301,"href":"https:\/\/www.berlin.freidenker.org\/index.php?rest_route=\/wp\/v2\/posts\/5300\/revisions\/5301"}],"wp:attachment":[{"href":"https:\/\/www.berlin.freidenker.org\/index.php?rest_route=%2Fwp%2Fv2%2Fmedia&parent=5300"}],"wp:term":[{"taxonomy":"category","embeddable":true,"href":"https:\/\/www.berlin.freidenker.org\/index.php?rest_route=%2Fwp%2Fv2%2Fcategories&post=5300"},{"taxonomy":"post_tag","embeddable":true,"href":"https:\/\/www.berlin.freidenker.org\/index.php?rest_route=%2Fwp%2Fv2%2Ftags&post=5300"}],"curies":[{"name":"wp","href":"https:\/\/api.w.org\/{rel}","templated":true}]}}