{"id":5303,"date":"2019-12-06T13:13:48","date_gmt":"2019-12-06T11:13:48","guid":{"rendered":"https:\/\/www.berlin.freidenker.org\/?p=5303"},"modified":"2019-12-06T13:13:48","modified_gmt":"2019-12-06T11:13:48","slug":"spendet-fuer-julian-assange-solange-der-journalist-noch-lebt","status":"publish","type":"post","link":"https:\/\/www.berlin.freidenker.org\/?p=5303","title":{"rendered":"SPENDET F\u00dcR JULIAN ASSANGE SOLANGE DER JOURNALIST NOCH LEBT"},"content":{"rendered":"<pre>Seit Wochen sitzt der Journalist Julian Assange in Isolationshaft in\r\neinem englischen Milit\u00e4rgef\u00e4ngnis. Er sitzt in einer Haft, die nach\r\nallen Menschenrechten eine Form der Folter ist. Der Mann, der nichts\r\nanderes gemacht hat, als Kriegsverbrechen der USA im Irak an die\r\n\u00d6ffentlichkeit zu bringen, der Mann, der \u00fcber Jahre zu einem Exil in\r\nder Londoner Botschaft Ecuadors gezwungen war, dieser Mann sitzt ohne\r\nAnklage, ohne Rechtsgrundlage und fast ohne Kontakt zur Au\u00dfenwelt im\r\n\u201eBritischen Guantanamo\u201c. Denn die USA, die Kriegsverbrecher im\r\nWei\u00dfen Haus und der US-Armeef\u00fchrung, wollen den Mann in ihre F\u00e4nge\r\nbekommen. Damit er f\u00fcr immer zum Schweigen gebracht wird. Auf diesem\r\nWeg zur Eliminierung des Zeugen der US-Verbrechen erlebt Julian Assange\r\neine Haft, die jedem Menschenrecht widerspricht.\r\n\r\nSchon lange treffen sich die Berliner Freunde und Unterst\u00fctzer von\r\nJulian Assange jeden Mittwoch gegen\u00fcber der US-Botschaft am\r\nBrandenburger Tor zu einer Mahnwache. Diesmal soll Geld f\u00fcr das Opfer\r\ndes US-Machtwahns gesammelt werden. Denn Julian braucht Geld: F\u00fcr\r\nAnw\u00e4lte und die Organisation rund um ein Leben in Haft. Die Spenden\r\nsind auch ein materielles Zeichen der Solidarit\u00e4t. Denn die Machthaber\r\nin den USA und England wollen den tapferen Menschen im Knast verrecken\r\nlassen. Zwar haben sie so ziemlich alle Gesetze b\u00fcrgerlichen Rechtes\r\nau\u00dfer Kraft gesetzt, aber vielleicht k\u00f6nnen gute Anw\u00e4lte seine Lage\r\nbessern. Ganz sicher erreicht ihn die Nachricht von dieser weiteren\r\nSolidarit\u00e4tswache: Das mag nicht viel sein, aber es ist viel mehr als\r\ndie schweigenden, feigen deutschen Medien leisten. Es ist mehr als eine\r\ndeutsche Regierung bereit ist zu tun, die gern \u00fcber Menschenrechte\r\nredet, im Fall Assange aber ein t\u00f6dliches Schweigen bevorzugt.\r\n\r\nKommt am 11.Dezember 2019 um 19.00 Uhr zur US-Botschaft in Berlin. Zeigt\r\ndem Schweigekartell die Z\u00e4hne. Helft Spenden f\u00fcr Julian sammeln.<\/pre>\n","protected":false},"excerpt":{"rendered":"<p>Seit Wochen sitzt der Journalist Julian Assange in Isolationshaft in einem englischen Milit\u00e4rgef\u00e4ngnis. Er sitzt in einer Haft, die nach allen Menschenrechten eine Form der Folter ist. Der Mann, der nichts anderes gemacht hat, als Kriegsverbrechen der USA im Irak an die \u00d6ffentlichkeit zu bringen, der Mann, der \u00fcber Jahre zu einem Exil in der [&hellip;]<\/p>\n","protected":false},"author":4,"featured_media":0,"comment_status":"closed","ping_status":"closed","sticky":false,"template":"","format":"standard","meta":{"jetpack_post_was_ever_published":false,"_jetpack_newsletter_access":"","_jetpack_dont_email_post_to_subs":false,"_jetpack_newsletter_tier_id":0,"_jetpack_memberships_contains_paywalled_content":false,"_jetpack_memberships_contains_paid_content":false,"footnotes":""},"categories":[1],"tags":[],"class_list":["post-5303","post","type-post","status-publish","format-standard","hentry","category-allgemein"],"jetpack_featured_media_url":"","jetpack_shortlink":"https:\/\/wp.me\/py5dN-1nx","jetpack_sharing_enabled":true,"_links":{"self":[{"href":"https:\/\/www.berlin.freidenker.org\/index.php?rest_route=\/wp\/v2\/posts\/5303","targetHints":{"allow":["GET"]}}],"collection":[{"href":"https:\/\/www.berlin.freidenker.org\/index.php?rest_route=\/wp\/v2\/posts"}],"about":[{"href":"https:\/\/www.berlin.freidenker.org\/index.php?rest_route=\/wp\/v2\/types\/post"}],"author":[{"embeddable":true,"href":"https:\/\/www.berlin.freidenker.org\/index.php?rest_route=\/wp\/v2\/users\/4"}],"replies":[{"embeddable":true,"href":"https:\/\/www.berlin.freidenker.org\/index.php?rest_route=%2Fwp%2Fv2%2Fcomments&post=5303"}],"version-history":[{"count":1,"href":"https:\/\/www.berlin.freidenker.org\/index.php?rest_route=\/wp\/v2\/posts\/5303\/revisions"}],"predecessor-version":[{"id":5304,"href":"https:\/\/www.berlin.freidenker.org\/index.php?rest_route=\/wp\/v2\/posts\/5303\/revisions\/5304"}],"wp:attachment":[{"href":"https:\/\/www.berlin.freidenker.org\/index.php?rest_route=%2Fwp%2Fv2%2Fmedia&parent=5303"}],"wp:term":[{"taxonomy":"category","embeddable":true,"href":"https:\/\/www.berlin.freidenker.org\/index.php?rest_route=%2Fwp%2Fv2%2Fcategories&post=5303"},{"taxonomy":"post_tag","embeddable":true,"href":"https:\/\/www.berlin.freidenker.org\/index.php?rest_route=%2Fwp%2Fv2%2Ftags&post=5303"}],"curies":[{"name":"wp","href":"https:\/\/api.w.org\/{rel}","templated":true}]}}