{"id":5313,"date":"2019-12-19T14:40:04","date_gmt":"2019-12-19T12:40:04","guid":{"rendered":"https:\/\/www.berlin.freidenker.org\/?p=5313"},"modified":"2019-12-19T14:40:04","modified_gmt":"2019-12-19T12:40:04","slug":"einladung-zur-berliner-runde-freidenker-im-gespraech","status":"publish","type":"post","link":"https:\/\/www.berlin.freidenker.org\/?p=5313","title":{"rendered":"Einladung zur Berliner Runde Freidenker im Gespr\u00e4ch:"},"content":{"rendered":"<p>Zum 75. Jahrestag der Befreiung von Krieg und Faschismus<\/p>\n<p>NATO MACHT MOBIL \u2013 GEGEN RUSSLAND<\/p>\n<p>Vortrag und Diskussion mit Klaus Hartmann, Bundesvorsitzender des Deutschen Freidenker-Verbandes<\/p>\n<p>Von Januar bis Mai 2020 planen die USA und NATO-Staaten ein Gro\u00dfman\u00f6ver zur transatlantischen Mobilmachung gegen Russland. Eine Invasion von 20.000 US-Soldaten verst\u00e4rkt die bereits stationierten 17.000, der gr\u00f6\u00dfte Aufmarsch seit Ende des \u201eKalten Krieges\u201c.<\/p>\n<p>Zweck ist es, in kurzer Zeit kampfstarke Gro\u00dfverb\u00e4nde mit Panzern und Soldaten quer durch Europa an die russische Grenze zu verlegen. F\u00fcr die Erh\u00f6hung der \u201emilit\u00e4rischen Mobilit\u00e4t\u201c baut die \u201eFriedensmacht\u201c EU mit 6,5 Milliarden Euro Stra\u00dfen und Br\u00fccken \u201ekriegsverwendungsf\u00e4hig\u201c aus.<\/p>\n<p>Das Territorium der DDR, des gewesenen antifaschistischen Friedensstaates, soll zum Truppenaufmarschgebiet gegen Russland gemacht und seine Bewohner einmal mehr gedem\u00fctigt werden. Die imperialistische Propaganda will die Ergebnisse des 8. Mai 1945 annullieren, den ma\u00dfgeblichen Anteil der Roten Armee an der Niederschlagung des Faschismus streichen.<\/p>\n<p>Welche Regionen sind besonders betroffen? Welchen Beitrag k\u00f6nnen wir zum Widerstand der Bev\u00f6lkerung gegen diesen Affront der NATO-Kriegstreiber leisten?<\/p>\n<p>Wann: Montag den 13. Januar 2020, 16 Uhr<\/p>\n<p>ND- Geb\u00e4ude, Seminarraum 1, Franz-Mehring-Platz 1, 10243 Berlin<\/p>\n<p>(S-Ostbahnhof oder U5-Weberwiese)<\/p>\n","protected":false},"excerpt":{"rendered":"<p>Zum 75. Jahrestag der Befreiung von Krieg und Faschismus NATO MACHT MOBIL \u2013 GEGEN RUSSLAND Vortrag und Diskussion mit Klaus Hartmann, Bundesvorsitzender des Deutschen Freidenker-Verbandes Von Januar bis Mai 2020 planen die USA und NATO-Staaten ein Gro\u00dfman\u00f6ver zur transatlantischen Mobilmachung gegen Russland. Eine Invasion von 20.000 US-Soldaten verst\u00e4rkt die bereits stationierten 17.000, der gr\u00f6\u00dfte Aufmarsch [&hellip;]<\/p>\n","protected":false},"author":4,"featured_media":0,"comment_status":"closed","ping_status":"closed","sticky":false,"template":"","format":"standard","meta":{"jetpack_post_was_ever_published":false,"_jetpack_newsletter_access":"","_jetpack_dont_email_post_to_subs":false,"_jetpack_newsletter_tier_id":0,"_jetpack_memberships_contains_paywalled_content":false,"_jetpack_memberships_contains_paid_content":false,"footnotes":""},"categories":[1],"tags":[],"class_list":["post-5313","post","type-post","status-publish","format-standard","hentry","category-allgemein"],"jetpack_featured_media_url":"","jetpack_shortlink":"https:\/\/wp.me\/py5dN-1nH","jetpack_sharing_enabled":true,"_links":{"self":[{"href":"https:\/\/www.berlin.freidenker.org\/index.php?rest_route=\/wp\/v2\/posts\/5313","targetHints":{"allow":["GET"]}}],"collection":[{"href":"https:\/\/www.berlin.freidenker.org\/index.php?rest_route=\/wp\/v2\/posts"}],"about":[{"href":"https:\/\/www.berlin.freidenker.org\/index.php?rest_route=\/wp\/v2\/types\/post"}],"author":[{"embeddable":true,"href":"https:\/\/www.berlin.freidenker.org\/index.php?rest_route=\/wp\/v2\/users\/4"}],"replies":[{"embeddable":true,"href":"https:\/\/www.berlin.freidenker.org\/index.php?rest_route=%2Fwp%2Fv2%2Fcomments&post=5313"}],"version-history":[{"count":1,"href":"https:\/\/www.berlin.freidenker.org\/index.php?rest_route=\/wp\/v2\/posts\/5313\/revisions"}],"predecessor-version":[{"id":5314,"href":"https:\/\/www.berlin.freidenker.org\/index.php?rest_route=\/wp\/v2\/posts\/5313\/revisions\/5314"}],"wp:attachment":[{"href":"https:\/\/www.berlin.freidenker.org\/index.php?rest_route=%2Fwp%2Fv2%2Fmedia&parent=5313"}],"wp:term":[{"taxonomy":"category","embeddable":true,"href":"https:\/\/www.berlin.freidenker.org\/index.php?rest_route=%2Fwp%2Fv2%2Fcategories&post=5313"},{"taxonomy":"post_tag","embeddable":true,"href":"https:\/\/www.berlin.freidenker.org\/index.php?rest_route=%2Fwp%2Fv2%2Ftags&post=5313"}],"curies":[{"name":"wp","href":"https:\/\/api.w.org\/{rel}","templated":true}]}}