{"id":5319,"date":"2019-12-29T20:26:01","date_gmt":"2019-12-29T18:26:01","guid":{"rendered":"https:\/\/www.berlin.freidenker.org\/?p=5319"},"modified":"2019-12-29T20:37:53","modified_gmt":"2019-12-29T18:37:53","slug":"zwei-welten-deutschland-frankreich","status":"publish","type":"post","link":"https:\/\/www.berlin.freidenker.org\/?p=5319","title":{"rendered":"Zwei Welten &#8211; Deutschland \/ Frankreich"},"content":{"rendered":"<p><em>(Zusammenstellung und Kommentierung Doris Pumphrey, 28.12.2019 \u2013 nach einem Aufenthalt und Teilnahme an Demonstrationen in Frankreich)<\/em><\/p>\n<p><strong>In Deutschland<\/strong> wird die Schule \u201ebestreikt&#8220; und massenweise auf den Stra\u00dfen gehopst f\u00fcr h\u00f6here Steuern. Die Hopsenden werden von finanzstarken Kreisen unterst\u00fctzt, von Medien, Kirchen und selbst Gewerkschaften gelobt. Und auch Linke schlossen sich an, in der Hoffnung ein wenig von jugendlichen Massen wahrgenommen zu werden. Die FfF-&#8222;Generation&#8220; feiert sich selbst als Retter des \u201eKlimas&#8220; \u2013 d\u00fcrfte allerdings in Deutschland den gr\u00f6\u00dften Zulauf gehabt haben, denn auch nur hier wird die CO2 Steuer gefeiert und gleich noch mehr gefordert.<\/p>\n<p>In Deutschland hetzt <a href=\"https:\/\/deutsch.rt.com\/viral\/96129-sind-doch-eh-bald-nicht\/\">Fridays for Future<\/a> gegen die Generation der Gro\u00dfeltern und kurz darauf missbraucht ein <a href=\"https:\/\/de.sputniknews.com\/gesellschaft\/20191228326290695-wdr-kids-empoeren-mit-klima-lied\/\">\u00d6ffentlicher Sender (WDR)<\/a> Kinder, um sie gegen die Alten hetzen zu lassen. Zufall? Fehltritt? Versuchsballon? Da ist es nicht mehr weit, Kinder und Jugendliche auf die Stra\u00dfe zu mobilisieren, um nach den CO2-Steuern auch noch weiteren antisozialen Ma\u00dfnahmen Vorschub zu leisten: Wie w\u00e4r&#8217;s mit h\u00f6herer Besteuerung der Renten, eingeschr\u00e4nkter Krankenversicherung \u201eum das Kima zu retten.&#8220;<\/p>\n<p><strong>Auf der anderen Seite des Rheins &#8211; eine andere Welt<br \/>\nEin gemeinsamer Kampf gegen die unsoziale Politik der Regierung und f\u00fcr eine sozial gesicherte Zukunft.<br \/>\nHier gilt immer noch: \u201eLibert\u00e9, Egalit\u00e9, Fraternit\u00e9&#8220;<\/strong><\/p>\n<p><strong>In Frankreich<\/strong> hatten der deutsche Schulstreik und das Hopsen f\u00fcr h\u00f6here Steuern nur wenig Nachahmer gefunden. Im Gegenteil: Die Erh\u00f6hung der C02 Steuer hatte dort Woche um Woche Massen von B\u00fcrgerinnen und B\u00fcrgern in gelben Westen auf die Stra\u00dfen gebracht, die die Kreisverkehre blockierten und in den gr\u00f6\u00dferen St\u00e4dten demonstrierten, begleitet von der Sympathie und Unterst\u00fctzung der Bev\u00f6lkerungsmehrheit. Der Innenminister lie\u00df Kriegswaffen gegen sie einsetzen.<\/p>\n<p>Nach deutschem Vorbild und Ma\u00dfgabe in der EU, will Macron nun auch die Renten k\u00fcrzen und das Rentenalter erh\u00f6hen. Diese Ank\u00fcndigung wirkte wie eine Kriegserkl\u00e4rung gegen gro\u00dfe Teile des franz\u00f6sischen Volkes.<\/p>\n<p>Der Streik in den betroffenen Sektoren wurde auch zu Weihnachten nicht unterbrochen. Im Kampf gegen die Rentenpl\u00e4ne kristallisiert sich der ganze Zorn gegen die unsoziale Politik der Regierung Macron. Zu den von dieser Rentenreform als erste betroffenen Lohnabh\u00e4ngigen des \u00f6ffentlichen Sektors z.B. Bahnarbeiter, Feuerwehrleute, Pflegepersonal, Lehrer, gesellen sich in den Demonstrationen immer mehr Arbeiter aus dem privaten Sektor.<\/p>\n<p>In Avignon schlie\u00dfen sich Anw\u00e4lte in ihren Talaren demonstrativ der Mobilisierungsbewegung gegen die Rentenreform an, \u201eum den Zorn der Anw\u00e4lte Frankreichs auszudr\u00fccken&#8220;.<\/p>\n<p>Rentner, die die Konsequenzen der Rentenreform selbst nicht mehr tragen m\u00fcssen, gehen mit auf die Stra\u00dfe. \u201eDie Renten haben wir im Kampf errungen, wir k\u00e4mpfen um sie zu bewahren&#8220;, wie ein Rentner es formulierte.<\/p>\n<p>Jugendliche allen Alters sind mit auf der Stra\u00dfe. \u201eWir werden die ersten sein, die diese Rentenreform trifft.&#8220; \u201eWir sind vom Streik unserer Lehrer betroffen, die auch f\u00fcr ihre Rechte und die Sicherung der Rente demonstrieren. Es ist wichtig f\u00fcr die Rente zu demonstrieren, die Rente ist auch unsere Zukunft.&#8220;<\/p>\n<p>Eine Gewerkschafterin in Tarbes fasst den gemeinsamen Kampf zusammen: \u201eDie Arbeiter des \u00f6ffentlichen und privaten Sektors dieses Landes, die Jugendlichen, die Rentner und die Arbeitslosen wollen diese Lebens- und Arbeitsbedingungen nicht l\u00e4nger ertragen und auf dem Altar der Finanzen geopfert werden.&#8220;<\/p>\n<p>Eine junge Demonstrantin begr\u00fcndet, warum der Kampf auch \u00fcber die Weihnachtsfeiertage weitergehen muss: \u201eEs ist nicht cool \u00fcber die Feiertage zu streiken, aber wenn wir eine Pause machen, werden sie uns nicht ernst nehmen. Es gibt noch viele Weihnachten \u2013 aber nur eine Rente.&#8220;<\/p>\n<p>Am 24. Dezember f\u00fchrten die Ballettt\u00e4nzerinnen der Pariser Oper unter der Begleitung des Orchesters auf den Stufen der Pariser Garnier Oper eine Szene aus dem Schwanensee auf \u2013 als Zeichen ihres Protestes gegen die Rentenpl\u00e4ne der Regierung, von der auch sie betroffen sind. Da seit dem 5. Dezember wegen des Streiks die Vorstellungen der Oper ausfallen, sollte dies auch eine kleine Entsch\u00e4digung sein f\u00fcr die vielen, die auf die Weihnachtsauff\u00fchrungen verzichten m\u00fcssen.<br \/>\nSiehe dazu den kurzen Bericht in Deutsch: <a href=\"https:\/\/web.de\/magazine\/panorama\/frankreich-opern-taenzerinnen-fuerchten-regierungs-plaene-altersversorgung-34297324\">https:\/\/web.de\/magazine\/panorama\/frankreich-opern-taenzerinnen-fuerchten-regierungs-plaene-altersversorgung-34297324<\/a><br \/>\nund hier die ganze Tanzszene: <a href=\"https:\/\/youtu.be\/oVueDU8uw1I\">https:\/\/youtu.be\/oVueDU8uw1I<\/a><\/p>\n<p>Auf den Stufen der Pariser Oper and der Bastille hatten die streikenden Musiker bereits am 17. Dezember w\u00e4hrend der gro\u00dfen Demonstration ihren Protest mit mehreren Darbietungen deutlich gemacht <a href=\"https:\/\/www.youtube.com\/watch?v=Ab3XloMTIPY&amp;feature=youtu.be\">https:\/\/www.youtube.com\/watch?v=Ab3XloMTIPY&amp;feature=youtu.be<\/a><\/p>\n<p>Um einen Eindruck des Klassenkampfes in Frankreich zu bekommen, hier ein paar Beispiele aus einigen St\u00e4dten <em>(einige Videos beginnen mit Werbung durch youtube)<\/em><\/p>\n<p>Paris: <a href=\"https:\/\/youtu.be\/w_y7OvRmU9Q\">https:\/\/youtu.be\/w_y7OvRmU9Q<\/a><\/p>\n<p>La Rochelle: <a href=\"https:\/\/www.youtube.com\/watch?v=3klYo-mjhCo\">https:\/\/www.youtube.com\/watch?v=3klYo-mjhCo<\/a><\/p>\n<p>Avignon: <a href=\"https:\/\/youtu.be\/y1LsatIurCU\">https:\/\/youtu.be\/y1LsatIurCU<\/a><\/p>\n<p>Rouen: <a href=\"https:\/\/www.youtube.com\/watch?v=4vQWlA6E3Uo\">https:\/\/www.youtube.com\/watch?v=4vQWlA6E3Uo<\/a><\/p>\n<p>Le Havre: <a href=\"https:\/\/youtu.be\/ydPHg2UTNhc\">https:\/\/youtu.be\/ydPHg2UTNhc<\/a><\/p>\n<p>Rennes :<a href=\"https:\/\/youtu.be\/a8_TFKM4CMo\">https:\/\/youtu.be\/a8_TFKM4CMo<\/a><\/p>\n<p>Limoges: <a href=\"https:\/\/youtu.be\/75pJR_6qWYg\">https:\/\/youtu.be\/75pJR_6qWYg<\/a><\/p>\n<p>Marseille: <a href=\"https:\/\/www.youtube.com\/watch?v=kFj_RztUBxU\">https:\/\/www.youtube.com\/watch?v=kFj_RztUBxU<\/a><\/p>\n<p>Tarbes: <a href=\"https:\/\/www.youtube.com\/watch?v=iFmJKhQQuXg\">https:\/\/www.youtube.com\/watch?v=iFmJKhQQuXg<\/a><\/p>\n<p>Clermont-Ferrand: <a href=\"https:\/\/www.youtube.com\/watch?v=LiEBOj6yYD4\">https:\/\/www.youtube.com\/watch?v=LiEBOj6yYD4<\/a><\/p>\n","protected":false},"excerpt":{"rendered":"<p>(Zusammenstellung und Kommentierung Doris Pumphrey, 28.12.2019 \u2013 nach einem Aufenthalt und Teilnahme an Demonstrationen in Frankreich) In Deutschland wird die Schule \u201ebestreikt&#8220; und massenweise auf den Stra\u00dfen gehopst f\u00fcr h\u00f6here Steuern. Die Hopsenden werden von finanzstarken Kreisen unterst\u00fctzt, von Medien, Kirchen und selbst Gewerkschaften gelobt. Und auch Linke schlossen sich an, in der Hoffnung ein [&hellip;]<\/p>\n","protected":false},"author":4,"featured_media":0,"comment_status":"closed","ping_status":"closed","sticky":false,"template":"","format":"standard","meta":{"jetpack_post_was_ever_published":false,"_jetpack_newsletter_access":"","_jetpack_dont_email_post_to_subs":false,"_jetpack_newsletter_tier_id":0,"_jetpack_memberships_contains_paywalled_content":false,"_jetpack_memberships_contains_paid_content":false,"footnotes":""},"categories":[1],"tags":[],"class_list":["post-5319","post","type-post","status-publish","format-standard","hentry","category-allgemein"],"jetpack_featured_media_url":"","jetpack_shortlink":"https:\/\/wp.me\/py5dN-1nN","jetpack_sharing_enabled":true,"_links":{"self":[{"href":"https:\/\/www.berlin.freidenker.org\/index.php?rest_route=\/wp\/v2\/posts\/5319","targetHints":{"allow":["GET"]}}],"collection":[{"href":"https:\/\/www.berlin.freidenker.org\/index.php?rest_route=\/wp\/v2\/posts"}],"about":[{"href":"https:\/\/www.berlin.freidenker.org\/index.php?rest_route=\/wp\/v2\/types\/post"}],"author":[{"embeddable":true,"href":"https:\/\/www.berlin.freidenker.org\/index.php?rest_route=\/wp\/v2\/users\/4"}],"replies":[{"embeddable":true,"href":"https:\/\/www.berlin.freidenker.org\/index.php?rest_route=%2Fwp%2Fv2%2Fcomments&post=5319"}],"version-history":[{"count":2,"href":"https:\/\/www.berlin.freidenker.org\/index.php?rest_route=\/wp\/v2\/posts\/5319\/revisions"}],"predecessor-version":[{"id":5322,"href":"https:\/\/www.berlin.freidenker.org\/index.php?rest_route=\/wp\/v2\/posts\/5319\/revisions\/5322"}],"wp:attachment":[{"href":"https:\/\/www.berlin.freidenker.org\/index.php?rest_route=%2Fwp%2Fv2%2Fmedia&parent=5319"}],"wp:term":[{"taxonomy":"category","embeddable":true,"href":"https:\/\/www.berlin.freidenker.org\/index.php?rest_route=%2Fwp%2Fv2%2Fcategories&post=5319"},{"taxonomy":"post_tag","embeddable":true,"href":"https:\/\/www.berlin.freidenker.org\/index.php?rest_route=%2Fwp%2Fv2%2Ftags&post=5319"}],"curies":[{"name":"wp","href":"https:\/\/api.w.org\/{rel}","templated":true}]}}