{"id":5337,"date":"2020-01-06T15:09:05","date_gmt":"2020-01-06T13:09:05","guid":{"rendered":"https:\/\/www.berlin.freidenker.org\/?p=5337"},"modified":"2020-01-06T15:09:05","modified_gmt":"2020-01-06T13:09:05","slug":"in-memoriam-gernot-bandur-1934-2019","status":"publish","type":"post","link":"https:\/\/www.berlin.freidenker.org\/?p=5337","title":{"rendered":"IN MEMORIAM\u00a0 GERNOT\u00a0 BANDUR (1934 &#8211; 2019)"},"content":{"rendered":"<p>\u201eWir m\u00fcssen weiterhin f\u00fcr die v\u00f6llige Losl\u00f6sung des Denkens aus den Fesseln der Religion eintreten, in bester Tradition Aufkl\u00e4rung betreiben, recht viele Menschen f\u00fcr unsere Ideen gewinnen. Entschieden haben wir gegen Nationalismus und Rassismus, gegen Neofaschismus sowie Terrorismus jeglicher Art anzuk\u00e4mpfen. Aktiv m\u00fcssen wir gegen Kriege jeder Art, ideologische Kriegsvorbereitung &#8230;eintreten. &#8230; Wir lehnen Aberglaube, Mystizismus und Obskurantismus ab, aber wir wollen selbst\u00e4ndiges Denken f\u00f6rdern, offene Diskussionen, kulturvollen Meinungsstreit.&#8220; So hei\u00dft es in der Sonderausgabe 3-2004 unseres Verbandsorgans \u201eFreidenker&#8220;, der Dokumentation eines Kolloquiums, mit dem der DFV im Januar 2004 den 60. Jahrestag der Ermordung seines Gr\u00fcnders und langj\u00e4hrigen Vorsitzenden Max Sievers beging. Sievers war am 17. Januar 1944 im Zuchthaus Brandenburg-G\u00f6rden von den Nazis wegen \u201eVorbereitung zum Hochverrat&#8220; mit dem Fallbeil hingerichtet worden.<\/p>\n<p>Der zitierte Text stammt von Gernot Bandur, damals Vorstandsmitglied des Berliner Landesverbands des Deutschen Freidenker-Verbandes, und tr\u00e4gt den Titel: \u201eFreidenker und Sozialist Max Sievers \u2013 Eine politische Biografie&#8220;. Der am 15. Juni 1934 geborene Gernot Bandur wurde zun\u00e4chst Lehrer, sp\u00e4ter Diplom-Historiker und wissenschaftlicher Bibliothekar und hat wohl Zeit seines Lebens \u00fcber die Bestrebungen linker Politiker gegen den Einfluss der Kirchen im Staat gearbeitet und geforscht. Den Kampf gegen das bis 1911 geltende Verbot der Feuerbestattung, das urspr\u00fcngliche Kernziel der Freidenkerbewegung, beschrieb Bandur mit ausf\u00fchrlichen Texten \u00fcber seine Vork\u00e4mpfer Adolph Hoffmann und Max Sievers. Seine Besch\u00e4ftigung mit Adolph Hoffmann war auch biographisch begr\u00fcndet. Sein Gro\u00dfvater Franz Bandur (1874-1964) geh\u00f6rte zur revolution\u00e4ren Volksmarinedivision von 1918 und sein Vater Helmut Bandur (1905-1990) hatte noch selbst in Hoffmanns kleinem Buchladen Schriften gekauft. Seit 1966 arbeitete Bandur mit anderen am \u201eBiographischen Lexikon zur Geschichte der Arbeiterbewegung&#8220;, das vom Institut f\u00fcr Marxismus\/Leninismus beim ZK der SED herausgegeben wurde und im Dietz Verlag Berlin erschien. Seine Faszination f\u00fcr die Pers\u00f6nlichkeit Hoffmanns hat ihn auch nach der \u201eWende&#8220; 1989 nie losgelassen. Eine Vorstufe seiner Studien ver\u00f6ffentlichte er 2000 im Selbstverlag unter dem Titel \u201eAdolph Hoffmann \u2013 feuriger proletarischer Vulkan&#8220;, die gesamte Studie sollte 1989\/90 in einer Reihe des Stadtmuseums Halle publiziert werden, wurde aber \u2013 wie ihr Autor &#8211; ein Opfer der \u201eWende\u201c.<\/p>\n<p>Zu Veranstaltungen der Berliner Freidenker, die er lange mit seinem gro\u00dfen Wissen und seiner sachlich-ruhigen Art belebt hatte, konnte Gernot Bandur schon l\u00e4nger nicht mehr kommen. Anfang 2019 starb seine Frau, er selbst lebte seit Oktober 2018, gesundheitlich angeschlagen und fast erblindet, zuletzt in einem Seniorenheim, wo er am 17. Dezember 2019 verstarb. Man mag es kaum einen Zufall nennen: Seine Bestattung findet statt am 76. Todestag von Max Sievers, dem 17. Januar 2020 auf dem Bartholom\u00e4us-Friedhof in Berlin-Wei\u00dfensee um 10.15 Uhr. In unseren K\u00f6pfen wird er unvergessen bleiben.<\/p>\n","protected":false},"excerpt":{"rendered":"<p>\u201eWir m\u00fcssen weiterhin f\u00fcr die v\u00f6llige Losl\u00f6sung des Denkens aus den Fesseln der Religion eintreten, in bester Tradition Aufkl\u00e4rung betreiben, recht viele Menschen f\u00fcr unsere Ideen gewinnen. Entschieden haben wir gegen Nationalismus und Rassismus, gegen Neofaschismus sowie Terrorismus jeglicher Art anzuk\u00e4mpfen. Aktiv m\u00fcssen wir gegen Kriege jeder Art, ideologische Kriegsvorbereitung &#8230;eintreten. &#8230; Wir lehnen Aberglaube, [&hellip;]<\/p>\n","protected":false},"author":4,"featured_media":0,"comment_status":"closed","ping_status":"closed","sticky":false,"template":"","format":"standard","meta":{"jetpack_post_was_ever_published":false,"_jetpack_newsletter_access":"","_jetpack_dont_email_post_to_subs":false,"_jetpack_newsletter_tier_id":0,"_jetpack_memberships_contains_paywalled_content":false,"_jetpack_memberships_contains_paid_content":false,"footnotes":""},"categories":[1],"tags":[],"class_list":["post-5337","post","type-post","status-publish","format-standard","hentry","category-allgemein"],"jetpack_featured_media_url":"","jetpack_shortlink":"https:\/\/wp.me\/py5dN-1o5","jetpack_sharing_enabled":true,"_links":{"self":[{"href":"https:\/\/www.berlin.freidenker.org\/index.php?rest_route=\/wp\/v2\/posts\/5337","targetHints":{"allow":["GET"]}}],"collection":[{"href":"https:\/\/www.berlin.freidenker.org\/index.php?rest_route=\/wp\/v2\/posts"}],"about":[{"href":"https:\/\/www.berlin.freidenker.org\/index.php?rest_route=\/wp\/v2\/types\/post"}],"author":[{"embeddable":true,"href":"https:\/\/www.berlin.freidenker.org\/index.php?rest_route=\/wp\/v2\/users\/4"}],"replies":[{"embeddable":true,"href":"https:\/\/www.berlin.freidenker.org\/index.php?rest_route=%2Fwp%2Fv2%2Fcomments&post=5337"}],"version-history":[{"count":1,"href":"https:\/\/www.berlin.freidenker.org\/index.php?rest_route=\/wp\/v2\/posts\/5337\/revisions"}],"predecessor-version":[{"id":5338,"href":"https:\/\/www.berlin.freidenker.org\/index.php?rest_route=\/wp\/v2\/posts\/5337\/revisions\/5338"}],"wp:attachment":[{"href":"https:\/\/www.berlin.freidenker.org\/index.php?rest_route=%2Fwp%2Fv2%2Fmedia&parent=5337"}],"wp:term":[{"taxonomy":"category","embeddable":true,"href":"https:\/\/www.berlin.freidenker.org\/index.php?rest_route=%2Fwp%2Fv2%2Fcategories&post=5337"},{"taxonomy":"post_tag","embeddable":true,"href":"https:\/\/www.berlin.freidenker.org\/index.php?rest_route=%2Fwp%2Fv2%2Ftags&post=5337"}],"curies":[{"name":"wp","href":"https:\/\/api.w.org\/{rel}","templated":true}]}}