{"id":5363,"date":"2020-01-28T15:14:29","date_gmt":"2020-01-28T13:14:29","guid":{"rendered":"https:\/\/www.berlin.freidenker.org\/?p=5363"},"modified":"2020-02-06T10:17:47","modified_gmt":"2020-02-06T08:17:47","slug":"dank-euch-ihr-sowjetsoldaten","status":"publish","type":"post","link":"https:\/\/www.berlin.freidenker.org\/?p=5363","title":{"rendered":"Dank Euch Ihr Sowjetsoldaten!"},"content":{"rendered":"<p>Berliner Freidenker zur \u201eerinnerungspolitischen Wende\u201c<\/p>\n<p>&nbsp;<\/p>\n<p>Zum 75. Jahrestag der Befreiung des von den deutschen Faschisten errichteten Vernichtungslagers Auschwitz (27. Januar 1945) durch die Rote Armee machte dieser Tage unter Internet-Benutzern ein Bild aus der Timeline des Nachrichtenmagazins \u201eDer Spiegel\u201c die Runde.<\/p>\n<p>Dort steht zu lesen:<\/p>\n<p>\u201eAuschwitz war das gr\u00f6\u00dfte Vernichtungslager der Nazis. Sie ermordeten dort mindestens 1,1 Millionen Menschen. Vor 75 Jahren wurde es von der amerikanischen Armee befreit.\u201c<\/p>\n<p>Die Emp\u00f6rung vieler Leser lie\u00df einen Tag auf sich warten. Tats\u00e4chlich glaubten die meisten, es k\u00f6nne sich nur um eine \u201esatirische Fotomontage\u201c handeln. Nachpr\u00fcfung ergab: Der Spiegel hat diese ungeheuerliche Geschichtsf\u00e4lschung tats\u00e4chlich zu verantworten. Dass das mit \u201eSatire\u201c verwechselt werden konnte, ist bereits ein Symptom f\u00fcr die scheinbar selbstverst\u00e4ndlichen Deformationen innerhalb des heutigen Propaganda-Universums. Noch die menschenverachtendsten Verleumdungen und Verf\u00e4lschungen der Herrschenden k\u00f6nnen heute durchgehen, wenn man ihnen das Etikett \u201eSatire\u201c aufklebt.<\/p>\n<p>Inzwischen wurde das Bild gel\u00f6scht: das Publikum protestierte erfolgreich.<\/p>\n<p>\u201eDie amerikanische Armee befreite Auschwitz\u201c \u2026 bald wird es, wenn es in diesem Tempo weitergeht, wohl auch keine Fotos mehr geben, auf denen die Sowjetfahne \u00fcber dem Reichstag wehte&#8230; Die Dreistigkeit der Geschichtsrevision nutzt Methoden, bei denen man nicht mehr wei\u00df: handelt es sich nur um einen Testballon oder schon um die amtliche Doktrin des Regimes?<\/p>\n<p>War es das, was der regierungskonforme Aufruf \u201eUnteilbar\u201c meinte, als er lamentierte: \u201eWas gestern noch undenkbar war und als unsagbar galt, ist kurz darauf Realit\u00e4t\u201c? Wohl nicht \u2013 die George-Soros-Netzwerke, die hinter der \u201eOffene Gesellschaft\u201c-Kampagne \u201eUnteilbar\u201c wirken, stehen aufseiten der Kriegstreiber und antirussischen Hetzer. Unter der \u201ekosmopolitischen\u201c, \u201epro-europ\u00e4ischen\u201c Maske kommt der Chauvinismus immer unverh\u00fcllter zum Vorschein.<!--more--><\/p>\n<p>Der \u00dcbergang zum offenen, unverh\u00fcllten Chauvinismus macht inzwischen auch vor den B\u00fcrgern Israels und ihrem Gedenken an die Opfer des deutschen Faschismus nicht halt, wenn dadurch eine neue Propagandaoffensive gegen Russland geritten werden kann. So hie\u00df es in einem besonders widerlichen Beitrag der ARD vor wenigen Tagen: Das Gedenken Israels und Russlands in Yad Vashem an die Befreiung von Auschwitz sei \u201eunw\u00fcrdig\u201c gewesen. \u201eIsrael und Russland\u201c h\u00e4tten den Gedenktag \u201egekapert\u201c. Ein w\u00fcrdiger Auftritt gegen \u201edas B\u00f6se\u201c sei allein der des deutschen Bundespr\u00e4sidenten gewesen \u2013 die Rede ist von demselben Steinmeier, der als deutscher Au\u00dfenminister den ukrainischen Banderafaschisten in die Putschregierung verhalf. Deutsches Herrenmenschentum erkl\u00e4rt Russen und Juden, wie seiner Opfer zu gedenken sei \u2013 an deutschem \u201eFischfilet mit Sahne\u201c-Wesen wird die Welt genesen, kolonialistische Weltklimarettung inbegriffen.<\/p>\n<p>Ein anderes Beispiel. Wir erinnern uns, wie letztes Jahr die Erz\u00e4hlung propagiert wurde, die Rote Armee &#8211; \u201eStalin\u201c &#8211; habe Leningrad \u00fcberhaupt nicht befreien wollen, sei also eigentlich verantwortlich f\u00fcr anhaltende Blockade und Massensterben.<\/p>\n<p>Zum 27. Januar 2019 lie\u00df damals der Deutschlandfunk hingegen auch noch folgendes verlauten: \u201eVor 75 Jahren. Die Befreiung Leningrads durch die Rote Armee (\u2026) Stalin hatte sofort die Verteidigung Leningrads angeordnet. Zu Tausenden wurden schlecht bewaffnete Volkswehren gegen den Feind in Marsch gesetzt \u2013 und verreckten elend. Auch der stalinsche Terror gegen die eigene Bev\u00f6lkerung ging weiter. (\u2026) Aber es gab noch mehr Gef\u00e4ngnisse in der Stadt. Und \u2013 der Terror endete auch nicht nach der Befreiung Leningrads. F\u00fcr viele Bewohner aber stand am 27. Januar 1944 die Vertreibung der &#8218;Faschisten&#8216; im Mittelpunkt. Wenigstens von dieser Gei\u00dfel gelang die Befreiung.\u201c<\/p>\n<p>Das Wort Faschisten setzt der Deutschlandfunk wohlgemerkt in Anf\u00fchrungszeichen! Geglaubt werden soll: Der NKWD war also eigentlich schlimmer als die Faschisten und die Blockade der Stadt h\u00e4tte eigentlich eine Chance zur Gefangenenbefreiung sein sollen&#8230; Das schreiben dieselben Staatspropagandisten, die \u201eRT deutsch\u201c als \u201eKreml-Kanal\u201c die Lizenz entziehen wollen.<\/p>\n<p>Schritt f\u00fcr Schritt wird die Propaganda deckungsgleich mit den Goebbelsschen Mustern \u2013 in transatlantisch angepasster Tonart. Es ist der Weg zur vollkommenen Ausl\u00f6schung und Verkehrung unseres Geschichtswissens.<\/p>\n<p>Ein Meilenstein auf diesem Weg war die sch\u00e4ndliche Resolution des EU-Parlaments vom 19.September 2019, wonach, infolge des sowjetisch-deutschen Nichtangriffsvertrags, die Sowjetunion Mitverursacher am II. Weltkrieg sei. F\u00fcr den n\u00e4chsten Schritt braucht es wenig Fantasie: Es wird dann hei\u00dfen, kraft ihrer blo\u00dfen Existenz trage die Sowjetunion nicht eine Mitschuld, sondern die Hauptschuld&#8230;<\/p>\n<p>Wir halten es f\u00fcr angemessen, diese Beispiele als Ausdruck einer Tendenz der Faschisierung einzuordnen. Wobei wir meinen: Wir sollten nicht allzu z\u00f6gerlich sein bei der Feststellung, wie weit diese Tendenz schon fortgeschritten ist. Es wird mehr und mehr deutlich, dass diese Faschisierung unter ihrer kosmopolitischen, \u201eweltoffenen\u201c Maske kein anderes Gesicht tr\u00e4gt als das alte jenes Faschismus, der 1945 bedingungslos kapitulierte. Die Zielstellungen sind dieselben &#8211; daran \u00e4ndert auch nichts seine Unterordnung unter den US-Imperialismus infolge dieser Kapitulation. Daran \u00e4ndert auch nichts, dass sein kriegstreiberisches und v\u00f6lker-unterdr\u00fcckendes Aush\u00e4ngeschild, die EU, sich als \u201eFriedensmacht\u201c feiern l\u00e4sst. Und daran \u00e4ndert nichts, dass die Aggressivit\u00e4t dieses Imperialismus in krassem Mi\u00dfverh\u00e4ltnis zu seiner tats\u00e4chlichen St\u00e4rke steht.<\/p>\n<p>Wir sehen: Es braucht gar nicht mehr das mulmige Raunen eines Bj\u00f6rn H\u00f6cke, der da eine \u201eerinnerungspolitische Wende um 180 Grad\u201c fordert. Diese Wende der Erinnerungskultur wird von den Herrschenden nicht nur gefordert, sondern l\u00e4ngst mit allen Konsequenzen praktiziert und in Gesetzesform gegossen. Die AfD ist dazu da, die Illusion zu erzeugen, als st\u00fcnde ihr ein \u201eantifaschistischer Block\u201c demokratischer Parteien gegen\u00fcber, die aber tats\u00e4chlich ihrerseits das vorantreiben, was angeblich nur bei den \u201eRechtspopulisten\u201c zu finden sei: Die Tendenz der Faschisierung, die Reaktion auf der ganzen Linie.<\/p>\n<p>Es ist h\u00f6chste Zeit, dem makabren Tanz der Herrschenden, die sich noch dazu als \u201eAntifaschisten\u201c aufplustern, wieder einen unverf\u00e4lschten, unkastrierten Begriff von Faschismus und Antifaschismus entgegenzusetzen. Wir Freidenker, im Rahmen unserer \u201eRichtigstellung der Begriffe\u201c, haben das auf dem Arbeitsplan. Aber die begriffliche Arbeit reicht nicht! Wir m\u00fcssen uns bilden und wieder lernen, zur gemeinsamen antifaschistischen Aktion \u00fcberzugehen, die sich nicht an Popanzen und potemkinschen D\u00f6rfern abarbeitet, sondern die reaktion\u00e4rste Monopolbourgeoisie in ihrer Politik trifft.<\/p>\n<p>Dazu gibt es in diesem Jahr EINE Gelegenheit: Den Widerstand gegen die US-NATO Kriegs\u201c\u00fcbung\u201c \u201eDefender 2020\u201c, die nun durch Deutschland gegen die neue Ostfront, gegen Russland rollt. Und das gerade auch am 75. Jahrestag der Befreiung von Krieg und Faschismus! Und das gerade auch auf dem Territorium der antifaschistischen Friedensmacht DDR, deren friedliebende B\u00fcrger einmal mehr gedem\u00fctigt werden sollen!<\/p>\n<p>Darum rufen wir alle Freidenker, alle Freunde auf: Beteiligt Euch an den Aktionen gegen \u201eDefender 2020\u201c, egal wo! Dies ist die einzige konsequente antifaschistische und Antikriegs-Aktion, die wir in diesem Jahr in Deutschland organisieren k\u00f6nnen!<\/p>\n<p>Und wir rufen euch jetzt schon auf: Unser Platz als Berliner Antifaschisten wird am 9. Mai am Sowjetischen Ehrenmal in Treptow sein! Und auch hier wird die Losung des Widerstands zu sehen sein:<\/p>\n<p>KEIN AUFMARSCHGEBIET GEGEN RUSSLAND!<\/p>\n<p>Klaus Linder<\/p>\n<p>f\u00fcr den Landesvorstand der Berliner Freidenker<\/p>\n","protected":false},"excerpt":{"rendered":"<p>Berliner Freidenker zur \u201eerinnerungspolitischen Wende\u201c &nbsp; Zum 75. Jahrestag der Befreiung des von den deutschen Faschisten errichteten Vernichtungslagers Auschwitz (27. Januar 1945) durch die Rote Armee machte dieser Tage unter Internet-Benutzern ein Bild aus der Timeline des Nachrichtenmagazins \u201eDer Spiegel\u201c die Runde. Dort steht zu lesen: \u201eAuschwitz war das gr\u00f6\u00dfte Vernichtungslager der Nazis. Sie ermordeten [&hellip;]<\/p>\n","protected":false},"author":4,"featured_media":0,"comment_status":"closed","ping_status":"closed","sticky":false,"template":"","format":"standard","meta":{"jetpack_post_was_ever_published":false,"_jetpack_newsletter_access":"","_jetpack_dont_email_post_to_subs":false,"_jetpack_newsletter_tier_id":0,"_jetpack_memberships_contains_paywalled_content":false,"_jetpack_memberships_contains_paid_content":false,"footnotes":""},"categories":[1],"tags":[],"class_list":["post-5363","post","type-post","status-publish","format-standard","hentry","category-allgemein"],"jetpack_featured_media_url":"","jetpack_shortlink":"https:\/\/wp.me\/py5dN-1ov","jetpack_sharing_enabled":true,"_links":{"self":[{"href":"https:\/\/www.berlin.freidenker.org\/index.php?rest_route=\/wp\/v2\/posts\/5363","targetHints":{"allow":["GET"]}}],"collection":[{"href":"https:\/\/www.berlin.freidenker.org\/index.php?rest_route=\/wp\/v2\/posts"}],"about":[{"href":"https:\/\/www.berlin.freidenker.org\/index.php?rest_route=\/wp\/v2\/types\/post"}],"author":[{"embeddable":true,"href":"https:\/\/www.berlin.freidenker.org\/index.php?rest_route=\/wp\/v2\/users\/4"}],"replies":[{"embeddable":true,"href":"https:\/\/www.berlin.freidenker.org\/index.php?rest_route=%2Fwp%2Fv2%2Fcomments&post=5363"}],"version-history":[{"count":5,"href":"https:\/\/www.berlin.freidenker.org\/index.php?rest_route=\/wp\/v2\/posts\/5363\/revisions"}],"predecessor-version":[{"id":5378,"href":"https:\/\/www.berlin.freidenker.org\/index.php?rest_route=\/wp\/v2\/posts\/5363\/revisions\/5378"}],"wp:attachment":[{"href":"https:\/\/www.berlin.freidenker.org\/index.php?rest_route=%2Fwp%2Fv2%2Fmedia&parent=5363"}],"wp:term":[{"taxonomy":"category","embeddable":true,"href":"https:\/\/www.berlin.freidenker.org\/index.php?rest_route=%2Fwp%2Fv2%2Fcategories&post=5363"},{"taxonomy":"post_tag","embeddable":true,"href":"https:\/\/www.berlin.freidenker.org\/index.php?rest_route=%2Fwp%2Fv2%2Ftags&post=5363"}],"curies":[{"name":"wp","href":"https:\/\/api.w.org\/{rel}","templated":true}]}}