{"id":5387,"date":"2020-02-14T12:15:37","date_gmt":"2020-02-14T10:15:37","guid":{"rendered":"https:\/\/www.berlin.freidenker.org\/?p=5387"},"modified":"2020-02-14T12:15:37","modified_gmt":"2020-02-14T10:15:37","slug":"kein-pakt-mit-faschisten-auch-nicht-in-der-ukraine-in-litauen-in-venezuela","status":"publish","type":"post","link":"https:\/\/www.berlin.freidenker.org\/?p=5387","title":{"rendered":"Kein Pakt mit Faschisten: auch nicht in der Ukraine, in Litauen, in Venezuela !"},"content":{"rendered":"<p>Einen Bruch hat der Februar 2020 jedenfalls bewirkt: es wird wieder von Faschisten ge\u00adsprochen, nachdem das Verbrechersystem in Deutschland jahrzehntelang nur \u201eNational\u00adsozialismus\u201c genannt werden durfte.<\/p>\n<p>Emp\u00f6rung \u00fcber die R\u00e4nke mit der AfD ist wohlgelitten, unversehens k\u00f6nnen sich die anderen Parteien als lupenreine Demokraten darstellen und sich mit gespielter Aufregung \u00fcber die AfD \u201eantifaschistisch\u201c kost\u00fcmieren.<\/p>\n<p>Dabei ist die AfD eine originale Ausgr\u00fcndung der CDU\/FDP, eine systemverbundene Oppo\u00adsition, die vom t\u00e4uschend-sch\u00f6nen Schein lebt, eine \u201eAlternative\u201c zu sein. Dabei ist sie auf die Knochen neoliberal wie die Agenda-Parteien, eine Alternative f\u00fcr Dumme.<\/p>\n<p>Die Aufregung \u00fcber die AfD best\u00e4rkt aber ihre W\u00e4hler noch in dem Glauben, den effek\u00adtivsten Protest gegen das System, das ihnen das Fell \u00fcber die Ohren zieht, gew\u00e4hlt zu haben. Die Ausgrenzung des vermeintlich \u201efalsch\u201c w\u00e4hlenden Stimmviehs wird es eher nicht von dieser Demokratie \u00fcberzeugen.<\/p>\n<p>Die anderen Kapitalistischen Einheitsparteien haben mit ihrem Lohn-, Renten- und Sozialab\u00adbau die AfD gro\u00df gemacht, sie nutzen die Anti-AfD-Proteste als Nebelvorhang, um da\u00adhinter noch gr\u00f6\u00dfere Sauereien durchzu\u00adziehen. Der \u201eRechtskurs\u201c ist schon lange Re\u00adgierungspolitik, die AfD ist nicht die Ursache der Rechts\u00adentwicklung, sondern ihr Symptom.<\/p>\n<p><strong>Schon vor dem Februar 2020 war erkennbar: die \u201eBrandmauer gegen den Faschismus\u201c ist eine Fata Morgana!<\/strong><\/p>\n<p>Seit 2012 unterst\u00fctzen die Bundesregierung und der \u201eWertewesten\u201c die Terror-\u201eFreunde Syriens\u201c, um die gew\u00e4hlte Regierung mittels \u201eRegime Change\u201c zu st\u00fcrzen. Dazu beteiligt sich Deutschland auch an den Sanktionen zum Aushungern der Syrischen Bev\u00f6lkerung, die so zur Flucht gezwungen wird.<\/p>\n<p>Die Bundesregierung und ihre NATO-Waffen-br\u00fcder unterst\u00fctzten 2014 und danach den faschistischen Umsturz in der Ukraine.<\/p>\n<p>Im Januar 2019 versicherte Bundesau\u00dfen\u00administer Maas dem venezolanischen Putschisten und Operettenpr\u00e4sidenten Guaido die Unterst\u00fctzung Deutschlands.<\/p>\n<p>2014 ging die Bundesregierung die \u201eSelbst\u00adverpflichtung\u201c gegen\u00fcber der NATO ein, 2% der Wirtschaftsleistung in den Kriegshaushalt zu stecken. 2018 erkl\u00e4rte Kriegsministerin von der Leyen, dass man mit Russland \u201eaus einer Position der St\u00e4rke\u201c reden wolle.<\/p>\n<p>2019 erh\u00f6hte ihre Nachfolgerin Kramp-Knarrenbauer den R\u00fcstungshaushalt von 38,5 auf 43,2 Milliarden Euro und 2020 auf 45,1 Mrd., mit den verschleierten, anderweitig etatisierten Kosten (wie f\u00fcr die US-Truppen-Stationierung) sind das nach NATO-Kriterien 50,32 Milliarden Euro.<\/p>\n<p>2019 verordnete das EU-Parlament zur \u201eErin\u00adnerung an die europ\u00e4ische Vergangenheit\u201c die Gleichsetzung von Kommunismus und Faschismus und machte das faschistische Deutschland und die \u00fcberfallene Sowjetunion gleicherma\u00dfen f\u00fcr den 2. Weltkrieg verant\u00adwortlich: Ein Bruch mit den Urteilen der N\u00fcrnberger Prozesse, eine \u201eerinnerungspoliti\u00adsche Wende um 180 Grad\u201c \u00e0 la H\u00f6cke.<\/p>\n<p>&nbsp;<\/p>\n<table>\n<tbody>\n<tr>\n<td><strong>Zum 75. Jahrestag der Befreiung von Krieg und Faschismus<\/strong><\/td>\n<\/tr>\n<\/tbody>\n<\/table>\n<h4>NATO macht mobil \u2013 gegen Russland<\/h4>\n<p>Die Bundeswehr f\u00fchrt das NATO-Kontingent in Litauen und war im November 2019 mit 10 Mitgliedsl\u00e4ndern am Man\u00f6ver \u201eEiserner Wolf\u201c beteiligt. Das Geniale an der Namens\u00adwahl: der Eiserne Wolf war ein 1927 gegr\u00fcn\u00addeter faschistischer Kampfbund in Litauen, dessen Mitglieder ab 1941 als Kollaborateure der faschistischen Wehrmacht halfen, fast die gesamte j\u00fcdische Bev\u00f6lkerung Litauens von 200.000 Juden zu ermorden.<\/p>\n<p>Den bevorstehenden 75. Jahrestag der Be\u00adfreiung von Faschismus und Krieg begeht der \u201eWertewesten\u201c auf besondere Art. Mit dem US-Man\u00f6ver \u201eDefender Europe 20\u201c und NATO-Begleitman\u00f6vern mit H\u00f6hepunkt im April\/Mai 2020 werden \u00fcber 40.000 Soldaten eine Kriegs\u00fcbung zur \u201eAbschreckung Russlands\u201c veranstalten. Ge\u00fcbt wird die Verlegung kampfstarker Gro\u00dfverb\u00e4nde mit Panzern und Soldaten in kurzer Zeit quer durch Europa an die russische Grenze.<\/p>\n<p>Die imperialistische Propaganda will die Er\u00adgebnisse des 8. Mai 1945 annullieren, den ma\u00dfgeblichen Anteil der Roten Armee an der Niederschlagung des Faschismus aus den Ge\u00adschichtsb\u00fcchern streichen.<\/p>\n<p>Das Territorium der DDR, des gewesenen antifaschistischen Friedensstaates, soll zum Truppenaufmarschgebiet gegen Russland ge\u00admacht und seine Bewohner einmal mehr ge\u00addem\u00fctigt werden. Die demn\u00e4chst massen\u00admedial und partei\u00fcbergreifend abgefeierte vermeintliche \u201eDeutsche Einheit\u201c gr\u00fcndet auf dem \u201e2+4-Vertrag\u201c von 1990, aber der verbietet die Verlegung ausl\u00e4ndischer Trup\u00adpen auf dem ehemaligen Gebiet der DDR.<\/p>\n<p>Die abenteuerlichen Kriegsspiele k\u00f6nnen ver\u00adhindert, die Schlie\u00dfung der US\/NATO-Basen in Deutschland erreicht werden: durch K\u00fcndigung des Vertrages \u00fcber den Aufenthalt ausl\u00e4ndischer Streitkr\u00e4fte in der Bundesre\u00adpublik Deutschland (kurz Truppenstationie\u00adrungsvertrag), K\u00fcndigungsfrist: 24 Monate.<\/p>\n<p><img loading=\"lazy\" decoding=\"async\" class=\"alignnone wp-image-7550 size-full\" src=\"https:\/\/i0.wp.com\/www.freidenker.org\/fw17\/wp-content\/uploads\/2020\/02\/kein_aufmarschgebiet_a_264px.png?resize=264%2C264&amp;ssl=1\" sizes=\"auto, (max-width: 264px) 100vw, 264px\" srcset=\"https:\/\/i0.wp.com\/www.freidenker.org\/fw17\/wp-content\/uploads\/2020\/02\/kein_aufmarschgebiet_a_264px.png?w=264&amp;ssl=1 264w, https:\/\/i0.wp.com\/www.freidenker.org\/fw17\/wp-content\/uploads\/2020\/02\/kein_aufmarschgebiet_a_264px.png?resize=150%2C150&amp;ssl=1 150w\" alt=\"\" width=\"264\" height=\"264\" data-attachment-id=\"7550\" data-permalink=\"https:\/\/www.freidenker.org\/?attachment_id=7550\" data-orig-file=\"https:\/\/i0.wp.com\/www.freidenker.org\/fw17\/wp-content\/uploads\/2020\/02\/kein_aufmarschgebiet_a_264px.png?fit=264%2C264&amp;ssl=1\" data-orig-size=\"264,264\" data-comments-opened=\"0\" data-image-meta=\"{&quot;aperture&quot;:&quot;0&quot;,&quot;credit&quot;:&quot;&quot;,&quot;camera&quot;:&quot;&quot;,&quot;caption&quot;:&quot;&quot;,&quot;created_timestamp&quot;:&quot;0&quot;,&quot;copyright&quot;:&quot;&quot;,&quot;focal_length&quot;:&quot;0&quot;,&quot;iso&quot;:&quot;0&quot;,&quot;shutter_speed&quot;:&quot;0&quot;,&quot;title&quot;:&quot;&quot;,&quot;orientation&quot;:&quot;0&quot;}\" data-image-title=\"kein_aufmarschgebiet_a_264px\" data-image-description=\"\" data-medium-file=\"https:\/\/i0.wp.com\/www.freidenker.org\/fw17\/wp-content\/uploads\/2020\/02\/kein_aufmarschgebiet_a_264px.png?fit=264%2C264&amp;ssl=1\" data-large-file=\"https:\/\/i0.wp.com\/www.freidenker.org\/fw17\/wp-content\/uploads\/2020\/02\/kein_aufmarschgebiet_a_264px.png?fit=264%2C264&amp;ssl=1\" \/><\/p>\n<p><strong>Leistet Widerstand gegen die Gehirnw\u00e4sche, die uns Russland zum Feind machen will!<\/strong><\/p>\n<p><strong>NATO raus und raus aus der NATO!<\/strong><\/p>\n<p><strong>Wer gegen die reale Rechtsentwicklung, die Kriegsvorbereitung protestieren will, muss gegen das Kriegsman\u00f6ver \u201eDef 2020\u201c demonstrieren!<\/strong><\/p>\n<p>Unsere Verpflichtung ist unteilbar: <strong><br \/>\n<\/strong><strong>Nie wieder Krieg!<br \/>\nNie wieder Faschismus!<\/strong><\/p>\n<p><img loading=\"lazy\" decoding=\"async\" class=\"alignnone wp-image-4832 size-medium\" src=\"https:\/\/i1.wp.com\/www.freidenker.org\/fw17\/wp-content\/uploads\/2018\/03\/Freidenker-Logo.jpg?resize=300%2C75&amp;ssl=1\" sizes=\"auto, (max-width: 300px) 100vw, 300px\" srcset=\"https:\/\/i1.wp.com\/www.freidenker.org\/fw17\/wp-content\/uploads\/2018\/03\/Freidenker-Logo.jpg?resize=300%2C75&amp;ssl=1 300w, https:\/\/i1.wp.com\/www.freidenker.org\/fw17\/wp-content\/uploads\/2018\/03\/Freidenker-Logo.jpg?w=766&amp;ssl=1 766w\" alt=\"\" width=\"300\" height=\"75\" data-attachment-id=\"4832\" data-permalink=\"https:\/\/www.freidenker.org\/?attachment_id=4832\" data-orig-file=\"https:\/\/i1.wp.com\/www.freidenker.org\/fw17\/wp-content\/uploads\/2018\/03\/Freidenker-Logo.jpg?fit=766%2C191&amp;ssl=1\" data-orig-size=\"766,191\" data-comments-opened=\"0\" data-image-meta=\"{&quot;aperture&quot;:&quot;0&quot;,&quot;credit&quot;:&quot;&quot;,&quot;camera&quot;:&quot;&quot;,&quot;caption&quot;:&quot;&quot;,&quot;created_timestamp&quot;:&quot;0&quot;,&quot;copyright&quot;:&quot;&quot;,&quot;focal_length&quot;:&quot;0&quot;,&quot;iso&quot;:&quot;0&quot;,&quot;shutter_speed&quot;:&quot;0&quot;,&quot;title&quot;:&quot;&quot;,&quot;orientation&quot;:&quot;1&quot;}\" data-image-title=\"Freidenker-Logo\" data-image-description=\"\" data-medium-file=\"https:\/\/i1.wp.com\/www.freidenker.org\/fw17\/wp-content\/uploads\/2018\/03\/Freidenker-Logo.jpg?fit=300%2C75&amp;ssl=1\" data-large-file=\"https:\/\/i1.wp.com\/www.freidenker.org\/fw17\/wp-content\/uploads\/2018\/03\/Freidenker-Logo.jpg?fit=766%2C191&amp;ssl=1\" \/><\/p>\n<hr \/>\n","protected":false},"excerpt":{"rendered":"<p>Einen Bruch hat der Februar 2020 jedenfalls bewirkt: es wird wieder von Faschisten ge\u00adsprochen, nachdem das Verbrechersystem in Deutschland jahrzehntelang nur \u201eNational\u00adsozialismus\u201c genannt werden durfte. Emp\u00f6rung \u00fcber die R\u00e4nke mit der AfD ist wohlgelitten, unversehens k\u00f6nnen sich die anderen Parteien als lupenreine Demokraten darstellen und sich mit gespielter Aufregung \u00fcber die AfD \u201eantifaschistisch\u201c kost\u00fcmieren. Dabei [&hellip;]<\/p>\n","protected":false},"author":4,"featured_media":0,"comment_status":"closed","ping_status":"closed","sticky":false,"template":"","format":"standard","meta":{"jetpack_post_was_ever_published":false,"_jetpack_newsletter_access":"","_jetpack_dont_email_post_to_subs":false,"_jetpack_newsletter_tier_id":0,"_jetpack_memberships_contains_paywalled_content":false,"_jetpack_memberships_contains_paid_content":false,"footnotes":""},"categories":[1],"tags":[],"class_list":["post-5387","post","type-post","status-publish","format-standard","hentry","category-allgemein"],"jetpack_featured_media_url":"","jetpack_shortlink":"https:\/\/wp.me\/py5dN-1oT","jetpack_sharing_enabled":true,"_links":{"self":[{"href":"https:\/\/www.berlin.freidenker.org\/index.php?rest_route=\/wp\/v2\/posts\/5387","targetHints":{"allow":["GET"]}}],"collection":[{"href":"https:\/\/www.berlin.freidenker.org\/index.php?rest_route=\/wp\/v2\/posts"}],"about":[{"href":"https:\/\/www.berlin.freidenker.org\/index.php?rest_route=\/wp\/v2\/types\/post"}],"author":[{"embeddable":true,"href":"https:\/\/www.berlin.freidenker.org\/index.php?rest_route=\/wp\/v2\/users\/4"}],"replies":[{"embeddable":true,"href":"https:\/\/www.berlin.freidenker.org\/index.php?rest_route=%2Fwp%2Fv2%2Fcomments&post=5387"}],"version-history":[{"count":1,"href":"https:\/\/www.berlin.freidenker.org\/index.php?rest_route=\/wp\/v2\/posts\/5387\/revisions"}],"predecessor-version":[{"id":5388,"href":"https:\/\/www.berlin.freidenker.org\/index.php?rest_route=\/wp\/v2\/posts\/5387\/revisions\/5388"}],"wp:attachment":[{"href":"https:\/\/www.berlin.freidenker.org\/index.php?rest_route=%2Fwp%2Fv2%2Fmedia&parent=5387"}],"wp:term":[{"taxonomy":"category","embeddable":true,"href":"https:\/\/www.berlin.freidenker.org\/index.php?rest_route=%2Fwp%2Fv2%2Fcategories&post=5387"},{"taxonomy":"post_tag","embeddable":true,"href":"https:\/\/www.berlin.freidenker.org\/index.php?rest_route=%2Fwp%2Fv2%2Ftags&post=5387"}],"curies":[{"name":"wp","href":"https:\/\/api.w.org\/{rel}","templated":true}]}}