{"id":5441,"date":"2020-04-10T11:02:44","date_gmt":"2020-04-10T09:02:44","guid":{"rendered":"https:\/\/www.berlin.freidenker.org\/?p=5441"},"modified":"2020-04-10T11:02:44","modified_gmt":"2020-04-10T09:02:44","slug":"buchenwald-aufruf-der-initiative-buchenwald-gedenken-ibug-mit-den-unterstuetzern-des-aufrufs-zur-kenntnis-und-weiterverbreitung","status":"publish","type":"post","link":"https:\/\/www.berlin.freidenker.org\/?p=5441","title":{"rendered":"Buchenwald-Aufruf der &#8222;Initiative Buchenwald-Gedenken&#8220; (IBUG) mit den Unterst\u00fctzern des Aufrufs zur Kenntnis und Weiterverbreitung:"},"content":{"rendered":"<p>75 Jahre bewaffnete Selbstbefreiung<br \/>\n75\u00a0Jahre\u00a0Schwur\u00a0von\u00a0Buchenwald<br \/>\n75\u00a0Jahre\u00a0unges\u00fchnter\u00a0Mord\u00a0an\u00a0Ernst\u00a0Th\u00e4lmann<\/p>\n<p>Ein Blick auf die Gegenwart l\u00e4sst erschauern. Wir m\u00fcssen feststellen, dass sich der deutsche Imperialismus mit der EU wieder in die \u201eOstgebiete&#8220; jenseits der DDR-Au\u00dfengrenzen aufmacht. Zuerst probehalber mit dem Man\u00f6ver \u201eDefender 2020&#8243;. Aus Mangel an eigenen Kr\u00e4ften h\u00e4ngt er sich an den US-Imperialismus. Eine Konstellation, die sich schon im Jugoslawienkrieg f\u00fcr das deutsche Kapital durchaus gelohnt hat. Warum also jetzt nicht wieder Russland ins Visier nehmen. Russland, das sich in den letzten Jahren unter Putin immer mehr vom Verrat Gorbatschows erholt und sich somit auch allen Vereinnahmungsw\u00fcnschen von Rohstoffen und M\u00e4rkten durch den Imperialismus widersetzt hat. Vor allem aber reizt das Kapital am meisten, dass Russland den bedrohten L\u00e4ndern Kuba, Venezuela und Syrien in ihrem Widerstand gegen den US-Imperialismus und dessen Handlanger Hilfe leistet.<br \/>\nIn Deutschlands Innerm geh\u00f6rt zur Aggression gegen Russland die Delegitimierung des Friedensstaates DDR. Deren Bev\u00f6lkerung will, trotz aller Hetze, noch immer nicht von der tief verankerten Freundschaft zu Russland lassen. Diese Freundschaft soll zerst\u00f6rt werden, erst dann ist der Weg nach Osten, der mit &#8222;Defender 2020&#8220; ge\u00fcbt wird, wirklich frei. Hier in der DDR zeigt sich ganz offen, wie der Kapitalismus den Faschismus als eine M\u00f6glichkeit begreift und nutzt. Um die Menschen im Osten nach der Konterrevolution 1990 von der berechtigten Wut auf den sie enteignenden Raub-Kapitalismus abzulenken, wurde die faschistische Bewegung mit Geld und Hetzern aus dem Westen vorbereitet. Die berechtigte Wut wurde auf Fl\u00fcchtlinge und den Sozialismus umgelenkt. Einer dieser Hetzer gegen die DDR ist der &#8222;Linke&#8220; Ramelow, der f\u00fcr einen AfD-Mann stimmt und gleichzeitig die Frechheit besitzt, hier in Buchenwald aufzutreten und dadurch den Schwur von Buchenwald zu verh\u00f6hnen.<\/p>\n<p>Die Gehirnw\u00e4sche geht weiter: Das EU-Parlament beschlie\u00dft am 19. September 2019 eine Resolution, nach der mit dem \u201eHitler-Stalin-Pakt&#8220; die Sowjetunion eine Mitschuld, am liebsten aber die Alleinschuld, am zweiten Weltkrieg habe. Dies und andere historische Verf\u00e4lschungen soll als &#8222;europ\u00e4isches Geschichtsbewusstsein&#8220; insbesondere der j\u00fcngeren Generation vermittelt werden. Das ist die Weiterf\u00fchrung dessen, was wir auch in der Ausstellung in Buchenwald beobachten k\u00f6nnen. Die Antifaschisten, Kommunisten und Kriegsgefangenen, die im Lager zusammen gepfercht und durch Folter, Hunger und Zwangsarbeit ermordet wurden, werden immer unsichtbarer gemacht. Die Opfergruppen werden gegeneinander ausgespielt. Hier die Juden, die mehr und mehr zu alleinigen Opfern stilisiert werden. Da unsere Genossinnen und Genossen, die vergessen werden sollen, obwohl sie es waren, f\u00fcr die das Lager Buchenwald konzipiert wurde und die die bewaffnete Selbstbefreiung organisierten. Die sowjetischen Kriegsgefangenen werden kaum noch erw\u00e4hnt und das, obwohl die Rote Armee mit drei Millionen Toten die gr\u00f6\u00dfte Opfergruppe nach den Juden darstellen. (S\u00fcddeutsche Zeitung 29.2.2020 \u201eSchatten der Erinnerung&#8220;). Und der wir vor allem die Befreiung vom Faschismus verdanken.<br \/>\nSo vorbereitet, k\u00f6nnen neue Ziele anvisiert werden. Wie das Man\u00f6ver &#8222;Defender 2020&#8220; gegen Russland beweist.<\/p>\n<p>Frieden\u00a0und\u00a0Freundschaft\u00a0mit\u00a0Russland<br \/>\nDer\u00a0Hauptfeind\u00a0steht\u00a0im\u00a0eigenen\u00a0Land<\/p>\n<p>Brigitte\u00a0Kabbeck<br \/>\nSprecherin\u00a0IBUG<br \/>\n(Initiative\u00a0Buchenwald-Gedenken)<\/p>\n<p>Unterst\u00fctzerInnen<\/p>\n<p>Sabine\u00a0Albrecht\u00a0(DKP)<br \/>\nHans\u00a0Bauer\u00a0(Vorsitzender\u00a0GRH)<br \/>\nJoachim\u00a0Bonatz\u00a0(ISOR)<br \/>\nOlaf\u00a0Br\u00fchl\u00a0(DKP)<br \/>\nHeike\u00a0und\u00a0Andreas\u00a0Cienskowski<br \/>\nAlbrecht Gei\u00dfler, Gerd Hommel, Torsten Trentzsch, (Revolution\u00e4rer Freundschaftsbund)<br \/>\nAnna\u00a0C.\u00a0Heinrich\u00a0und\u00a0Frank\u00a0Flegel\u00a0(Zeitschrift\u00a0offen-siv).<br \/>\nReiner\u00a0Kotulla\u00a0und\u00a0Brigitte\u00a0Dornheim\u00a0(DKP)<br \/>\nProf.\u00a0Dr.\u00a0Anton\u00a0Latzo\u00a0und\u00a0Heiderose\u00a0Latzo,<br \/>\nLinder,\u00a0Klaus\u00a0(DFV\u00a0Landesvorsitzender\u00a0Berlin)<br \/>\nAndreas\u00a0Maluga\u00a0(Vorsitzender\u00a0DDR-Kabinett\u00a0Bochum)<br \/>\nStefan\u00a0Natke\u00a0(DKP\u00a0Landesvorsitzender\u00a0Berlin)<br \/>\nBrigitte\u00a0Queck\u00a0(M\u00fctter\u00a0gegen\u00a0den\u00a0Krieg\u00a0Berlin\u00a0-Brandenburg)<br \/>\nAndreas\u00a0Reinecke\u00a0(KPD\u00a0Landesvorsitzender\u00a0Berlin)<br \/>\nMax Renkl, Udo Helmbold und Cilly Keller (Vorstand Freundeskreis ETG Ziegenhals)<br \/>\nRenate\u00a0Sch\u00f6nfeld,\u00a0Pfarrerin\u00a0I.\u00a0R.<br \/>\nTorsten\u00a0Sch\u00f6witz\u00a0(KPD-Vorsitzender)<\/p>\n","protected":false},"excerpt":{"rendered":"<p>75 Jahre bewaffnete Selbstbefreiung 75\u00a0Jahre\u00a0Schwur\u00a0von\u00a0Buchenwald 75\u00a0Jahre\u00a0unges\u00fchnter\u00a0Mord\u00a0an\u00a0Ernst\u00a0Th\u00e4lmann Ein Blick auf die Gegenwart l\u00e4sst erschauern. Wir m\u00fcssen feststellen, dass sich der deutsche Imperialismus mit der EU wieder in die \u201eOstgebiete&#8220; jenseits der DDR-Au\u00dfengrenzen aufmacht. Zuerst probehalber mit dem Man\u00f6ver \u201eDefender 2020&#8243;. Aus Mangel an eigenen Kr\u00e4ften h\u00e4ngt er sich an den US-Imperialismus. Eine Konstellation, die sich schon [&hellip;]<\/p>\n","protected":false},"author":4,"featured_media":0,"comment_status":"closed","ping_status":"closed","sticky":false,"template":"","format":"standard","meta":{"jetpack_post_was_ever_published":false,"_jetpack_newsletter_access":"","_jetpack_dont_email_post_to_subs":false,"_jetpack_newsletter_tier_id":0,"_jetpack_memberships_contains_paywalled_content":false,"_jetpack_memberships_contains_paid_content":false,"footnotes":""},"categories":[1],"tags":[],"class_list":["post-5441","post","type-post","status-publish","format-standard","hentry","category-allgemein"],"jetpack_featured_media_url":"","jetpack_shortlink":"https:\/\/wp.me\/py5dN-1pL","jetpack_sharing_enabled":true,"_links":{"self":[{"href":"https:\/\/www.berlin.freidenker.org\/index.php?rest_route=\/wp\/v2\/posts\/5441","targetHints":{"allow":["GET"]}}],"collection":[{"href":"https:\/\/www.berlin.freidenker.org\/index.php?rest_route=\/wp\/v2\/posts"}],"about":[{"href":"https:\/\/www.berlin.freidenker.org\/index.php?rest_route=\/wp\/v2\/types\/post"}],"author":[{"embeddable":true,"href":"https:\/\/www.berlin.freidenker.org\/index.php?rest_route=\/wp\/v2\/users\/4"}],"replies":[{"embeddable":true,"href":"https:\/\/www.berlin.freidenker.org\/index.php?rest_route=%2Fwp%2Fv2%2Fcomments&post=5441"}],"version-history":[{"count":1,"href":"https:\/\/www.berlin.freidenker.org\/index.php?rest_route=\/wp\/v2\/posts\/5441\/revisions"}],"predecessor-version":[{"id":5442,"href":"https:\/\/www.berlin.freidenker.org\/index.php?rest_route=\/wp\/v2\/posts\/5441\/revisions\/5442"}],"wp:attachment":[{"href":"https:\/\/www.berlin.freidenker.org\/index.php?rest_route=%2Fwp%2Fv2%2Fmedia&parent=5441"}],"wp:term":[{"taxonomy":"category","embeddable":true,"href":"https:\/\/www.berlin.freidenker.org\/index.php?rest_route=%2Fwp%2Fv2%2Fcategories&post=5441"},{"taxonomy":"post_tag","embeddable":true,"href":"https:\/\/www.berlin.freidenker.org\/index.php?rest_route=%2Fwp%2Fv2%2Ftags&post=5441"}],"curies":[{"name":"wp","href":"https:\/\/api.w.org\/{rel}","templated":true}]}}