{"id":5782,"date":"2020-09-01T12:22:10","date_gmt":"2020-09-01T10:22:10","guid":{"rendered":"https:\/\/www.berlin.freidenker.org\/?p=5782"},"modified":"2020-09-01T12:22:10","modified_gmt":"2020-09-01T10:22:10","slug":"journalismus-vor-gericht","status":"publish","type":"post","link":"https:\/\/www.berlin.freidenker.org\/?p=5782","title":{"rendered":"JOURNALISMUS VOR GERICHT"},"content":{"rendered":"<p><strong>Julian<\/strong><strong> Assange<\/strong>, Jahrgang 1971, ist investigativer Journalist, Verleger brisanter politischer Enth\u00fcllungen und langj\u00e4hriger Sprecher der Informationsplattform WikiLeaks, vielfacher Preistr\u00e4ger und siebenfacher Nobelpreiskandidat. Er wird von der Trump-Regierung unter anderem beschuldigt, Milit\u00e4r-Protokolle des Afghanistan- und Irak-Krieges ver\u00f6ffentlicht zu haben. Die US-Anklage wirft ihm Straftaten vor, die mit bis zu 175 Jahre Haft geahndet werden k\u00f6nnen. Seit 15 Monaten befindet er sich im Londoner Hochsicherheitsgef\u00e4ngnis f\u00fcr Schwerverbrecher Belmarsh und steht seit Februar 2019 dort wegen eines US-Auslieferungsverfahrens vor Gericht.\u00a0Seine Freisetzung auf Kaution wird verweigert.<\/p>\n<p>Seine Gesundheit ist wegen einer chronischen Lungenentz\u00fcndung und Vorerkrankungen unver\u00e4ndert gef\u00e4hrdet, Mitinsassen waren infiziert mit Covid 19.<\/p>\n<p><strong>WikiLeaks<\/strong> ist eine 2006 von Assange mit einer Gruppe von Aktivisten gegr\u00fcndete IT-Plattform, die das anonyme Ver\u00f6ffentlichen von Dokumenten erm\u00f6glicht, die durch Geheimhaltung in ihrer Zug\u00e4nglichkeit beschr\u00e4nkt oder blockiert sind (Whistleblowing). Der Kerngedanke von WikiLeaks ist das politische Recht auf freien Zugang zu Informationen, die \u00f6ffentliche Angelegenheiten betreffen. WikiLeaks enth\u00fcllte schwere Regierungsvergehen, einschlie\u00dflich mutma\u00dflicher Kriegsverbrechen und Korruption.<\/p>\n<p>Mit der US-Anklage gegen ihn wird ein neuer Pr\u00e4zedenzfall geschaffen, der normale journalistische Praktiken kriminalisiert. Die Entscheidung, Assange anzuklagen, bedeutet, dass Nicht-US-Journalisten, die in ihren Heimatl\u00e4ndern arbeiten, in den Vereinigten Staaten strafrechtlich verfolgt werden k\u00f6nnen. Der Fall hat bereits abschreckende Wirkung.<\/p>\n<p><strong>Aussagen von Nichtregierungsorganisationen (NGO&#8217;s)<\/strong><\/p>\n<p><strong>+ Amnesty International<\/strong> (Massimo Moratti): &#8222;Sollte Julian Assange ausgeliefert oder anderweitig an die USA \u00fcberstellt werden, w\u00fcrde Gro\u00dfbritannien gegen seine v\u00f6lkerrechtlichen Verpflichtungen versto\u00dfen&#8220;.<\/p>\n<p><strong>+ Human Rights Watch<\/strong>: &#8222;Das einzige, was zwischen einer Anklage gegen Assange und einer gro\u00dfen Bedrohung der globalen Medienfreiheit steht, ist Gro\u00dfbritannien. Es ist dringend notwendig, dass es die gef\u00e4hrdeten Prinzipien verteidigt.&#8220;<\/p>\n<p>(Alle Angaben aus Wikipedia.de und <a href=\"https:\/\/dontextraditeassange.com\/\">https:\/\/dontextraditeassange.com\/<\/a>, abgerufen 27.07.2020)<\/p>\n<p>Seit seinem Geburtstag am 03.07.2019 wird mit einer<\/p>\n<p><strong>Mahnwache jeden Mittwoch 19.00-21.00 Uhr<\/strong><\/p>\n<p><strong>vor der US-amerikanischen Botschaft am Brandenburger Tor in Berlin<\/strong>,<\/p>\n<p>an Julian Assange und seinen mutigen Einsatz f\u00fcr Demokratie und Pressefreiheit erinnert. Wir setzen uns f\u00fcr die sofortige Beendigung seiner jahrelangen Verfolgung durch die USA ein, die mit Ver\u00f6ffentlichung des Videos &#8222;Collateral Murder&#8220;, \u00fcbermittelt von der tapferen Whistleblowerin Chelsea Manning, begonnen hatte und ihn seither zum meistgesuchten Mann der Welt gemacht haben.<\/p>\n<p><strong>Don&#8217;t Kill The Messenger! Free Assange! <\/strong><strong>F\u00fcr Pressefreiheit!<\/strong><\/p>\n<p>Mittwochsmahnwache f\u00fcr Julian Assange Berlin<\/p>\n","protected":false},"excerpt":{"rendered":"<p>Julian Assange, Jahrgang 1971, ist investigativer Journalist, Verleger brisanter politischer Enth\u00fcllungen und langj\u00e4hriger Sprecher der Informationsplattform WikiLeaks, vielfacher Preistr\u00e4ger und siebenfacher Nobelpreiskandidat. Er wird von der Trump-Regierung unter anderem beschuldigt, Milit\u00e4r-Protokolle des Afghanistan- und Irak-Krieges ver\u00f6ffentlicht zu haben. Die US-Anklage wirft ihm Straftaten vor, die mit bis zu 175 Jahre Haft geahndet werden k\u00f6nnen. Seit [&hellip;]<\/p>\n","protected":false},"author":4,"featured_media":0,"comment_status":"closed","ping_status":"closed","sticky":false,"template":"","format":"standard","meta":{"jetpack_post_was_ever_published":false,"_jetpack_newsletter_access":"","_jetpack_dont_email_post_to_subs":false,"_jetpack_newsletter_tier_id":0,"_jetpack_memberships_contains_paywalled_content":false,"_jetpack_memberships_contains_paid_content":false,"footnotes":""},"categories":[1],"tags":[],"class_list":["post-5782","post","type-post","status-publish","format-standard","hentry","category-allgemein"],"jetpack_featured_media_url":"","jetpack_shortlink":"https:\/\/wp.me\/py5dN-1vg","jetpack_sharing_enabled":true,"_links":{"self":[{"href":"https:\/\/www.berlin.freidenker.org\/index.php?rest_route=\/wp\/v2\/posts\/5782","targetHints":{"allow":["GET"]}}],"collection":[{"href":"https:\/\/www.berlin.freidenker.org\/index.php?rest_route=\/wp\/v2\/posts"}],"about":[{"href":"https:\/\/www.berlin.freidenker.org\/index.php?rest_route=\/wp\/v2\/types\/post"}],"author":[{"embeddable":true,"href":"https:\/\/www.berlin.freidenker.org\/index.php?rest_route=\/wp\/v2\/users\/4"}],"replies":[{"embeddable":true,"href":"https:\/\/www.berlin.freidenker.org\/index.php?rest_route=%2Fwp%2Fv2%2Fcomments&post=5782"}],"version-history":[{"count":1,"href":"https:\/\/www.berlin.freidenker.org\/index.php?rest_route=\/wp\/v2\/posts\/5782\/revisions"}],"predecessor-version":[{"id":5783,"href":"https:\/\/www.berlin.freidenker.org\/index.php?rest_route=\/wp\/v2\/posts\/5782\/revisions\/5783"}],"wp:attachment":[{"href":"https:\/\/www.berlin.freidenker.org\/index.php?rest_route=%2Fwp%2Fv2%2Fmedia&parent=5782"}],"wp:term":[{"taxonomy":"category","embeddable":true,"href":"https:\/\/www.berlin.freidenker.org\/index.php?rest_route=%2Fwp%2Fv2%2Fcategories&post=5782"},{"taxonomy":"post_tag","embeddable":true,"href":"https:\/\/www.berlin.freidenker.org\/index.php?rest_route=%2Fwp%2Fv2%2Ftags&post=5782"}],"curies":[{"name":"wp","href":"https:\/\/api.w.org\/{rel}","templated":true}]}}