{"id":6170,"date":"2021-04-11T14:07:21","date_gmt":"2021-04-11T12:07:21","guid":{"rendered":"https:\/\/www.berlin.freidenker.org\/?p=6170"},"modified":"2021-04-11T14:07:21","modified_gmt":"2021-04-11T12:07:21","slug":"kommt-zu-den-kundgebungen-zu-ernst-thaelmanns-135-geburtstag","status":"publish","type":"post","link":"https:\/\/www.berlin.freidenker.org\/?p=6170","title":{"rendered":"Kommt zu den Kundgebungen zu Ernst Th\u00e4lmanns 135. Geburtstag!"},"content":{"rendered":"<div class=\"rcmBody\">\n<div class=\"pre\">\nDer Berliner Freidenker-Verband ruft auf zu den beiden<\/p>\n<p><strong>Kundgebungen\u00a0zum\u00a0135.\u00a0Geburtstag\u00a0Ernst\u00a0Th\u00e4lmanns\u00a0<\/strong>(16.4.1886\u201316.4.2021)<\/p>\n<p>Die\u00a0erste\u00a0findet\u00a0statt\u00a0in\u00a0Berlin:<\/p>\n<p><strong>Samstag,\u00a017.\u00a0April\u00a02021,\u00a014\u00a0Uhr<\/strong><\/p>\n<p><strong>Ernst-Th\u00e4lmann-Denkmal, Berlin, Greifswalder Stra\u00dfe (N\u00e4he S-Bhf. Greifswalder Str.)<\/strong><\/p>\n<p>Es\u00a0redet\u00a0unser\u00a0Genosse<br \/>\nHans Bauer (Vorsitzender der Gesellschaft zur Humanit\u00e4ren und Rechtlichen Unterst\u00fctzung e. V., GRH)<\/p>\n<p>Die\u00a0zweite\u00a0findet\u00a0statt\u00a0in\u00a0<strong>Ziegenhals<\/strong>:<\/p>\n<p><strong>Sonntag,\u00a018.\u00a0April\u00a02021,\u00a011.30\u00a0Uhr<\/strong><br \/>\n<strong>vor dem Gel\u00e4nde der gesch\u00e4ndeten und zerst\u00f6rten Ernst-Th\u00e4lmann-Gedenkst\u00e4tte in Ziegenhals (Seestr. 27, Ziegenhals-Niederlehme, K\u00f6nigs Wusterhausen<\/strong><br \/>\nRedner:\u00a0Egon\u00a0Krenz<\/p>\n<p>Veranstalter beider Kundgebungen: Freundeskreis \u201eErnst Th\u00e4lmann e.V., Ziegenhals \u2013 Berlin\u201c<\/p>\n<p>Bei beiden Kundgebungen werden die aktuellen Corona-Verordnungen eingehalten.<\/p>\n<p>Als Berliner Landesverband der Freidenker m\u00f6chten wir insbesondere darauf hinweisen, wie wichtig es ist, auch die Kundgebungen am Berliner Th\u00e4lmann-Denkmal jeweils zu unterst\u00fctzen.<\/p>\n<p>Wie den meisten von Euch bekannt ist, ist derzeit eine antiwissenschaftliche, geschichtszerst\u00f6rerische S\u00e4uberungswelle unter dem Namen \u201eCancel Culture\u201c (\u201eKultur ausl\u00f6schen\u201c) von den reaktion\u00e4rsten transatlantischen Kreisen aus den USA auch nach Deutschland getragen worden. Vordergr\u00fcndig geht es dabei um die Verst\u00fcmmelung und Zerst\u00f6rung von Kulturdenkm\u00e4lern des fr\u00fchen, einst revolution\u00e4ren B\u00fcrgertums.<\/p>\n<p>Uns Deutschen, gerade auch in Berlin und auf dem gesamten Territorium der zerst\u00f6rten DDR, ist aber seit 1990 t\u00e4gliche Erfahrung, worum es dabei eigentlich geht und wo das seinen Ausgangspunkt nahm. F\u00fcr uns ist \u201eCancel Culture\u201c nichts Neues. Es geht gegen jede wissenschaftliche, aufkl\u00e4rende Weltanschauung. Letztlich zielt das Ganze auf die endg\u00fcltige Ausl\u00f6schung dessen, wof\u00fcr gerade Ernst Th\u00e4lmann steht: den Sozialismus, Kommunismus, die wissenschaftliche Weltanschauung des Marxismus und Leninismus.<\/p>\n<p>An den beiden antifaschistischen Th\u00e4lmann-Gedenkst\u00e4tten in Ziegenhals und Berlin sehen wir die Niedertracht, die hinter dem b\u00fcrgerlichen Kultur- und Denkmalzerst\u00f6rungsprogramm steht, das sich heute in der antirussischen und antichinesischen Kriegspolitik fortsetzt und die Ergebnisse des 8. und 9. Mai 1945 zu revidieren versucht. In Ziegenhals wurde die Gedenkst\u00e4tte der illegalen Tagung des ZK der KPD zerst\u00f6rt. Die Kontinuit\u00e4t zum deutschen Faschismus tritt hier ganz offen hervor.<br \/>\nAber in Berlin ist seit Jahren eine Sch\u00e4ndung der anderen Art in Vorbereitung, die wohl bald durch rot-rot-gr\u00fcn auch durchgef\u00fchrt wird, wenn wir ihr nicht in den Arm fallen: Hier soll eine denunziatorische \u201eErl\u00e4uterungstafel\u201c gegen Ernst Th\u00e4lmann und die deutsche Arbeiterbewegung, als pseudo-k\u00fcnstlerischer Kommentar im Sinne der \u201eTotalitarismusdoktrin\u201c, am Denkmal angebracht werden.<\/p>\n<p>Wir halten diese \u201esubtile\u201c Form der Sch\u00e4ndung durch die Annexionsmacht f\u00fcr nicht weniger barbarisch, vielleicht sogar noch tiefenwirksamer, als die offenkundige brutale Demolierung in Ziegenhals; auch f\u00fcr noch eindeutiger als die Grafitti-Schmierereien, die sowieso schon das Berliner Th\u00e4lmann-Denkmal verunstalten.<\/p>\n<p>Deshalb halten wir Unterst\u00fctzung der Freunde Ernst Th\u00e4lmanns durch unsere Berliner Genossen f\u00fcr eine st\u00e4ndige Pflicht \u2013 und damit auch jeden Protest gegen die antikommunistischen Frechheiten des Berliner Senats.<br \/>\nWir w\u00fcrden uns freuen, Euch in Berlin und \/ oder Ziegenhals zu sehen!<\/p><\/div>\n<\/div>\n","protected":false},"excerpt":{"rendered":"<p>Der Berliner Freidenker-Verband ruft auf zu den beiden Kundgebungen\u00a0zum\u00a0135.\u00a0Geburtstag\u00a0Ernst\u00a0Th\u00e4lmanns\u00a0(16.4.1886\u201316.4.2021) Die\u00a0erste\u00a0findet\u00a0statt\u00a0in\u00a0Berlin: Samstag,\u00a017.\u00a0April\u00a02021,\u00a014\u00a0Uhr Ernst-Th\u00e4lmann-Denkmal, Berlin, Greifswalder Stra\u00dfe (N\u00e4he S-Bhf. Greifswalder Str.) Es\u00a0redet\u00a0unser\u00a0Genosse Hans Bauer (Vorsitzender der Gesellschaft zur Humanit\u00e4ren und Rechtlichen Unterst\u00fctzung e. V., GRH) Die\u00a0zweite\u00a0findet\u00a0statt\u00a0in\u00a0Ziegenhals: Sonntag,\u00a018.\u00a0April\u00a02021,\u00a011.30\u00a0Uhr vor dem Gel\u00e4nde der gesch\u00e4ndeten und zerst\u00f6rten Ernst-Th\u00e4lmann-Gedenkst\u00e4tte in Ziegenhals (Seestr. 27, Ziegenhals-Niederlehme, K\u00f6nigs Wusterhausen Redner:\u00a0Egon\u00a0Krenz Veranstalter beider Kundgebungen: Freundeskreis [&hellip;]<\/p>\n","protected":false},"author":4,"featured_media":0,"comment_status":"closed","ping_status":"closed","sticky":false,"template":"","format":"standard","meta":{"jetpack_post_was_ever_published":false,"_jetpack_newsletter_access":"","_jetpack_dont_email_post_to_subs":false,"_jetpack_newsletter_tier_id":0,"_jetpack_memberships_contains_paywalled_content":false,"_jetpack_memberships_contains_paid_content":false,"footnotes":""},"categories":[1],"tags":[],"class_list":["post-6170","post","type-post","status-publish","format-standard","hentry","category-allgemein"],"jetpack_featured_media_url":"","jetpack_shortlink":"https:\/\/wp.me\/py5dN-1Bw","jetpack_sharing_enabled":true,"_links":{"self":[{"href":"https:\/\/www.berlin.freidenker.org\/index.php?rest_route=\/wp\/v2\/posts\/6170","targetHints":{"allow":["GET"]}}],"collection":[{"href":"https:\/\/www.berlin.freidenker.org\/index.php?rest_route=\/wp\/v2\/posts"}],"about":[{"href":"https:\/\/www.berlin.freidenker.org\/index.php?rest_route=\/wp\/v2\/types\/post"}],"author":[{"embeddable":true,"href":"https:\/\/www.berlin.freidenker.org\/index.php?rest_route=\/wp\/v2\/users\/4"}],"replies":[{"embeddable":true,"href":"https:\/\/www.berlin.freidenker.org\/index.php?rest_route=%2Fwp%2Fv2%2Fcomments&post=6170"}],"version-history":[{"count":1,"href":"https:\/\/www.berlin.freidenker.org\/index.php?rest_route=\/wp\/v2\/posts\/6170\/revisions"}],"predecessor-version":[{"id":6171,"href":"https:\/\/www.berlin.freidenker.org\/index.php?rest_route=\/wp\/v2\/posts\/6170\/revisions\/6171"}],"wp:attachment":[{"href":"https:\/\/www.berlin.freidenker.org\/index.php?rest_route=%2Fwp%2Fv2%2Fmedia&parent=6170"}],"wp:term":[{"taxonomy":"category","embeddable":true,"href":"https:\/\/www.berlin.freidenker.org\/index.php?rest_route=%2Fwp%2Fv2%2Fcategories&post=6170"},{"taxonomy":"post_tag","embeddable":true,"href":"https:\/\/www.berlin.freidenker.org\/index.php?rest_route=%2Fwp%2Fv2%2Ftags&post=6170"}],"curies":[{"name":"wp","href":"https:\/\/api.w.org\/{rel}","templated":true}]}}