{"id":6188,"date":"2021-06-23T08:39:18","date_gmt":"2021-06-23T06:39:18","guid":{"rendered":"https:\/\/www.berlin.freidenker.org\/?p=6188"},"modified":"2021-06-23T08:39:18","modified_gmt":"2021-06-23T06:39:18","slug":"gemeinsam-fuer-den-frieden","status":"publish","type":"post","link":"https:\/\/www.berlin.freidenker.org\/?p=6188","title":{"rendered":"Gemeinsam f\u00fcr den Frieden"},"content":{"rendered":"<p><u>Zum 80. Jahrestag des \u00dcberfalls auf die Sowjetunion erkl\u00e4ren:<\/u><br \/>\nGeneraloberst a.D. Fritz Streletz \u2013 Generalleutnant a.D. Manfred Gr\u00e4tz \u2013 Generalleutnant a.D. Wolfgang Neidhardt \u2013 Generalmajor a.D. Manfred Jonischkies \u2013 Konteradmiral a.D. Gerhard M\u00fcller \u2013 Oberst a.D. Frithjof Banisch \u2013 Oberst a.D. Herbert Prau\u00df \u2013 Oberstarzt Dr. Georg Ludvik (\u00d6sterreich) \u2013 Kapit\u00e4n zur See a.D. Gerhard Matthes \u2013 Oberstleutnant a.D. Siegfried Eichner \u2013 Major a.D. (Bw) Florian Pfaff \u2013 Generaloberst Vitali Asarew (RF) \u2013 Generalleutnant a.D. Horst Sylla \u2013 Generalmajor a.D. Sebald Daum \u2013 Generalmajor a. D. Dr. G\u00fcnter Voigt \u2013 Oberst a. D. Friedemann Munkelt \u2013 Oberst a.D. Bernd Biedermann \u2013 Oberst a.D. Nikolai W. Tschuikow (RF) \u2013 Kapit\u00e4n z. See a.D. Werner Murzynowski \u2013 Kapitan 1.Ranges a.D. Mikhail Pyresin (RF) \u2013 Major a.D. Rainer Paskowsky<\/p>\n<p><strong>Gemeinsam f\u00fcr den Frieden<br \/>\nEin Aufruf zur Vernunft<br \/>\n<\/strong><br \/>\nAngesichts der milit\u00e4rischen und politischen Situation der Welt von heute wird der Kampf um den Frieden immer mehr zum zentralen Anliegen aller vern\u00fcnftigen Menschen.<br \/>\nAls ehemalige oder heute noch aktive Milit\u00e4rs in Ost und West haben wir diesbez\u00fcglich eine besondere Verantwortung, weil wir die Folgen von Kriegen kennen.<\/p>\n<p>Frieden ist heute nur erreichbar, wenn wir zur\u00fcckkehren zu den Prinzipien, auf denen 1945 nach zwei Weltkriegen auf der Basis der Charta der Vereinten Nationen die Nachkriegsordnung aufgebaut wurde<br \/>\n\u2013 Achtung der souver\u00e4nen Gleichheit aller Staaten, gleich ob gro\u00df oder klein<br \/>\n\u2013 Verzicht auf die Androhung und Anwendung von Gewalt.<\/p>\n<p>Zu diesen Prinzipien m\u00fcssen wir zur\u00fcckkehren, vor allem angesichts des Vernichtungspotentials von Atomwaffen und Massenvernichtungsmitteln sowie der Ausdehnung des milit\u00e4rischen und wissenschaftlichen Wettr\u00fcstens auf immer neue Gebiete, bis hin zum Kosmos.<\/p>\n<p>Deshalb rufen wir auf zur Besinnung auf eine Politik des gegenseitigen Respekts und der Zusammenarbeit, vor allem der st\u00e4ndigen Mitglieder des Sicherheitsrates der UNO, denen als Atomm\u00e4chte eine besondere Rolle zukommt.<\/p>\n<p>Unser Land, eine der st\u00e4rksten Wirtschaftsm\u00e4chte der Welt, tr\u00e4gt wegen seiner Geschichte dabei eine besondere Verantwortung. Soldaten der h\u00f6heren F\u00fchrungsebene erkennen auch bei uns ihre Verantwortung, die Politiker zu einer Politik der Friedenserhaltung und Zusammenarbeit aufzurufen.<\/p>\n<p>Wer heute \u00fcber Mittel verf\u00fcgt, die \u00fcber Leben oder Tod entscheiden, kann sich nicht mehr als blo\u00dfer Befehlsempf\u00e4nger der Politik sehen. Wer diese Verantwortung auf seinen Schultern tr\u00e4gt, hat nicht nur die Pflicht, sondern auch das Recht, eine Politik einzufordern, die das gemeinsame \u00dcberleben aller sichert.<\/p>\n<p>Die Sorge um die Erhaltung des Friedens und die Wahrnehmung unserer Verantwortung f\u00fcr die Zukunft sollte uns \u00fcber alle sonstigen Unterschiede hinweg einen. Diese Erde geh\u00f6rt nicht nur uns, sie geh\u00f6rt auch den Generationen, die noch ins Leben treten werden. Alle, die die Sorge um die Erhaltung des Friedens und des \u00dcberlebens mit uns teilen, sind willkommen, unabh\u00e4ngig von ihrer Nationalit\u00e4t, Profession, ihrem Alter, Geschlecht und Glaubensbekenntnis.<\/p>\n<p>Wir fordern von unseren Regierungen, Konflikte mit friedlichen Mitteln unter Beachtung der Interessen der Mehrheit der Menschen zu l\u00f6sen. Unsere Regierungen sollen eine Politik der Zusammenarbeit f\u00fchren und gegen andere L\u00e4nder keine Politik betreiben, die sie zwingen k\u00f6nnte, ihre Interessen mit milit\u00e4rischen Mitteln zu sch\u00fctzen.<\/p>\n<p>Als Milit\u00e4rs fordern wir, den \u00fcber Jahrzehnte erfolgreichen Prozess der R\u00fcstungskontrolle auf allen Ebenen fortzusetzen. Er ist seit \u00fcber einem halben Jahrhundert Beweis daf\u00fcr, dass bei entsprechendem politischem Willen und gegenseitiger Achtung auch komplizierte Probleme unter strikter Kontrolle einvernehmlich l\u00f6sbar sind. Allen ist klar, dieser Prozess bedarf seiner Anpassungen die Ver\u00e4nderungen in der Welt.<\/p>\n<p>Gemeinsam mit vielen gleichgesinnten Verantwortungstr\u00e4gern rufen wir deshalb dazu auf, innezuhalten mit der Zerst\u00f6rung des V\u00f6lkerrechts und der elementaren Lebensgrundlagen der V\u00f6lker.<br \/>\n<strong>Es geht um unser Aller \u00dcberleben!<br \/>\nHeute werden daf\u00fcr die Weichen gestellt!<\/strong><\/p>\n","protected":false},"excerpt":{"rendered":"<p>Zum 80. Jahrestag des \u00dcberfalls auf die Sowjetunion erkl\u00e4ren: Generaloberst a.D. Fritz Streletz \u2013 Generalleutnant a.D. Manfred Gr\u00e4tz \u2013 Generalleutnant a.D. Wolfgang Neidhardt \u2013 Generalmajor a.D. Manfred Jonischkies \u2013 Konteradmiral a.D. Gerhard M\u00fcller \u2013 Oberst a.D. Frithjof Banisch \u2013 Oberst a.D. Herbert Prau\u00df \u2013 Oberstarzt Dr. Georg Ludvik (\u00d6sterreich) \u2013 Kapit\u00e4n zur See a.D. Gerhard [&hellip;]<\/p>\n","protected":false},"author":4,"featured_media":0,"comment_status":"closed","ping_status":"closed","sticky":false,"template":"","format":"standard","meta":{"jetpack_post_was_ever_published":false,"_jetpack_newsletter_access":"","_jetpack_dont_email_post_to_subs":false,"_jetpack_newsletter_tier_id":0,"_jetpack_memberships_contains_paywalled_content":false,"_jetpack_memberships_contains_paid_content":false,"footnotes":""},"categories":[1],"tags":[],"class_list":["post-6188","post","type-post","status-publish","format-standard","hentry","category-allgemein"],"jetpack_featured_media_url":"","jetpack_shortlink":"https:\/\/wp.me\/py5dN-1BO","jetpack_sharing_enabled":true,"_links":{"self":[{"href":"https:\/\/www.berlin.freidenker.org\/index.php?rest_route=\/wp\/v2\/posts\/6188","targetHints":{"allow":["GET"]}}],"collection":[{"href":"https:\/\/www.berlin.freidenker.org\/index.php?rest_route=\/wp\/v2\/posts"}],"about":[{"href":"https:\/\/www.berlin.freidenker.org\/index.php?rest_route=\/wp\/v2\/types\/post"}],"author":[{"embeddable":true,"href":"https:\/\/www.berlin.freidenker.org\/index.php?rest_route=\/wp\/v2\/users\/4"}],"replies":[{"embeddable":true,"href":"https:\/\/www.berlin.freidenker.org\/index.php?rest_route=%2Fwp%2Fv2%2Fcomments&post=6188"}],"version-history":[{"count":1,"href":"https:\/\/www.berlin.freidenker.org\/index.php?rest_route=\/wp\/v2\/posts\/6188\/revisions"}],"predecessor-version":[{"id":6189,"href":"https:\/\/www.berlin.freidenker.org\/index.php?rest_route=\/wp\/v2\/posts\/6188\/revisions\/6189"}],"wp:attachment":[{"href":"https:\/\/www.berlin.freidenker.org\/index.php?rest_route=%2Fwp%2Fv2%2Fmedia&parent=6188"}],"wp:term":[{"taxonomy":"category","embeddable":true,"href":"https:\/\/www.berlin.freidenker.org\/index.php?rest_route=%2Fwp%2Fv2%2Fcategories&post=6188"},{"taxonomy":"post_tag","embeddable":true,"href":"https:\/\/www.berlin.freidenker.org\/index.php?rest_route=%2Fwp%2Fv2%2Ftags&post=6188"}],"curies":[{"name":"wp","href":"https:\/\/api.w.org\/{rel}","templated":true}]}}