{"id":6190,"date":"2021-06-23T08:46:31","date_gmt":"2021-06-23T06:46:31","guid":{"rendered":"https:\/\/www.berlin.freidenker.org\/?p=6190"},"modified":"2021-06-23T08:46:31","modified_gmt":"2021-06-23T06:46:31","slug":"stellungnahme-der-berliner-friedenskoordination","status":"publish","type":"post","link":"https:\/\/www.berlin.freidenker.org\/?p=6190","title":{"rendered":"Stellungnahme der Berliner Friedenskoordination"},"content":{"rendered":"<p><strong>zum 80. Jahrestages des \u00dcberfalls auf die Sowjetunion<br \/>\n22.6.1941 \u2013 22.6.2021<\/p>\n<p>Wir gedenken des \u00dcberfalls auf die Sowjetunion.<br \/>\n<\/strong>Am 22.6. j\u00e4hrt sich zum 80. Mal der \u00dcberfall der deutschen Wehrmacht auf die Sowjetunion.<\/p>\n<p>In diesem Zweiten Weltkrieg verloren mehr als 60 Millionen Menschen ihr Leben. Die H\u00e4lfte davon waren sowjetische Soldaten, Kriegsgefangene und Zivilisten. Am Ende des furchtbaren Raub- und Vernichtungskrieges hatte die Rote Armee Hitler besiegt und Deutschland vom Faschismus befreit.<\/p>\n<p>Mit gro\u00dfem Unverst\u00e4ndnis und Emp\u00f6rung m\u00fcssen wir, Gruppen und Einzelpersonen der Berliner Friedenskoordination, zur Kenntnis nehmen, dass der Bundestagspr\u00e4sident offenbar mit Billigung der Bundesregierung eine Gedenkveranstaltung anl\u00e4sslich dieses 80. Jahrestages ablehnt.<\/p>\n<p>Diese Entscheidung k\u00f6nnen wir nur als einen weiteren Versuch werten, die Geschichte umzuschreiben. Sie setzt die Politik fort, der Sowjetunion eine Mitverantwortung f\u00fcr den Zweiten Weltkrieg zuzuschreiben, wie es zum wiederholten Mal das EU-Parlament erkl\u00e4rt hat. Sie dient dem Ziel, den \u00fcbergro\u00dfen Anteil der Sowjetunion am Sieg im 2.WK und den horrenden Preis zu verschweigen, den die V\u00f6lker der Sowjetunion daf\u00fcr bezahlten. Sie dient auch dem Ziel, die vielf\u00e4ltigen Anfeindungen gegen Russland heute, die stetig wachsende Beteiligung Deutschlands an den milit\u00e4rischen Provokationen an der russischen Westgrenze und die immense Aufr\u00fcstung zu rechtfertigen.<\/p>\n<p>Russland \u2013 wie auch China \u2013 verweigern sich bisher erfolgreich einer Unterordnung unter den historischen, politischen und \u00f6konomischen Hegemonieanspruch des \u201eWestens&#8220;. Das ist der Grund, warum das Feindbild und die angebliche Bedrohung so massiv befeuert werden.<\/p>\n<p>Gedenken hei\u00dft f\u00fcr uns, Lehren f\u00fcr heute zu ziehen. Deshalb: Nein zu Aufr\u00fcstung, Kriegshetze und Krieg! Nein zu Geschichtsf\u00e4lschung und Informationskrieg! Entspannung und Dialog mit Russland, statt Drohung und Sanktionen!<\/p>\n","protected":false},"excerpt":{"rendered":"<p>zum 80. Jahrestages des \u00dcberfalls auf die Sowjetunion 22.6.1941 \u2013 22.6.2021 Wir gedenken des \u00dcberfalls auf die Sowjetunion. Am 22.6. j\u00e4hrt sich zum 80. Mal der \u00dcberfall der deutschen Wehrmacht auf die Sowjetunion. In diesem Zweiten Weltkrieg verloren mehr als 60 Millionen Menschen ihr Leben. Die H\u00e4lfte davon waren sowjetische Soldaten, Kriegsgefangene und Zivilisten. Am [&hellip;]<\/p>\n","protected":false},"author":4,"featured_media":0,"comment_status":"closed","ping_status":"closed","sticky":false,"template":"","format":"standard","meta":{"jetpack_post_was_ever_published":false,"_jetpack_newsletter_access":"","_jetpack_dont_email_post_to_subs":false,"_jetpack_newsletter_tier_id":0,"_jetpack_memberships_contains_paywalled_content":false,"_jetpack_memberships_contains_paid_content":false,"footnotes":""},"categories":[1],"tags":[],"class_list":["post-6190","post","type-post","status-publish","format-standard","hentry","category-allgemein"],"jetpack_featured_media_url":"","jetpack_shortlink":"https:\/\/wp.me\/py5dN-1BQ","jetpack_sharing_enabled":true,"_links":{"self":[{"href":"https:\/\/www.berlin.freidenker.org\/index.php?rest_route=\/wp\/v2\/posts\/6190","targetHints":{"allow":["GET"]}}],"collection":[{"href":"https:\/\/www.berlin.freidenker.org\/index.php?rest_route=\/wp\/v2\/posts"}],"about":[{"href":"https:\/\/www.berlin.freidenker.org\/index.php?rest_route=\/wp\/v2\/types\/post"}],"author":[{"embeddable":true,"href":"https:\/\/www.berlin.freidenker.org\/index.php?rest_route=\/wp\/v2\/users\/4"}],"replies":[{"embeddable":true,"href":"https:\/\/www.berlin.freidenker.org\/index.php?rest_route=%2Fwp%2Fv2%2Fcomments&post=6190"}],"version-history":[{"count":1,"href":"https:\/\/www.berlin.freidenker.org\/index.php?rest_route=\/wp\/v2\/posts\/6190\/revisions"}],"predecessor-version":[{"id":6191,"href":"https:\/\/www.berlin.freidenker.org\/index.php?rest_route=\/wp\/v2\/posts\/6190\/revisions\/6191"}],"wp:attachment":[{"href":"https:\/\/www.berlin.freidenker.org\/index.php?rest_route=%2Fwp%2Fv2%2Fmedia&parent=6190"}],"wp:term":[{"taxonomy":"category","embeddable":true,"href":"https:\/\/www.berlin.freidenker.org\/index.php?rest_route=%2Fwp%2Fv2%2Fcategories&post=6190"},{"taxonomy":"post_tag","embeddable":true,"href":"https:\/\/www.berlin.freidenker.org\/index.php?rest_route=%2Fwp%2Fv2%2Ftags&post=6190"}],"curies":[{"name":"wp","href":"https:\/\/api.w.org\/{rel}","templated":true}]}}