{"id":6222,"date":"2021-09-24T13:20:27","date_gmt":"2021-09-24T11:20:27","guid":{"rendered":"https:\/\/www.berlin.freidenker.org\/?p=6222"},"modified":"2021-11-03T14:23:24","modified_gmt":"2021-11-03T12:23:24","slug":"wir-trauern-um-unseren-genossen-edi-mader","status":"publish","type":"post","link":"https:\/\/www.berlin.freidenker.org\/?p=6222","title":{"rendered":"Wir trauern um unseren Genossen Edi Mader"},"content":{"rendered":"<div class=\"inner-wrap clearfix\">\n<div id=\"primary\">\n<div id=\"content\" class=\"clearfix\">\n<article id=\"post-11226\" class=\"post-11226 post type-post status-publish format-standard has-post-thumbnail hentry category-aktuelles category-weltliche-trauerkultur tag-deutscher-freidenker-verband tag-lv-berlin tag-lv-nrw tag-nachruf tag-trauer tag-weltliche-trauerkultur\">\n<div class=\"featured-image\"><img loading=\"lazy\" decoding=\"async\" class=\"attachment-colormag-featured-image size-colormag-featured-image wp-post-image\" src=\"https:\/\/i2.wp.com\/www.freidenker.org\/fw17\/wp-content\/uploads\/2021\/09\/Edi_Portrait_mR_800x450.jpg?resize=800%2C445&amp;ssl=1\" alt=\"\" width=\"500\" height=\"278\" data-attachment-id=\"11228\" data-permalink=\"https:\/\/www.freidenker.org\/?attachment_id=11228\" data-orig-file=\"https:\/\/i2.wp.com\/www.freidenker.org\/fw17\/wp-content\/uploads\/2021\/09\/Edi_Portrait_mR_800x450.jpg?fit=800%2C450&amp;ssl=1\" data-orig-size=\"800,450\" data-comments-opened=\"0\" data-image-meta=\"{&quot;aperture&quot;:&quot;5.6&quot;,&quot;credit&quot;:&quot;&quot;,&quot;camera&quot;:&quot;Canon EOS 50D&quot;,&quot;caption&quot;:&quot;&quot;,&quot;created_timestamp&quot;:&quot;1273337568&quot;,&quot;copyright&quot;:&quot;&quot;,&quot;focal_length&quot;:&quot;28&quot;,&quot;iso&quot;:&quot;100&quot;,&quot;shutter_speed&quot;:&quot;0.008&quot;,&quot;title&quot;:&quot;&quot;,&quot;orientation&quot;:&quot;1&quot;}\" data-image-title=\"Edi_Portrait_mR_800x450\" data-image-description=\"\" data-image-caption=\"\" data-medium-file=\"https:\/\/i2.wp.com\/www.freidenker.org\/fw17\/wp-content\/uploads\/2021\/09\/Edi_Portrait_mR_800x450.jpg?fit=300%2C169&amp;ssl=1\" data-large-file=\"https:\/\/i2.wp.com\/www.freidenker.org\/fw17\/wp-content\/uploads\/2021\/09\/Edi_Portrait_mR_800x450.jpg?fit=800%2C450&amp;ssl=1\" \/><\/div>\n<div class=\"article-content clearfix\">\n<div class=\"above-entry-meta\"><span class=\"cat-links\">\u00a0<\/span><\/div>\n<div class=\"below-entry-meta\"><strong>Nachruf<\/strong><\/div>\n<div class=\"entry-content clearfix\">\n<div>\n<p><strong>Eduard Mader \u00a0\u00a0<\/strong><\/p>\n<p><strong>8. September 1935 \u2013 22. August 2021<\/strong><\/p>\n<p>&nbsp;<\/p>\n<p>Mit Edi verlieren wir einen aufrechten und vorbildlichen Menschen, einen liebenswerten Freund und zuverl\u00e4ssigen Genossen.<\/p>\n<p>In einer Arbeiterfamilie in Ulm geboren, zweieinhalb Jahre nach dem Machtantritt der Faschisten in bescheidenen Verh\u00e4ltnissen aufgewachsen, erlebte er als kleines Kind, wie sein Vater als Kommunist Schikanen der Nazis ausgesetzt war, mehrfach seine Arbeit als Bauschlosser verlor, und 1941 zum Kriegsdienst gezwungen wurde.<\/p>\n<p>Bis zu seiner R\u00fcckkehr aus der Kriegsgefangenschaft musste die Mutter als Alleinverdienerin und Alleinerziehende die Kinder versorgen, der Vater wurde mit dem beginnenden Kalten Krieg und den Vorbereitungen zum KPD-Verbot erneut arbeitslos.<\/p>\n<p>Auch Edi hatte nach der Ausbildung zum technischen Zeichner keine Chance auf einen Arbeitsplatz, beim Deutschlandtreffen der FDJ erlebte er die Schikanen des Adenauer-Regimes. Er siedelte 1953 \u00fcber nach Bautzen, sp\u00e4ter folgte die ganze Familie, alle bekamen gem\u00e4\u00df der Verfassung der DDR Wohnung und Arbeit.<\/p>\n<p>Edi erhielt Arbeit im Werk f\u00fcr Fernmeldewesen in Berlin-Obersch\u00f6neweide und bereitete sich an der Berufsakademie auf das Studium vor, das er 1958 als Ingenieur f\u00fcr Maschinenbau und Elektrotechnik erfolgreich abschloss.<br \/>\n<!--more--><br \/>\nNach mehreren beruflichen Stationen im Bereich Hochleistungstechnik nahm er seine T\u00e4tigkeit als Verkaufs- und Au\u00dfenhandelsingenieur im Innen- und Au\u00dfenhandel Elektrotechnik auf, und lebte von 1969 bis 1976 mit seiner ersten Ehefrau und sp\u00e4ter drei Kindern in Jugoslawien.<\/p>\n<p>1983 begann seine zweite Ehe mit Uta, 1988 wurde er nach Moskau zum RGW delegiert, wo er in der Arbeitsgruppe Interelektro t\u00e4tig war und bis 1990 mit Uta lebte.<\/p>\n<p>Nach dem abrupten Ende dieser T\u00e4tigkeit infolge der Konterrevolution zog er mit Uta nach K\u00f6ln, die dort als \u00c4rztin arbeiten konnte.<\/p>\n<p>Aufgrund langj\u00e4hriger Verbundenheit mit Jugoslawien und als Kenner seiner Geschichte emp\u00f6rte ihn die NATO-Aggression gegen das Land 1999 und er engagierte sich als K\u00e4mpfer f\u00fcr Gerechtigkeit gegen\u00fcber dem serbischen Volk. Dies war auch das entscheidende Motiv f\u00fcr ihn, im Jahr 2000 Mitglied des Freidenkerverbandes zu werden.<\/p>\n<p>Neben dem Engagement in der Solidarit\u00e4tsbewegung wirkte Edi als Landeskassierer im Vorstand des LV NRW, und nach dem Umzug 2016 nach Bernau auch als Finanzverantwortlicher des Berliner Landesvorstandes.<\/p>\n<p>Bei Mitgliedern und B\u00fcndnispartnern erwarb er sich gro\u00dfes und bleibendes Ansehen als Kumpel, Humanist und Genosse.<\/p>\n<p>&nbsp;<\/p>\n<p><strong>Deutscher Freidenker-Verband<\/strong><\/p>\n<p>Verbandsvorstand<br \/>\nLandesverband Berlin<\/p>\n<\/div>\n<p>&nbsp;<\/p>\n<p>Foto: Ralf Lux<\/p>\n<\/div>\n<\/div>\n<\/article>\n<\/div>\n<\/div>\n<\/div>\n","protected":false},"excerpt":{"rendered":"<p>\u00a0 Nachruf Eduard Mader \u00a0\u00a0 8. September 1935 \u2013 22. August 2021 &nbsp; Mit Edi verlieren wir einen aufrechten und vorbildlichen Menschen, einen liebenswerten Freund und zuverl\u00e4ssigen Genossen. In einer Arbeiterfamilie in Ulm geboren, zweieinhalb Jahre nach dem Machtantritt der Faschisten in bescheidenen Verh\u00e4ltnissen aufgewachsen, erlebte er als kleines Kind, wie sein Vater als Kommunist [&hellip;]<\/p>\n","protected":false},"author":4,"featured_media":0,"comment_status":"closed","ping_status":"closed","sticky":false,"template":"","format":"standard","meta":{"jetpack_post_was_ever_published":false,"_jetpack_newsletter_access":"","_jetpack_dont_email_post_to_subs":false,"_jetpack_newsletter_tier_id":0,"_jetpack_memberships_contains_paywalled_content":false,"_jetpack_memberships_contains_paid_content":false,"footnotes":""},"categories":[1],"tags":[],"class_list":["post-6222","post","type-post","status-publish","format-standard","hentry","category-allgemein"],"jetpack_featured_media_url":"","jetpack_shortlink":"https:\/\/wp.me\/py5dN-1Cm","jetpack_sharing_enabled":true,"_links":{"self":[{"href":"https:\/\/www.berlin.freidenker.org\/index.php?rest_route=\/wp\/v2\/posts\/6222","targetHints":{"allow":["GET"]}}],"collection":[{"href":"https:\/\/www.berlin.freidenker.org\/index.php?rest_route=\/wp\/v2\/posts"}],"about":[{"href":"https:\/\/www.berlin.freidenker.org\/index.php?rest_route=\/wp\/v2\/types\/post"}],"author":[{"embeddable":true,"href":"https:\/\/www.berlin.freidenker.org\/index.php?rest_route=\/wp\/v2\/users\/4"}],"replies":[{"embeddable":true,"href":"https:\/\/www.berlin.freidenker.org\/index.php?rest_route=%2Fwp%2Fv2%2Fcomments&post=6222"}],"version-history":[{"count":6,"href":"https:\/\/www.berlin.freidenker.org\/index.php?rest_route=\/wp\/v2\/posts\/6222\/revisions"}],"predecessor-version":[{"id":6238,"href":"https:\/\/www.berlin.freidenker.org\/index.php?rest_route=\/wp\/v2\/posts\/6222\/revisions\/6238"}],"wp:attachment":[{"href":"https:\/\/www.berlin.freidenker.org\/index.php?rest_route=%2Fwp%2Fv2%2Fmedia&parent=6222"}],"wp:term":[{"taxonomy":"category","embeddable":true,"href":"https:\/\/www.berlin.freidenker.org\/index.php?rest_route=%2Fwp%2Fv2%2Fcategories&post=6222"},{"taxonomy":"post_tag","embeddable":true,"href":"https:\/\/www.berlin.freidenker.org\/index.php?rest_route=%2Fwp%2Fv2%2Ftags&post=6222"}],"curies":[{"name":"wp","href":"https:\/\/api.w.org\/{rel}","templated":true}]}}