{"id":6260,"date":"2021-12-28T19:40:46","date_gmt":"2021-12-28T17:40:46","guid":{"rendered":"https:\/\/www.berlin.freidenker.org\/?p=6260"},"modified":"2021-12-28T19:40:46","modified_gmt":"2021-12-28T17:40:46","slug":"was-die-impfpflicht-in-der-pflege-anrichtet","status":"publish","type":"post","link":"https:\/\/www.berlin.freidenker.org\/?p=6260","title":{"rendered":"Was die Impfpflicht in der Pflege anrichtet"},"content":{"rendered":"<p>Ein Brief aus Berlin<\/p>\n<p>&nbsp;<\/p>\n<p>Liebe Mitmenschen,<\/p>\n<p>was sich gegenw\u00e4rtig in den Pflegeeinrichtungen abspielt, macht mir gro\u00dfe Sorgen. Ich bin eine Gruppenleitung und t\u00e4glich nicht nur f\u00fcr das Wohl unserer ambulant versorgten kranken alten Mitb\u00fcrger zust\u00e4ndig, sondern auch f\u00fcr das Wohl unserer Mitarbeiter. Und dieses Wohl der Mitarbeiter ist in gro\u00dfer Gefahr.<\/p>\n<p>Seit 22 Monaten k\u00e4mpfen wir als ambulanter Pflegedienst in Berlin an vorderster Front im Kampf gegen Corona. Alle Mitarbeiter haben dabei t\u00e4glich ihr Bestes gegeben, mit viel Sorgfalt und F\u00fcrsorge die Kunden versorgt. Sie haben sich der Coronagefahr t\u00e4glich ausgesetzt, sind an ihre Belastungsgrenzen gekommen und haben trotzdem durchgehalten. Sie haben weder unsere Kunden mit Corona infiziert, noch haben sie sich bei der Arbeit in der Pflege bei Coronaerkrankten selbst mit Corona infiziert.<\/p>\n<p>Unsere Schutzma\u00dfnahmen wie regelm\u00e4\u00dfige Corona-Schnelltests, das Tragen von FFP-2 Masken und weitere Vorkehrungen waren somit erfolgreich und ausreichend. Und nun sollen unsere Mitarbeiter zum impfen gezwungen werden?<\/p>\n<p>Das ist unmenschlich und unethisch. Erst d\u00fcrfen sie f\u00fcr die Gesellschaft die Arbeit machen, vor der sich viele f\u00fcrchten oder selbst niemals machen w\u00fcrden, und nun sollen diese Pflegekr\u00e4fte daf\u00fcr noch bestraft werden?<\/p>\n<p>Nichts hat sich seit Ausbruch der Pandemie positiv f\u00fcr die Pflege ge\u00e4ndert! Warum sollten sich die Mitarbeiter impfen lassen?<\/p>\n<p>Unsere Mitarbeiter die nicht geimpft sind, ca. 10 Personen, werden den Pflegedienst verlassen und eine gro\u00dfe Pflegel\u00fccke hinterlassen. Das hei\u00dft, ca. 60 Kunden k\u00f6nnen dadurch nicht mehr von uns versorgt werden.<\/p>\n<p>Der Pflegeexodus ist also vorprogrammiert. F\u00fcr mich als Gruppenleitung, die immer die W\u00fcrde des Menschen im Blick und Herzen hat, ist es unbegreiflich, wie die Politik mit Pflegekr\u00e4ften umgeht. Au\u00dfer ihnen noch einmal ins Gesicht zu schlagen, ist ihnen nichts eingefallen.<\/p>\n<p>Ich bedaure es sehr, dass so viele Mitarbeiter der Pflege den R\u00fccken kehren, denn es waren ausschlie\u00dflich sehr gute Pflegekr\u00e4fte. Empathisch, f\u00fcrsorglich, verl\u00e4sslich einsatzbereit und kollegial und einige schon \u00fcber 20 Jahre in unserem Unternehmen, die jetzt per Gesetz raus geworfen werden m\u00fcssen. Wie Hunde vom Hof gejagt. Das bricht mir das Herz. Ich kann meiner F\u00fcrsorgepflicht f\u00fcr diese Mitarbeiter nicht mehr gerecht werden, weil mir per Gesetz die H\u00e4nde gebunden werden.<\/p>\n<p>Eins ist sicher: Sollte die Politik sp\u00e4ter aufwachen, wenn der Schaden eingetreten ist, dann werden diese Mitarbeiter nicht mehr in die Pflege zur\u00fcckkehren. Dieser mutwillig eskalierte Pflegenotstand wird sich nicht beheben lassen.<\/p>\n<p>Petra Lebelt<br \/>\nBerlin, den 22.12.2021<\/p>\n<p>&nbsp;<\/p>\n<p>Quelle: https:\/\/www.nachdenkseiten.de\/?p=79332<\/p>\n","protected":false},"excerpt":{"rendered":"<p>Ein Brief aus Berlin &nbsp; Liebe Mitmenschen, was sich gegenw\u00e4rtig in den Pflegeeinrichtungen abspielt, macht mir gro\u00dfe Sorgen. Ich bin eine Gruppenleitung und t\u00e4glich nicht nur f\u00fcr das Wohl unserer ambulant versorgten kranken alten Mitb\u00fcrger zust\u00e4ndig, sondern auch f\u00fcr das Wohl unserer Mitarbeiter. Und dieses Wohl der Mitarbeiter ist in gro\u00dfer Gefahr. Seit 22 Monaten [&hellip;]<\/p>\n","protected":false},"author":4,"featured_media":0,"comment_status":"closed","ping_status":"closed","sticky":false,"template":"","format":"standard","meta":{"jetpack_post_was_ever_published":false,"_jetpack_newsletter_access":"","_jetpack_dont_email_post_to_subs":false,"_jetpack_newsletter_tier_id":0,"_jetpack_memberships_contains_paywalled_content":false,"_jetpack_memberships_contains_paid_content":false,"footnotes":""},"categories":[1],"tags":[],"class_list":["post-6260","post","type-post","status-publish","format-standard","hentry","category-allgemein"],"jetpack_featured_media_url":"","jetpack_shortlink":"https:\/\/wp.me\/py5dN-1CY","jetpack_sharing_enabled":true,"_links":{"self":[{"href":"https:\/\/www.berlin.freidenker.org\/index.php?rest_route=\/wp\/v2\/posts\/6260","targetHints":{"allow":["GET"]}}],"collection":[{"href":"https:\/\/www.berlin.freidenker.org\/index.php?rest_route=\/wp\/v2\/posts"}],"about":[{"href":"https:\/\/www.berlin.freidenker.org\/index.php?rest_route=\/wp\/v2\/types\/post"}],"author":[{"embeddable":true,"href":"https:\/\/www.berlin.freidenker.org\/index.php?rest_route=\/wp\/v2\/users\/4"}],"replies":[{"embeddable":true,"href":"https:\/\/www.berlin.freidenker.org\/index.php?rest_route=%2Fwp%2Fv2%2Fcomments&post=6260"}],"version-history":[{"count":1,"href":"https:\/\/www.berlin.freidenker.org\/index.php?rest_route=\/wp\/v2\/posts\/6260\/revisions"}],"predecessor-version":[{"id":6261,"href":"https:\/\/www.berlin.freidenker.org\/index.php?rest_route=\/wp\/v2\/posts\/6260\/revisions\/6261"}],"wp:attachment":[{"href":"https:\/\/www.berlin.freidenker.org\/index.php?rest_route=%2Fwp%2Fv2%2Fmedia&parent=6260"}],"wp:term":[{"taxonomy":"category","embeddable":true,"href":"https:\/\/www.berlin.freidenker.org\/index.php?rest_route=%2Fwp%2Fv2%2Fcategories&post=6260"},{"taxonomy":"post_tag","embeddable":true,"href":"https:\/\/www.berlin.freidenker.org\/index.php?rest_route=%2Fwp%2Fv2%2Ftags&post=6260"}],"curies":[{"name":"wp","href":"https:\/\/api.w.org\/{rel}","templated":true}]}}