{"id":6276,"date":"2022-01-31T13:16:56","date_gmt":"2022-01-31T11:16:56","guid":{"rendered":"https:\/\/www.berlin.freidenker.org\/?p=6276"},"modified":"2022-01-31T13:16:56","modified_gmt":"2022-01-31T11:16:56","slug":"rundschreiben-der-initiative-frieden-mit-russland-zur-aktuellen-lage","status":"publish","type":"post","link":"https:\/\/www.berlin.freidenker.org\/?p=6276","title":{"rendered":"Rundschreiben der Initiative \u201aFrieden mit Russland\u2018 zur aktuellen Lage"},"content":{"rendered":"<p>(Mail vom 24.01.2022)<\/p>\n<p>Liebe Friedensfreunde, liebe Friedensfreundinnen, liebe Interessierte,<\/p>\n<p>die geballte Ladung an russophober Hetze und die allenthalben aufmarschierenden Kriegstrommler des \u201aWertewestens\u2018 lassen derzeit wohl niemanden \u00a0in Ruhe. Die USA und die EU heizen den ohnehin schon scharfen B\u00fcrgerkriegskonflikt in der Ukraine zu einem Konflikt um die Existenzberechtigung der NATO auf, tun aber schon lange nichts mehr etwa \u00a0f\u00fcr die Einhaltung der Minsker Vereinbarungen.<\/p>\n<p>Zur Erinnerung. Die Russ. F\u00f6deration (RF) hatte bereits im Herbst \u201921 laut und deutlich gewarnt: Sollte die NATO die Ukraine oder Georgien aufnehmen, sollten dort NATO-Truppen stationiert werden, oder sollten weitere Mittelstreckenraketen an ihrer Westgrenze stationiert werden, wird dies seitens der RF verhindert werden !<\/p>\n<p>Das macht den Ernst der Lage klar, v.a weil die USA und die Westeurop\u00e4er bis dato Tag f\u00fcr Tag weitere Provokationen (inklusive der Stationierung weiterer NATO-Truppen in der Ukraine) gegen die RF folgen lassen.<\/p>\n<p>Gleichwohl \u00a0k\u00fcndigte eben diese RF weitgehende Abr\u00fcstungsvereinbarungen an, die jedoch werden weder in den tollen Leitmedien des Westens noch in deren einschl\u00e4gigen politischen Kreisen kolportiert. Wir m\u00f6chten auch unser \u201aRundschreiben\u2018 hier nutzen, um auf die durchweg vern\u00fcnftigen Essentials des russischen Vorschlags hinzuweisen \u2013 aus unserer Sicht eine sehr geeignete Basis zumindest f\u00fcr ein Europa ohne Krieg:<\/p>\n<ul>\n<li>Keine NATO-Milit\u00e4rman\u00f6ver nahe der russischen Grenze, keine russischen Milit\u00e4rman\u00f6ver nahe der Grenze zu NATO-Staaten.<\/li>\n<li>Keine Stationierung von atomwaffenf\u00e4higen Mittelstreckenraketen in Europa, also auch im europ\u00e4ischen Teil Russlands.<\/li>\n<li>Keine Stationierung von Atomwaffen au\u00dferhalb des eigenen Landes (was auch einen Abzug der amerikanischen Atomwaffen aus Europa bedeuten w\u00fcrde).<\/li>\n<li>Keine Bomber so nahe an der Grenze des anderen patrouillieren lassen, dass ein Angriff m\u00f6glich w\u00e4re.<\/li>\n<li>Keine Kriegsschiffe so dicht an die Grenze des anderen bringen, dass sie ihn mit Raketen angreifen k\u00f6nnten.<\/li>\n<li>R\u00fcckkehr zur NATO-Russland-Grundakte, die eine dauerhafte Stationierung von NATO-Truppen in Osteuropa verbietet.<\/li>\n<\/ul>\n<p>(Vgl. dazu den Beitrag auf unserer Website unter <a href=\"https:\/\/frieden-mit-russland.com\/2022\/01\/16\/die-vorschlaege-russlands-sind-glatt-akzeptabel\/\">https:\/\/frieden-mit-russland.com\/2022\/01\/16\/die-vorschlaege-russlands-sind-glatt-akzeptabel\/<\/a> .)<\/p>\n<p>Wir wie andere aus der Friedensbewegung m\u00f6chten gerne, dass diese Vorschl\u00e4ge bekannt werden. Wir bitten also alle, zu deren Verbreitung beizutragen. Es muss doch auch trotz Pandemieregime gelingen, jedweden Verteiler, auch die pers\u00f6nlichen in den Familien- oder Bekanntenkreis, damit zu konfrontieren. Wir brauchen nicht mehr oder weniger, als dass die \u00f6ffentliche Meinung diese Friedensbotschaft zur Kenntnis nimmt.<\/p>\n<p>Wir gr\u00fc\u00dfen solidarisch und hoffen auf eure\/ihre Mitwirkung<\/p>\n<p>Frank Braun, f\u00fcr die Initiative \u201aFrieden mit Russland\u2018<\/p>\n<p><a href=\"http:\/\/www.frieden-mit-russland.com\">www.frieden-mit-russland.com<\/a><\/p>\n","protected":false},"excerpt":{"rendered":"<p>(Mail vom 24.01.2022) Liebe Friedensfreunde, liebe Friedensfreundinnen, liebe Interessierte, die geballte Ladung an russophober Hetze und die allenthalben aufmarschierenden Kriegstrommler des \u201aWertewestens\u2018 lassen derzeit wohl niemanden \u00a0in Ruhe. Die USA und die EU heizen den ohnehin schon scharfen B\u00fcrgerkriegskonflikt in der Ukraine zu einem Konflikt um die Existenzberechtigung der NATO auf, tun aber schon lange [&hellip;]<\/p>\n","protected":false},"author":4,"featured_media":0,"comment_status":"closed","ping_status":"closed","sticky":false,"template":"","format":"standard","meta":{"jetpack_post_was_ever_published":false,"_jetpack_newsletter_access":"","_jetpack_dont_email_post_to_subs":false,"_jetpack_newsletter_tier_id":0,"_jetpack_memberships_contains_paywalled_content":false,"_jetpack_memberships_contains_paid_content":false,"footnotes":""},"categories":[1],"tags":[],"class_list":["post-6276","post","type-post","status-publish","format-standard","hentry","category-allgemein"],"jetpack_featured_media_url":"","jetpack_shortlink":"https:\/\/wp.me\/py5dN-1De","jetpack_sharing_enabled":true,"_links":{"self":[{"href":"https:\/\/www.berlin.freidenker.org\/index.php?rest_route=\/wp\/v2\/posts\/6276","targetHints":{"allow":["GET"]}}],"collection":[{"href":"https:\/\/www.berlin.freidenker.org\/index.php?rest_route=\/wp\/v2\/posts"}],"about":[{"href":"https:\/\/www.berlin.freidenker.org\/index.php?rest_route=\/wp\/v2\/types\/post"}],"author":[{"embeddable":true,"href":"https:\/\/www.berlin.freidenker.org\/index.php?rest_route=\/wp\/v2\/users\/4"}],"replies":[{"embeddable":true,"href":"https:\/\/www.berlin.freidenker.org\/index.php?rest_route=%2Fwp%2Fv2%2Fcomments&post=6276"}],"version-history":[{"count":1,"href":"https:\/\/www.berlin.freidenker.org\/index.php?rest_route=\/wp\/v2\/posts\/6276\/revisions"}],"predecessor-version":[{"id":6277,"href":"https:\/\/www.berlin.freidenker.org\/index.php?rest_route=\/wp\/v2\/posts\/6276\/revisions\/6277"}],"wp:attachment":[{"href":"https:\/\/www.berlin.freidenker.org\/index.php?rest_route=%2Fwp%2Fv2%2Fmedia&parent=6276"}],"wp:term":[{"taxonomy":"category","embeddable":true,"href":"https:\/\/www.berlin.freidenker.org\/index.php?rest_route=%2Fwp%2Fv2%2Fcategories&post=6276"},{"taxonomy":"post_tag","embeddable":true,"href":"https:\/\/www.berlin.freidenker.org\/index.php?rest_route=%2Fwp%2Fv2%2Ftags&post=6276"}],"curies":[{"name":"wp","href":"https:\/\/api.w.org\/{rel}","templated":true}]}}