{"id":6297,"date":"2022-03-30T08:59:53","date_gmt":"2022-03-30T06:59:53","guid":{"rendered":"https:\/\/www.berlin.freidenker.org\/?p=6297"},"modified":"2022-03-30T08:59:53","modified_gmt":"2022-03-30T06:59:53","slug":"botschaft-der-veteranen-und-kriegskinder-des-grossen-vaterlaendischen-krieges-an-das-deutsche-volk-und-die-deutsche-regierung","status":"publish","type":"post","link":"https:\/\/www.berlin.freidenker.org\/?p=6297","title":{"rendered":"Botschaft der Veteranen und Kriegskinder des Gro\u00dfen Vaterl\u00e4ndischen Krieges an das deutsche Volk und die deutsche Regierung"},"content":{"rendered":"<p>M\u00e4rz 22, 2022<\/p>\n<p align=\"JUSTIFY\"><strong><span style=\"font-family: georgia, palatino, serif;\"><span style=\"font-size: medium;\">TRAG\u00d6DIE IN DER UKRAINE<\/span><\/span><\/strong><\/p>\n<p align=\"JUSTIFY\"><em><span style=\"font-family: georgia, palatino, serif;\"><span style=\"font-size: medium;\">Von den Veteranen und Kriegskindern des Gro\u00dfen Vaterl\u00e4ndischen Krieges an das deutsche Volk und die deutsche Regierung.<\/span><\/span><\/em><\/p>\n<p align=\"JUSTIFY\"><span style=\"font-family: georgia, palatino, serif;\"><span style=\"font-size: medium;\">DER TEXT DES SCHREIBENS<\/span><\/span><\/p>\n<p align=\"JUSTIFY\"><span style=\"font-family: georgia, palatino, serif;\"><span style=\"font-size: medium;\">Wir, die letzten Kriegszeugen, die Vertreter aller V\u00f6lker Russlands, die diesen gro\u00dfen und schrecklichen Krieg \u00fcberlebt haben, stehen heute am Ende unseres Lebensweges! Unsere Zeit l\u00e4uft bereits ab. Den gr\u00f6\u00dften Teil unseres Lebens hofften wir, dass unser Leben in Frieden zu Ende geht, ohne den alles zerst\u00f6renden Hass!<\/span><\/span><\/p>\n<p align=\"JUSTIFY\"><span style=\"font-family: georgia, palatino, serif;\"><span style=\"font-size: medium;\">Lange, \u00fcber Jahrzehnte hinweg nach dem Zweiten Weltkrieg, bem\u00fchten wir uns unseren gerechten Zorn zu \u00fcberwinden! Wir bem\u00fchten uns den Drang nach Vergeltung f\u00fcr die zahllosen seelischen und k\u00f6rperlichen Wunden, die wir immer noch in unseren K\u00f6rpern und Herzen tragen, zu \u00fcberwinden! Und die meisten von uns haben verziehen!<\/span><\/span><\/p>\n<p align=\"JUSTIFY\"><span style=\"font-family: georgia, palatino, serif;\"><span style=\"font-size: medium;\">Das geschah nicht zuletzt dank der Tatsache, dass Deutschland seit vielen Jahren seine Reue, seine Einsicht f\u00fcr das, was verbrochen wurde, unter Beweis stellte! Und wir haben nicht nur uns selbst \u00fcberwunden, sondern auch den Schrei des Blutes unserer barbarisch ausgerotteten Verwandten! Von wem wurden sie ausgerottet? Von den Deutschen, von den Nazis! Wir haben verziehen\u2026 nach den Geboten des menschlichen Zusammenlebens!<\/span><\/span><\/p>\n<p align=\"JUSTIFY\"><span style=\"font-family: georgia, palatino, serif;\"><span style=\"font-size: medium;\">Und dann, im Jahr 2014, als der Krieg in der Ukraine begann, blickten wir hoffnungsvoll nach Deutschland und auf die damalige Bundeskanzlerin Angela Merkel. Wir konnten uns nicht vorstellen, dass die Deutschen nach all dem, was sie in der Ukraine angerichtet hatten, nach Babi Jar, nach den Bergen von verst\u00fcmmelten Leichen, auch heute noch voller Begierde auf die ukrainischen Felder blicken w\u00fcrden, die Europa auch heute ern\u00e4hren k\u00f6nnen!<\/span><\/span><\/p>\n<p align=\"JUSTIFY\"><span style=\"font-family: georgia, palatino, serif;\"><span style=\"font-size: medium;\">Oder dass die Deutschen, die auch die ihnen einst so sehr verhei\u00dfene Krim schon einmal in Blut tr\u00e4nkten, auch heute noch ein Interesse daran pflegen, die Krim zu einem amerikanischen und allgemeiner zu einem NATO-St\u00fctzpunkt zu machen \u2013 ideal f\u00fcr eine Aggression gegen Russland! Das w\u00e4re eindeutig auf einen zuk\u00fcnftigen Krieg ausgerichtet. Denn nur ignorante B\u00fcrger verstehen den Sinn und Zweck des Maidan-Putsches nicht, bei dem sich Russland auf die einzig m\u00f6gliche Weise verhielt!<\/span><\/span><\/p>\n<p align=\"JUSTIFY\"><span style=\"font-family: georgia, palatino, serif;\"><span style=\"font-size: medium;\">Aber die Deutschen sind nicht dumm! Wir, Russen, eure \u201eBlutsbr\u00fcder\u201c, kennen eure Psychologie. Nicht umsonst wurde unser Blut von euch in Str\u00f6men \u201eberechnend\u201c vergossen! Wir erinnern uns an die \u201esystematischen\u201c Methoden der \u201eBev\u00f6lkerungsreduzierung\u201c unserer V\u00f6lker! Bis heute finden wir in verschiedenen Ecken unserer einst geeinten Heimat, auf der die Stiefel des deutschen Faschismus marschierten, versteckte Massengr\u00e4ber unserer friedlichen Zivilbev\u00f6lkerung: im Bezirk von Nowgorod, im Kuban-Gebiet und im Bezirk von Rostow sowie in Karelien.<\/span><\/span><\/p>\n<p align=\"JUSTIFY\"><span style=\"font-family: georgia, palatino, serif;\"><span style=\"font-size: medium;\">In Wei\u00dfrussland wurden 2021 in Brest auf dem Gel\u00e4nde des j\u00fcdischen Ghettos Hunderte von \u00dcberresten von Zivilisten gefunden. In dem f\u00fcr seine Trag\u00f6die bekannten Konzentrationslager Trostinez, nahe Minsk, l\u00fcftete man das Geheimnis zehntausender weiterer gefolterter und ermordeter Menschen! Wir sprechen hier von Zehntausenden neu entdeckter Opfer des Nationalsozialismus! Dieses Blut schreit immer noch nach Vergeltung, w\u00e4hrend seit Jahrzehnten das Andenken an das barbarisch vernichtete russische Volk und die Denkm\u00e4ler der russischen Befreier\u00adSoldaten ungestraft gesch\u00e4ndet werden, w\u00e4hrend im Baltikum sowie in der Ukraine vor den Augen der gesamten \u201ezivilisierten\u201c Welt neue Nazis marschieren!<\/span><\/span><\/p>\n<p align=\"JUSTIFY\"><span style=\"font-family: georgia, palatino, serif;\"><span style=\"font-size: medium;\">Im Jahr 2014 waren wir aufrichtig davon \u00fcberzeugt, dass bei diesen neuen Nazi-Demarchen die Deutschen unsere Verb\u00fcndeten sein werden bei der Verhinderung dieser Niedertr\u00e4chtigkeit! Wir hofften, dass die Deutschen, geleitet vom elementaren Gewissen, sich nicht an dem eindeutig faschistischen und staatsfeindlichen Putsch in der Ukraine beteiligen w\u00fcrden! Denn die nachfolgende Katastrophe der heutigen Ukraine wurde von den direkten Nachkommen derjenigen begangen, die als besonderer Abschaum in der Hitler-Armee galten! Und das wird auch noch so offen und unverbl\u00fcmt gemacht!<\/span><\/span><\/p>\n<p align=\"JUSTIFY\"><span style=\"font-family: georgia, palatino, serif;\"><span style=\"font-size: medium;\">Die Amerikaner und Kanadier haben diese teuflische Erbe, Nazis, lediglich bei sich versteckt und aufbewahrt und dann deren Nachkommen aufgezogen. Aber der Geburtsort dieses \u00dcbels ist Deutschland, Hitlers Deutschland! Und wir konnten nicht glauben, dass es Deutschland war, das diesen Unmenschen wieder einmal den Weg weisen w\u00fcrde! Aber wir haben uns geirrt! Deutschland hat diesen faschistischen Abschaum wieder einmal den Einlass in die Welt gew\u00e4hrt! Die Unterst\u00fctzung seitens des heutigen Deutschlands der Bandera-Anh\u00e4nger, der Nachfolger der SS-Division \u201eGalizien\u201c, der Milizen der UPA und OUN und anderer Gesindel, welche die heutige ukrainische Regierung repr\u00e4sentiert, ist f\u00fcr uns einfach undenkbar!<\/span><\/span><\/p>\n<p align=\"JUSTIFY\"><span style=\"font-family: georgia, palatino, serif;\"><span style=\"font-size: medium;\">Aber Deutschland hat es bereits getan und tut es weiterhin!<\/span><\/span><\/p>\n<p align=\"JUSTIFY\"><span style=\"font-family: georgia, palatino, serif;\"><span style=\"font-size: medium;\">Sie nehmen wieder einmal die slawische Welt ins Visier, und dieser Abschaum stammt von dem Blut des deutschen Nationalsozialismus ab! Und wieder ist das Ziel \u2013 Russland! Nur noch heimt\u00fcckischer: indem ihr unsere allerengsten Br\u00fcder, die Ukrainer, gegen uns aufhetzt! Ihr wisst es genauso gut wie wir! In dem damaligen Gro\u00dfen Krieg wurde doch ein und dasselbe Volk ermordet! Ja, wir sind <\/span><\/span><em><span style=\"font-family: georgia, palatino, serif;\"><span style=\"font-size: medium;\">ein<\/span><\/span><\/em><span style=\"font-family: georgia, palatino, serif;\"><span style=\"font-size: medium;\"> Volk! Steinmeier hat ja die Wahrheit dar\u00fcber geschrieben und es auch oft genug gesagt. Derselbe Steinmeier, der direkt involviert war am Maidan Putsch von 2014 \u2013 dem Putsch, der in seinem Kern faschistisch gewesen war! F\u00fcr die Amerikaner mag das nicht so klar sein, f\u00fcr Euch aber sollte es doch mehr als eindeutig sein!<\/span><\/span><\/p>\n<p align=\"JUSTIFY\"><span style=\"font-family: georgia, palatino, serif;\"><span style=\"font-size: medium;\">Und es sind eben eure Bastarde, die endlich ihre Fackelz\u00fcge durch Kiew veranstalten konnten! Der lebendige Schatten von NS-Deutschland steckt hinter all dem. Es wurde nur eine gewisse Zeit lang durch eine verschlagene Diplomatie verdeckt \u2013 \u201eHelme statt Waffen\u201c! Nun \u201efielen die Masken\u201c! Die derzeitige Belieferung der Ukraine mit deutschen Waffen ist logisch, es liegt in der Logik Ihrer Politik der letzten Jahrzehnte. Heute ist Ihre Politik bereits eindeutig pro-faschistisch! Sie haben diesen Schritt getan: deutsche Waffen werden wieder Russen t\u00f6ten, weiterhin t\u00f6ten.<\/span><\/span><\/p>\n<p align=\"JUSTIFY\"><span style=\"font-family: georgia, palatino, serif;\"><span style=\"font-size: medium;\">In den Jahren des Konflikts im Donbass haben Eure professionellen M\u00f6rder bereits Russen umgebracht oder zumindest belehrt angelei-tet, \u201ewie man sie richtig t\u00f6tet\u201c! Nur geschieht dies jetzt noch niedertr\u00e4chtiger \u2013 ihr bringt es euren Blutsbr\u00fcdern bei! Die Geschehnisse im Donbass lasten auf eurem Gewissen! Deutschland tr\u00e4gt die Verantwortung f\u00fcr die Tausende, die im Donbass ihr Leben verloren haben! Die Rolle der Amerikaner bei alldem, was geschieht, ist uns egal: deren Gott ist Geld!<\/span><\/span><\/p>\n<p align=\"JUSTIFY\"><span style=\"font-family: georgia, palatino, serif;\"><span style=\"font-size: medium;\">Wir, die Veteranen des damaligen Krieges, dessen Kriegskinder, wir sind \u00fcber die Rolle der Deutschen emp\u00f6rt! Denn Ihr wisst es ja ganz genau, aus wem die ukrainischen \u201enationalen Bataillone\u201c sich zusammensetzen und Ihr h\u00e4ttet diesen neuen Faschismus verhindern, stoppen k\u00f6nnen! Aber das habt Ihr nicht getan! Und auf diese Weise seid Ihr wieder verantwortlich vor der Geschichte!<\/span><\/span><\/p>\n<p align=\"JUSTIFY\"><span style=\"font-family: georgia, palatino, serif;\"><span style=\"font-size: medium;\">Und Ihr seid eindeutig bei der Vorbereitung der Ukraine auf einen Krieg mit Russland beteiligt!<\/span><\/span><\/p>\n<p align=\"JUSTIFY\"><span style=\"font-family: georgia, palatino, serif;\"><span style=\"font-size: medium;\">Es ist unm\u00f6glich, dass ihr den Zweck all dessen nicht versteht, was geschehen ist: Vom verfassungswidrigen Staatsstreich in Kiew angefangen, bis hin zum Blutvergie\u00dfen im Donbass!<\/span><\/span><\/p>\n<p align=\"JUSTIFY\"><span style=\"font-family: georgia, palatino, serif;\"><span style=\"font-size: medium;\">In Wirklichkeit handelt es sich aber um die Vorbereitung des Dritten Weltkriegs! Und wieder seid Ihr es, die Deutschen\u2026 Deutschland! Von der hohen deutschen Trib\u00fcne in Berlin h\u00f6ren wir heute: <\/span><\/span><em><span style=\"font-family: georgia, palatino, serif;\"><span style=\"font-size: medium;\">\u201eRussland wird einen hohen Preis zahlen\u201c<\/span><\/span><\/em><span style=\"font-family: georgia, palatino, serif;\"><span style=\"font-size: medium;\">!!! Dies ist eine Rede des Bundeskanzlers von Deutschland! Unglaublich! Wir haben den Preis bereits bezahlt \u2013 27 Millionen unserer Menschen! Gen\u00fcgt Euch das nicht?! \u00dcber welchen Preis redet Ihr denn jetzt noch?<\/span><\/span><\/p>\n<p align=\"JUSTIFY\"><span style=\"font-family: georgia, palatino, serif;\"><span style=\"font-size: medium;\">Es gibt keine Familie in Russland, der Ukraine und Wei\u00dfrussland, in dem \u201cdieser Preis\u201c nicht gezahlt worden war! Und es gibt keine Familie in Deutschland, die an dieser furchtbaren blutigen Barbarei nicht beteiligt gewesen war! Schrecklich!<\/span><\/span><\/p>\n<p align=\"JUSTIFY\"><span style=\"font-family: georgia, palatino, serif;\"><span style=\"font-size: medium;\">Und bereits heute sind \u00fcber 13 Tausend Russen im Donbass durch die H\u00e4nde der neuen Nazis gefallen! Die \u00f6ffentliche Verh\u00f6hnung des V\u00f6lkermordes an den Russen im Donbass durch den deutschen Bundeskanzler ist an sich selbst schon ein Verbrechen! Wie sehr k\u00f6nnen doch die Geschichtsunterrichte vernachl\u00e4ssigt und entweiht werden! Das war die schrecklichste Seite im Buch der Weltgeschichte! Wollt Ihr eine noch schrecklichere schreiben? Dieser erneute \u201eDrang nach Osten\u201c kann doch dazu f\u00fchren, dass es keinen zweiten N\u00fcrnberger Prozess gegen Euch mehr geben wird, die Menschheit wird einfach nicht mehr existieren! Uns alle wird es nicht mehr geben!<\/span><\/span><\/p>\n<p align=\"JUSTIFY\"><span style=\"font-family: georgia, palatino, serif;\"><span style=\"font-size: medium;\">Aber ein anderes besonderes Urteil gegen Euch ist unausweichlich, das Urteil der h\u00f6chsten Gerechtigkeit! Es ist unausweichlich gegen alle Aggressoren, aber insbesondere, was Euch betrifft! Das umfassende Weltgericht wird stattfinden! Und wir, die letzten Veteranen des damaligen schrecklichen Krieges, verlassen jetzt diese Welt als Zeugen! Als Zeugen der ANKLAGE!<\/span><\/span><\/p>\n<p align=\"JUSTIFY\"><span style=\"font-family: georgia, palatino, serif;\"><span style=\"font-size: medium;\">Und auch heute wird der Sieg unser sein, aber diejenigen, die gestern gestorben sind, oder diejenigen von uns, die heute sterben werden, tragen bereits in das Universum das Zeugnis von der Rolle des deutschen Volkes in der Geschichte der Menschheit \u2013 einer blutgetr\u00e4nkten Geschichte! Deutsche Waffen sind wieder in den H\u00e4nden von Nazi-Schl\u00e4gern!<\/span><\/span><\/p>\n<p align=\"JUSTIFY\"><span style=\"font-family: georgia, palatino, serif;\"><span style=\"font-size: medium;\">Haltet ein!<\/span><\/span><\/p>\n<p>https:\/\/russische-botschaft.ru\/de\/2022\/03\/22\/botschafr-der-veteranen-und-kriegskinder-des-grossen-vaterlaendischen-krieges-an-das-deutsche-volk-und-die-deutsche-regierung\/?fbclid=IwAR21AW5WpZ49YX0HPkXFYyf-YwaCW-NtiMX97PGPEL-hPTeoMkVOAUDizI8<\/p>\n","protected":false},"excerpt":{"rendered":"<p>M\u00e4rz 22, 2022 TRAG\u00d6DIE IN DER UKRAINE Von den Veteranen und Kriegskindern des Gro\u00dfen Vaterl\u00e4ndischen Krieges an das deutsche Volk und die deutsche Regierung. DER TEXT DES SCHREIBENS Wir, die letzten Kriegszeugen, die Vertreter aller V\u00f6lker Russlands, die diesen gro\u00dfen und schrecklichen Krieg \u00fcberlebt haben, stehen heute am Ende unseres Lebensweges! Unsere Zeit l\u00e4uft bereits [&hellip;]<\/p>\n","protected":false},"author":4,"featured_media":0,"comment_status":"closed","ping_status":"closed","sticky":false,"template":"","format":"standard","meta":{"jetpack_post_was_ever_published":false,"_jetpack_newsletter_access":"","_jetpack_dont_email_post_to_subs":false,"_jetpack_newsletter_tier_id":0,"_jetpack_memberships_contains_paywalled_content":false,"_jetpack_memberships_contains_paid_content":false,"footnotes":""},"categories":[1],"tags":[],"class_list":["post-6297","post","type-post","status-publish","format-standard","hentry","category-allgemein"],"jetpack_featured_media_url":"","jetpack_shortlink":"https:\/\/wp.me\/py5dN-1Dz","jetpack_sharing_enabled":true,"_links":{"self":[{"href":"https:\/\/www.berlin.freidenker.org\/index.php?rest_route=\/wp\/v2\/posts\/6297","targetHints":{"allow":["GET"]}}],"collection":[{"href":"https:\/\/www.berlin.freidenker.org\/index.php?rest_route=\/wp\/v2\/posts"}],"about":[{"href":"https:\/\/www.berlin.freidenker.org\/index.php?rest_route=\/wp\/v2\/types\/post"}],"author":[{"embeddable":true,"href":"https:\/\/www.berlin.freidenker.org\/index.php?rest_route=\/wp\/v2\/users\/4"}],"replies":[{"embeddable":true,"href":"https:\/\/www.berlin.freidenker.org\/index.php?rest_route=%2Fwp%2Fv2%2Fcomments&post=6297"}],"version-history":[{"count":1,"href":"https:\/\/www.berlin.freidenker.org\/index.php?rest_route=\/wp\/v2\/posts\/6297\/revisions"}],"predecessor-version":[{"id":6298,"href":"https:\/\/www.berlin.freidenker.org\/index.php?rest_route=\/wp\/v2\/posts\/6297\/revisions\/6298"}],"wp:attachment":[{"href":"https:\/\/www.berlin.freidenker.org\/index.php?rest_route=%2Fwp%2Fv2%2Fmedia&parent=6297"}],"wp:term":[{"taxonomy":"category","embeddable":true,"href":"https:\/\/www.berlin.freidenker.org\/index.php?rest_route=%2Fwp%2Fv2%2Fcategories&post=6297"},{"taxonomy":"post_tag","embeddable":true,"href":"https:\/\/www.berlin.freidenker.org\/index.php?rest_route=%2Fwp%2Fv2%2Ftags&post=6297"}],"curies":[{"name":"wp","href":"https:\/\/api.w.org\/{rel}","templated":true}]}}