{"id":6303,"date":"2022-05-02T12:14:36","date_gmt":"2022-05-02T10:14:36","guid":{"rendered":"https:\/\/www.berlin.freidenker.org\/?p=6303"},"modified":"2022-05-02T12:14:36","modified_gmt":"2022-05-02T10:14:36","slug":"den-faschismus-zu-bekaempfen-ist-die-pflicht-jedes-ehrenhaften-menschen","status":"publish","type":"post","link":"https:\/\/www.berlin.freidenker.org\/?p=6303","title":{"rendered":"Den Faschismus zu bek\u00e4mpfen ist die Pflicht jedes ehrenhaften Menschen"},"content":{"rendered":"<p>Stellungnahme der seit 2014 in der Ukraine verbotenen marxistischen Organisation Borotba zum Tag des Sieges \u00fcber den Faschismus<\/p>\n<p>Am 9. Mai j\u00e4hrt sich der 77. Jahrestag des Sieges \u00fcber Nazideutschland.<\/p>\n<p>Fast ein Jahrhundert trennt uns von diesen Ereignissen. Allerdings sehen wir gerade, welch riesige Auswirkungen sie weiterhin auf die gesamte Weltgesellschaft haben.<\/p>\n<p>Der zweite Weltkrieg hat nicht \u201eeinfach so\u201c begonnen. Er kam nicht aus dem Nichts. Ein Kn\u00e4uel von Widerspr\u00fcchen in der internationalen Politik f\u00fchrte ihn herbei, die man nicht mit diplomatischen Mitteln zu l\u00f6sen, sondern mit Hilfe des Krieges zu zerhauen versuchte.<\/p>\n<p>Die Ursachen, die die Welt vor \u00fcber 80 Jahren in Unterst\u00fctzer der Ideen des Nazismus und Antifaschisten zerteilten, bestehen auch heute. Westliche Konzerne und Finanzkapital, die jahrelang Hitler bewaffneten, schufen eine kriegsf\u00e4hige Armee, um sie gegen diejenigen zu richten, von denen sie sich bedroht f\u00fchlten: gegen die Sowjetunion.<\/p>\n<p>Jetzt sehen wir genau dasselbe: Westliche transnationale Konzerne und Finanzkapital haben im Lauf der letzten 8 Jahre st\u00e4ndig gesteigert eine Armee von Nazis, Parteig\u00e4ngern der wei\u00dfen Vorherrschaft, geschaffen, um sie gegen Russland zu richten. Mehr als 120.000 gut motivierte K\u00e4mpfer, vollgepumpt mit ultrarechter Propaganda, wurden an den Grenzen der Volksrepubliken Lugansk und Donezk (LPR und DPR) zusammengezogen und bereiteten sich darauf vor, die friedlichen Zivilisten des Donbass und der Krim zu t\u00f6ten, genau wie ihre Vorg\u00e4nger 1941.<\/p>\n<p>Jedoch \u2013 es wurde nicht zugelassen, dass dieses geschieht.<\/p>\n<p>Wenn wir heute \u00fcber den Prozess der Entnazifizierung reden, ist es wichtig, die Ursachen zu verstehen, die vor 80 Jahren zum Weltkrieg gef\u00fchrt haben und die es immer noch auf der Welt gibt.<\/p>\n<p>Es ist wichtig zu erkennen, dass in der Ukraine nicht Russland gegen die Ukraine k\u00e4mpft, sondern zwei politische Str\u00f6mungen gegeneinander k\u00e4mpfen: die nazistische und die antifaschistische. Genau deshalb str\u00f6men Tausende von ultrarechten Militanten aus dem ganzen Planeten unter Runen und Hakenkreuzen in die Ukraine. Genau deshalb sehen wir an Soldaten der russischen Spezialeinheiten Tressen mit Hammer und Sichel und an Panzern \u2013 rote Fahnen des Sieges.<\/p>\n<p>Wir m\u00f6chten an unsere Br\u00fcder und Schwestern aus anderen L\u00e4ndern der Welt appellieren:<\/p>\n<p>Genossen! Erkennt! In der Ukraine k\u00e4mpfen wir auch gegen eure Feinde. Gegen die, die auch aus euren Heimatorten kamen. Gegen die Nazis von Amerika und Georgien, gegen die Ultrarechten aus Polen und Schweden. Gegen diejenigen, die von spanischen und litauischen Ausbildern ausgebildet wurden.<\/p>\n<p>Wir wissen, dass heute in der Ukraine \u00fcber die Zukunft der gesamten Menschheit entschieden wird!<\/p>\n<p>Und wir bitten euch, nicht zu schweigen!<\/p>\n<p>Der 9. Mai ist der Tag des Sieges \u00fcber den Faschismus! An diesem Tag rufen wir alle auf, auf die Pl\u00e4tze eurer St\u00e4dte zu gehen, um den Antifaschisten Spaniens Tribut zu zollen, die in den Schlachten gegen Franco fielen, den italienischen Partisanen, die gegen Mussolini gek\u00e4mpft haben! Den K\u00e4mpfern der griechischen Volksbefreiungsfront (ELAS), den Antifaschisten der Volksbefreiungsarmee Jugoslawiens! Den Gefangenen der Konzentrationslager und den Teilnehmern am Aufstand des Warschauer Ghettos!<\/p>\n<p>Wir rufen auf zu Gedenk-Kundgebungen an diejenigen, die nicht aufgegeben haben! In Erinnerung an Ernst Th\u00e4lmann, Aris Velouchiotis, Bruno Buozzi, Jean Moulin und Millionen andere, die durch den Nazismus gestorben sind!<\/p>\n<p>Heute, wie vor 80 Jahren, ist die Welt in zwei H\u00e4lften aufgeteilt: Unterst\u00fctzer des Nazismus und ihre Gegner. Wir wissen, dass Ihr auf der richtigen Seite steht!<\/p>\n<p>Zeigt es allen am 8. oder 9. Mai 2022, indem ihr mit hoch erhobenen roten Fahnen und St. Georgsb\u00e4ndern auf die Pl\u00e4tze eurer St\u00e4dte geht!<\/p>\n<p>Wir werden siegen!<\/p>\n<p>Quelle: <a href=\"http:\/\/www.borotba.su\/fight-fascism-2022\/\">http:\/\/www.borotba.su\/fight-fascism-2022\/<\/a><\/p>\n","protected":false},"excerpt":{"rendered":"<p>Stellungnahme der seit 2014 in der Ukraine verbotenen marxistischen Organisation Borotba zum Tag des Sieges \u00fcber den Faschismus Am 9. Mai j\u00e4hrt sich der 77. Jahrestag des Sieges \u00fcber Nazideutschland. Fast ein Jahrhundert trennt uns von diesen Ereignissen. Allerdings sehen wir gerade, welch riesige Auswirkungen sie weiterhin auf die gesamte Weltgesellschaft haben. Der zweite Weltkrieg [&hellip;]<\/p>\n","protected":false},"author":4,"featured_media":0,"comment_status":"closed","ping_status":"closed","sticky":false,"template":"","format":"standard","meta":{"jetpack_post_was_ever_published":false,"_jetpack_newsletter_access":"","_jetpack_dont_email_post_to_subs":false,"_jetpack_newsletter_tier_id":0,"_jetpack_memberships_contains_paywalled_content":false,"_jetpack_memberships_contains_paid_content":false,"footnotes":""},"categories":[1],"tags":[],"class_list":["post-6303","post","type-post","status-publish","format-standard","hentry","category-allgemein"],"jetpack_featured_media_url":"","jetpack_shortlink":"https:\/\/wp.me\/py5dN-1DF","jetpack_sharing_enabled":true,"_links":{"self":[{"href":"https:\/\/www.berlin.freidenker.org\/index.php?rest_route=\/wp\/v2\/posts\/6303","targetHints":{"allow":["GET"]}}],"collection":[{"href":"https:\/\/www.berlin.freidenker.org\/index.php?rest_route=\/wp\/v2\/posts"}],"about":[{"href":"https:\/\/www.berlin.freidenker.org\/index.php?rest_route=\/wp\/v2\/types\/post"}],"author":[{"embeddable":true,"href":"https:\/\/www.berlin.freidenker.org\/index.php?rest_route=\/wp\/v2\/users\/4"}],"replies":[{"embeddable":true,"href":"https:\/\/www.berlin.freidenker.org\/index.php?rest_route=%2Fwp%2Fv2%2Fcomments&post=6303"}],"version-history":[{"count":1,"href":"https:\/\/www.berlin.freidenker.org\/index.php?rest_route=\/wp\/v2\/posts\/6303\/revisions"}],"predecessor-version":[{"id":6304,"href":"https:\/\/www.berlin.freidenker.org\/index.php?rest_route=\/wp\/v2\/posts\/6303\/revisions\/6304"}],"wp:attachment":[{"href":"https:\/\/www.berlin.freidenker.org\/index.php?rest_route=%2Fwp%2Fv2%2Fmedia&parent=6303"}],"wp:term":[{"taxonomy":"category","embeddable":true,"href":"https:\/\/www.berlin.freidenker.org\/index.php?rest_route=%2Fwp%2Fv2%2Fcategories&post=6303"},{"taxonomy":"post_tag","embeddable":true,"href":"https:\/\/www.berlin.freidenker.org\/index.php?rest_route=%2Fwp%2Fv2%2Ftags&post=6303"}],"curies":[{"name":"wp","href":"https:\/\/api.w.org\/{rel}","templated":true}]}}