{"id":6312,"date":"2022-05-30T17:31:32","date_gmt":"2022-05-30T15:31:32","guid":{"rendered":"https:\/\/www.berlin.freidenker.org\/?p=6312"},"modified":"2022-05-30T17:31:32","modified_gmt":"2022-05-30T15:31:32","slug":"ukrofaschismus-deutscher-faschismus-nato-faschismus-welt-faschismus-begriffsklaerungen-als-voraussetzung-fuer-eine-antifaschistische-strategie","status":"publish","type":"post","link":"https:\/\/www.berlin.freidenker.org\/?p=6312","title":{"rendered":"Ukrofaschismus? Deutscher Faschismus? NATO-Faschismus? Welt-Faschismus? &#8211; Begriffskl\u00e4rungen als Voraussetzung f\u00fcr eine antifaschistische Strategie."},"content":{"rendered":"<p>wir laden herzlich ein zur n\u00e4chsten Runde \u201eBerliner Freidenker im Gespr\u00e4ch\u201c unter dem Titel:<br \/>\n<strong>\u201eUkrofaschismus? Deutscher Faschismus? NATO-Faschismus? Welt-Faschismus? &#8211; Begriffskl\u00e4rungen als Voraussetzung f\u00fcr eine antifaschistische Strategie.\u201c<\/strong><\/p>\n<p>Dar\u00fcber wollen wir nach einem einleitenden Referat von Klaus Linder diskutieren.<\/p>\n<p><strong>Wann:\u00a0am\u00a0Dienstag,\u00a0den\u00a014.\u00a0Juni,\u00a0um\u00a018\u00a0Uhr<\/strong><br \/>\n<strong>Wo\u00a0:\u00a0Kieztreff\u00a0Wedding,\u00a0Stralsunder\u00a0Stra\u00dfe\u00a06<\/strong><br \/>\n<strong>13355\u00a0Berlin<\/strong><\/p>\n<p>Wir m\u00f6chten noch einmal, im Sinne unserer Freidenker-Programmatik, einen Aufschlag zur Richtigstellung der Begriffe versuchen. Dabei geht es auch um die Fragen: Was ist zu unterscheiden mit \u201eTendenz der Faschisierung\u201c, \u201eVorbereitende Etappen des Faschismus\u201c, \u201eFaschismus an der Macht\u201c? Wie sind die Haupttriebkr\u00e4fte des Faschismus, seine jeweiligen Akteure\/Speerspitzen und der Inhalt seiner Ziele zu definieren? Von welchen Herrschaftsmethoden reden wir? Wie ist der Gegner zu identifizieren, um ihn wirksam bek\u00e4mpfen zu k\u00f6nnen und wie akut ist die Gefahr?<\/p>\n<p>Den Ausgangspunkt gibt ein Zitat des Sekret\u00e4rs des russischen Sicherheitsrates, Nikolai Patruschew, vom 24. Mai 2022: \u201eW\u00e4re die Ukraine unabh\u00e4ngig geblieben, anstatt von dem derzeitigen Marionettenregime regiert zu werden, das davon besessen ist, der NATO und der EU beizutreten, h\u00e4tte sie den gesamten Nazi-Abschaum schon l\u00e4ngst aus ihrem Land vertrieben.\u201c<\/p>\n<p>Die Aussage ist klar: Patruschew stellt den ukrainischen Faschismus in Zusammenhang mit Souver\u00e4nit\u00e4t und nationaler Selbstbestimmung. Er stellt keineswegs blo\u00df \u201ezur\u00fcckgebliebene Volksschichten\u201c der Ukraine an den Pranger, sondern macht als Triebkr\u00e4fte dieser Faschisierung die M\u00e4chte hinter NATO und EU aus.<\/p>\n<p>Nun hat die Dauerpropaganda f\u00fcr den Stellvertreterkrieg von USA\/NATO gegen Russland daf\u00fcr gesorgt, dass nach acht Jahren dieses Regimes das Offensichtliche vielfach erst wieder freigeschaufelt werden muss: n\u00e4mlich, dass wir es in der Ukraine sowohl mit Faschisten als auch mit Faschismus zu tun haben.<\/p>\n<p>Diese Tatsache kann auch von Verstockten nicht mehr in Abrede gestellt werden, zumindest oberfl\u00e4chlich, sp\u00e4testens seit nahezu 2500 K\u00e4mpfer des Asow-Regiments bei Mariupol kapitulierten und der einfachste Ententest an ihnen durchgef\u00fchrt wurde: Was aussieht wie ein Nazi, sich benimmt wie ein Nazi, \u00fcber acht Jahre offen geredet und \u201eUntermenschen\u201c terrorisiert hat wie ein Nazi \u2013 das ist nun mal ein Nazi.<\/p>\n<p>Aber w\u00e4re mit diesem Nachweis die eigentliche Aufgabe der Identifizierung unseres Hauptgegners im antifaschistischen Kampf schon geleistet? Wenn die von Patruschew genannten M\u00e4chte in der Ukraine verhinderten, den Faschismus auf den M\u00fcllhaufen zu werfen, wie gro\u00df ist die Gefahr, dass dieselben M\u00e4chte ihn auch in Deutschland an die Macht bringen, und von wem geht sie hierzulande im besonderen aus? Um den Grad der faschistischen Gefahr zu ermessen, wird es n\u00f6tig sein, auf ihre \u00f6konomischen und politischen, ihre materiellen Wurzeln zur\u00fcckzukommen, und sie nicht nur an \u00e4u\u00dferen Zeichen, Symbolen, &#8218;Traditionen&#8216; festzumachen. Liegt die Faschismus-Diagnose nur \u201egerichtsfest\u201c vor, wenn Leute \u00fcber und \u00fcber mit Hakenkreuzen, SS-Totenk\u00f6pfen, schwarzen Sonnen, Hitler- und Banderak\u00f6pfen t\u00e4towiert sind? Sind das nur angegliederte Randerscheinungen in einem Staat, der im \u00fcbrigen nicht faschistisch w\u00e4re? Und wenn wir nur auf der Ebene \u00e4u\u00dferer Symbole bleiben: Was ist dann mit den vermeintlichen &#8218;Antifaschisten&#8216; in Deutschland, die vor kurzem z.B. noch Eltern von Kindern mit Z\u00f6pfen in Kinderg\u00e4rten als \u201ev\u00f6lkisch\u201c und \u201enazi-affin denunzierten, ebenso wie sie Kritiker von Klima-, Corona-, \u201eImpf\u201cnotst\u00e4nden , aber auch EU-Gegner allgemein als \u201erechts\u201c und \u201enazi\u201c anprangern, &#8211; und sogenannte \u201eantifaschistische Gegendemos\u201c gegen all das organisierten, um nun \u201eFriedensdemos\u201c unter gelbblauen Fahnen, Bandera-Gr\u00fc\u00dfen, \u201eHeil Ukraine\u201c-Rufen \u00a0und schwarz-roten Fahnen abzuhalten? Sind etwa die vehementesten Unterst\u00fctzer des ukrainischen Faschismus und des NATO-Kriegs gegen Russland, die deutschen Gr\u00fcnen und ihre angeh\u00e4ngten NGOs und Bewegungen, aus der Faschismus-Diagnose ausgenommen, nur weil sie zu Hause statt der Nazi-Tattoos ihrer Sch\u00fctzlinge lieber Regenbogen- und EU-Fahnen tragen? Wenn nicht, wo liegen dann die Ber\u00fchrungspunkte zwischen Rassismus und dem Kult unz\u00e4hliger \u201eIdentit\u00e4ten\u201c?<\/p>\n<p>Diese Fragen sind vor dem Hintergrund zu stellen, dass hier die gleichen M\u00e4chte die Vorherrschaft aus\u00fcben wie, nach Patruschew, in der Ukraine. Nicht zuletzt ist zu untersuchen, wer die sozialen Tr\u00e4ger, die m\u00f6gliche Massenbasis eines Faschismus w\u00e4ren, oder ob er ohne eine solche Basis errichtet werden kann. Und damit stellt sich als Ausblick die f\u00fcr uns vielleicht dringendste Praxis-Frage f\u00fcr weitere Diskussionen: die nach den antifaschistischen Gegenkr\u00e4ften in unserer Gesellschaft und den Klasseninteressen, anhand derer sie in Erscheinung treten.<\/p>\n<p>Hier das vollst\u00e4ndige Interview mit dem erw\u00e4hnten Zitat von Nikolai Patruschew:<br \/>\n<a href=\"https:\/\/seniora.org\/wunsch-nach-frieden\/der-wunsch-nach-frieden\/die-wahrheit-ist-auf-unserer-seite-nikolai-patruschew-ueber-den-zeitpunkt-der-sonderoperation\" target=\"_blank\" rel=\"noopener noreferrer\">https:\/\/seniora.org\/wunsch-nach-frieden\/der-wunsch-nach-frieden\/die-wahrheit-ist-auf-unserer-seite-nikolai-patruschew-ueber-den-zeitpunkt-der-sonderoperation<\/a><\/p>\n<p>Mit\u00a0freidenkerischen\u00a0Gr\u00fc\u00dfen<\/p>\n<p>der\u00a0Landesvorstand\u00a0der\u00a0Berliner\u00a0Freidenker<\/p>\n","protected":false},"excerpt":{"rendered":"<p>wir laden herzlich ein zur n\u00e4chsten Runde \u201eBerliner Freidenker im Gespr\u00e4ch\u201c unter dem Titel: \u201eUkrofaschismus? Deutscher Faschismus? NATO-Faschismus? Welt-Faschismus? &#8211; Begriffskl\u00e4rungen als Voraussetzung f\u00fcr eine antifaschistische Strategie.\u201c Dar\u00fcber wollen wir nach einem einleitenden Referat von Klaus Linder diskutieren. Wann:\u00a0am\u00a0Dienstag,\u00a0den\u00a014.\u00a0Juni,\u00a0um\u00a018\u00a0Uhr Wo\u00a0:\u00a0Kieztreff\u00a0Wedding,\u00a0Stralsunder\u00a0Stra\u00dfe\u00a06 13355\u00a0Berlin Wir m\u00f6chten noch einmal, im Sinne unserer Freidenker-Programmatik, einen Aufschlag zur Richtigstellung der Begriffe [&hellip;]<\/p>\n","protected":false},"author":4,"featured_media":0,"comment_status":"closed","ping_status":"closed","sticky":false,"template":"","format":"standard","meta":{"jetpack_post_was_ever_published":false,"_jetpack_newsletter_access":"","_jetpack_dont_email_post_to_subs":false,"_jetpack_newsletter_tier_id":0,"_jetpack_memberships_contains_paywalled_content":false,"_jetpack_memberships_contains_paid_content":false,"footnotes":""},"categories":[1],"tags":[],"class_list":["post-6312","post","type-post","status-publish","format-standard","hentry","category-allgemein"],"jetpack_featured_media_url":"","jetpack_shortlink":"https:\/\/wp.me\/py5dN-1DO","jetpack_sharing_enabled":true,"_links":{"self":[{"href":"https:\/\/www.berlin.freidenker.org\/index.php?rest_route=\/wp\/v2\/posts\/6312","targetHints":{"allow":["GET"]}}],"collection":[{"href":"https:\/\/www.berlin.freidenker.org\/index.php?rest_route=\/wp\/v2\/posts"}],"about":[{"href":"https:\/\/www.berlin.freidenker.org\/index.php?rest_route=\/wp\/v2\/types\/post"}],"author":[{"embeddable":true,"href":"https:\/\/www.berlin.freidenker.org\/index.php?rest_route=\/wp\/v2\/users\/4"}],"replies":[{"embeddable":true,"href":"https:\/\/www.berlin.freidenker.org\/index.php?rest_route=%2Fwp%2Fv2%2Fcomments&post=6312"}],"version-history":[{"count":1,"href":"https:\/\/www.berlin.freidenker.org\/index.php?rest_route=\/wp\/v2\/posts\/6312\/revisions"}],"predecessor-version":[{"id":6313,"href":"https:\/\/www.berlin.freidenker.org\/index.php?rest_route=\/wp\/v2\/posts\/6312\/revisions\/6313"}],"wp:attachment":[{"href":"https:\/\/www.berlin.freidenker.org\/index.php?rest_route=%2Fwp%2Fv2%2Fmedia&parent=6312"}],"wp:term":[{"taxonomy":"category","embeddable":true,"href":"https:\/\/www.berlin.freidenker.org\/index.php?rest_route=%2Fwp%2Fv2%2Fcategories&post=6312"},{"taxonomy":"post_tag","embeddable":true,"href":"https:\/\/www.berlin.freidenker.org\/index.php?rest_route=%2Fwp%2Fv2%2Ftags&post=6312"}],"curies":[{"name":"wp","href":"https:\/\/api.w.org\/{rel}","templated":true}]}}