{"id":6349,"date":"2022-09-07T19:45:13","date_gmt":"2022-09-07T17:45:13","guid":{"rendered":"https:\/\/www.berlin.freidenker.org\/?p=6349"},"modified":"2022-12-31T17:36:45","modified_gmt":"2022-12-31T15:36:45","slug":"hauptfeind-religion-oder-eine-neue-kirche-des-guten","status":"publish","type":"post","link":"https:\/\/www.berlin.freidenker.org\/?p=6349","title":{"rendered":"Hauptfeind\u00a0Religion?\u00a0Oder\u00a0eine\u00a0neue &#8222;Kirche\u00a0des\u00a0Guten&#8220;?"},"content":{"rendered":"<p>wir laden ein zu unsere Runde <strong>&#8222;Berliner Freidenker im Gespr\u00e4ch&#8220;,<\/strong> die diesmal an einem Samstag im Seminarraum 2 des ND-Geb\u00e4udes stattfinden wird:<\/p>\n<p>Referent ist Sebastian Bahlo, Bundesvorsitzender des Deutschen<br \/>\nFreidenker-Verbandes\u00a0e.V.<\/p>\n<p><strong>Wann:\u00a0Samstag,\u00a0den\u00a010.\u00a0September\u00a02022\u00a0um\u00a018\u00a0Uhr.<\/strong><br \/>\n<strong>Wo:\u00a0Seminarraum\u00a02<\/strong><br \/>\n<strong>Neues-Deutschland-Geb\u00e4ude<\/strong><br \/>\n<strong>Franz-Mehring-Platz\u00a01<\/strong><br \/>\n<strong>10243\u00a0Berlin\u00a0(N\u00e4he\u00a0Ostbahnhof).<\/strong><\/p>\n<p>Vortrag\u00a0und\u00a0Diskussion\u00a0gehen\u00a0aus\u00a0von\u00a0Sebastian\u00a0Bahlos\u00a0Aufsatz\u00a0\u201eDie<br \/>\nKirche\u00a0des\u00a0Guten&#8220;\u00a0im\u00a0FREIDENKER-Heft\u00a01-22\u00a0(April\u00a02022).<br \/>\nWas\u00a0mit\u00a0&#8218;Kirche\u00a0des\u00a0Guten&#8216;,\u00a0als\u00a0Instrument\u00a0der\u00a0Herrschaftssicherung,<br \/>\ngemeint ist, haben wir zun\u00e4chst anhand der Themen<br \/>\n\u201eCorona&#8220; und \u201eKlima&#8220; erfahren m\u00fcssen. Die neue Stufe beschreibt der Autor so:<\/p>\n<p>\u201eDa\u00df\u00a0in\u00a0dem\u00a0korrupten\u00a0Sumpf\u00a0mit\u00a0einem\u00a0gelernten\u00a0Komiker\u00a0als<br \/>\nPr\u00e4sidenten,\u00a0in\u00a0die\u00a0Armee\u00a0eingegliederten\u00a0Nazibataillonen\u00a0und\u00a0der<br \/>\nallt\u00e4glichen\u00a0Terrorisierung\u00a0der\u00a0russischsprachigen\u00a0Bev\u00f6lkerung\u00a0&#8218;die<br \/>\nFreiheit&#8216;\u00a0oder\u00a0&#8218;europ\u00e4ische\u00a0Werte&#8216;\u00a0verteidigt\u00a0werden\u00a0sollen\u00a0&#8211;\u00a0es\u00a0ist\u00a0zu<br \/>\nhoffen,\u00a0da\u00df\u00a0Menschen\u00a0\u00fcbrigbleiben,\u00a0die\u00a0dar\u00fcber\u00a0einmal\u00a0werden\u00a0lachen<br \/>\nk\u00f6nnen.<\/p>\n<p>Der\u00a0irrationale\u00a0Kult\u00a0hat\u00a0breite\u00a0Massen\u00a0erfa\u00dft.\u00a0Ein\u00a0blaugelbes<br \/>\nFahnenmeer\u00a0bekundet\u00a0seine\u00a0bedingungslose\u00a0Solidarit\u00e4t\u00a0mit\u00a0einem\u00a0Land,<br \/>\ndessen\u00a0Nationalisten\u00a0schon\u00a0in\u00a0zwei\u00a0vergangenen\u00a0Weltkriegen\u00a0von<br \/>\nDeutschland\u00a0gegen\u00a0Ru\u00dfland\u00a0ausgenutzt\u00a0wurden.\u00a0Der\u00a0neuen\u00a0deutschen<br \/>\nReligion\u00a0fehlt\u00a0auch\u00a0nicht\u00a0der\u00a0Kreuzzugsgedanke.<\/p>\n<p>Es\u00a0fehlt\u00a0ihr\u00a0auch\u00a0nicht\u00a0die\u00a0Inquisition.&#8220;<\/p>\n<p>Bei\u00a0diesen\u00a0Feststellungen\u00a0geht\u00a0es\u00a0nicht\u00a0nur\u00a0um\u00a0die<br \/>\n\u00dcbertragung\u00a0von\u00a0Begriffen\u00a0wie\u00a0\u201eReligion&#8220;\u00a0und\u00a0\u201eKirche&#8220;\u00a0auf\u00a0ein<br \/>\nanderes Gebiet. Wir wollen \u00fcber Schlussfolgerungen diskutieren, die sich daraus f\u00fcr die Religionskritik ergeben. Im selben Text hei\u00dft es auch:<\/p>\n<p>\u201eEinerseits\u00a0zielt\u00a0Religionskritik\u00a0nicht\u00a0auf\u00a0die\u00a0Gesamtheit\u00a0der<br \/>\nreligi\u00f6sen\u00a0Erscheinungen\u00a0ab.\u00a0Andererseits\u00a0zielt\u00a0sie\u00a0auch\u00a0nicht\u00a0nur\u00a0auf<br \/>\nReligion\u00a0im\u00a0engeren\u00a0Sinne\u00a0ab.\u00a0Wie\u00a0\u2026\u00a0leicht\u00a0ersichtlich\u00a0wird,\u00a0mu\u00df\u00a0der<br \/>\nantireligi\u00f6se\u00a0Kampf\u00a0seinen\u00a0Zweck\u00a0verfehlen,\u00a0wenn\u00a0er\u00a0andere<br \/>\nErscheinungen,\u00a0die\u00a0zur\u00a0Festigung\u00a0einer\u00a0idealistischen\u00a0Weltanschauung,<br \/>\nzur\u00a0Unterordnung\u00a0des\u00a0freien\u00a0Denkens\u00a0unter\u00a0unhinterfragbare\u00a0Dogmen\u00a0und<br \/>\nzur\u00a0Ausdehnung\u00a0der\u00a0Macht\u00a0der\u00a0dahinterstehenden\u00a0Kr\u00e4fte\u00a0beitragen,\u00a0au\u00dfer<br \/>\nacht\u00a0l\u00e4\u00dft.\u00a0Es\u00a0sind\u00a0aber\u00a0gerade\u00a0derartige\u00a0Erscheinungen\u00a0au\u00dferhalb\u00a0der<br \/>\nklassischen\u00a0Religion,\u00a0die\u00a0jetzt\u00a0in\u00a0Deutschland\u00a0dominieren.&#8220;<\/p>\n<p>Ausgehend\u00a0von\u00a0diesen\u00a0Beobachtungen\u00a0wollen\u00a0wir\u00a0also\u00a0der\u00a0Frage\u00a0nachgehen,<br \/>\nob\u00a0in\u00a0der\u00a0philosophischen,\u00a0humanistischen\u00a0und\u00a0politischen<br \/>\nAuseinandersetzung\u00a0mit\u00a0der\u00a0religi\u00f6sen\u00a0Weltanschauung\u00a0die\u00a0Religion<br \/>\nderzeit\u00a0als\u00a0Hauptfeind\u00a0gelten\u00a0muss\u00a0&#8211;\u00a0oder\u00a0unter\u00a0Umst\u00e4nden\u00a0nicht\u00a0auch<br \/>\nals Verb\u00fcndeter. In welchem Verh\u00e4ltnis steht die neue &#8222;Kirche des Guten&#8220; dazu?<\/p>\n<p>Wie\u00a0immer\u00a0sind\u00a0alle\u00a0zu\u00a0dieser\u00a0\u00f6ffentlichen\u00a0Veranstaltung\u00a0herzlich<br \/>\neingeladen.<\/p>\n","protected":false},"excerpt":{"rendered":"<p>wir laden ein zu unsere Runde &#8222;Berliner Freidenker im Gespr\u00e4ch&#8220;, die diesmal an einem Samstag im Seminarraum 2 des ND-Geb\u00e4udes stattfinden wird: Referent ist Sebastian Bahlo, Bundesvorsitzender des Deutschen Freidenker-Verbandes\u00a0e.V. Wann:\u00a0Samstag,\u00a0den\u00a010.\u00a0September\u00a02022\u00a0um\u00a018\u00a0Uhr. Wo:\u00a0Seminarraum\u00a02 Neues-Deutschland-Geb\u00e4ude Franz-Mehring-Platz\u00a01 10243\u00a0Berlin\u00a0(N\u00e4he\u00a0Ostbahnhof). Vortrag\u00a0und\u00a0Diskussion\u00a0gehen\u00a0aus\u00a0von\u00a0Sebastian\u00a0Bahlos\u00a0Aufsatz\u00a0\u201eDie Kirche\u00a0des\u00a0Guten&#8220;\u00a0im\u00a0FREIDENKER-Heft\u00a01-22\u00a0(April\u00a02022). Was\u00a0mit\u00a0&#8218;Kirche\u00a0des\u00a0Guten&#8216;,\u00a0als\u00a0Instrument\u00a0der\u00a0Herrschaftssicherung, gemeint ist, haben wir zun\u00e4chst anhand der Themen \u201eCorona&#8220; und \u201eKlima&#8220; erfahren m\u00fcssen. Die neue Stufe beschreibt [&hellip;]<\/p>\n","protected":false},"author":4,"featured_media":0,"comment_status":"closed","ping_status":"closed","sticky":false,"template":"","format":"standard","meta":{"jetpack_post_was_ever_published":false,"_jetpack_newsletter_access":"","_jetpack_dont_email_post_to_subs":false,"_jetpack_newsletter_tier_id":0,"_jetpack_memberships_contains_paywalled_content":false,"_jetpack_memberships_contains_paid_content":false,"footnotes":""},"categories":[1],"tags":[],"class_list":["post-6349","post","type-post","status-publish","format-standard","hentry","category-allgemein"],"jetpack_featured_media_url":"","jetpack_shortlink":"https:\/\/wp.me\/py5dN-1Ep","jetpack_sharing_enabled":true,"_links":{"self":[{"href":"https:\/\/www.berlin.freidenker.org\/index.php?rest_route=\/wp\/v2\/posts\/6349","targetHints":{"allow":["GET"]}}],"collection":[{"href":"https:\/\/www.berlin.freidenker.org\/index.php?rest_route=\/wp\/v2\/posts"}],"about":[{"href":"https:\/\/www.berlin.freidenker.org\/index.php?rest_route=\/wp\/v2\/types\/post"}],"author":[{"embeddable":true,"href":"https:\/\/www.berlin.freidenker.org\/index.php?rest_route=\/wp\/v2\/users\/4"}],"replies":[{"embeddable":true,"href":"https:\/\/www.berlin.freidenker.org\/index.php?rest_route=%2Fwp%2Fv2%2Fcomments&post=6349"}],"version-history":[{"count":2,"href":"https:\/\/www.berlin.freidenker.org\/index.php?rest_route=\/wp\/v2\/posts\/6349\/revisions"}],"predecessor-version":[{"id":6367,"href":"https:\/\/www.berlin.freidenker.org\/index.php?rest_route=\/wp\/v2\/posts\/6349\/revisions\/6367"}],"wp:attachment":[{"href":"https:\/\/www.berlin.freidenker.org\/index.php?rest_route=%2Fwp%2Fv2%2Fmedia&parent=6349"}],"wp:term":[{"taxonomy":"category","embeddable":true,"href":"https:\/\/www.berlin.freidenker.org\/index.php?rest_route=%2Fwp%2Fv2%2Fcategories&post=6349"},{"taxonomy":"post_tag","embeddable":true,"href":"https:\/\/www.berlin.freidenker.org\/index.php?rest_route=%2Fwp%2Fv2%2Ftags&post=6349"}],"curies":[{"name":"wp","href":"https:\/\/api.w.org\/{rel}","templated":true}]}}