{"id":6415,"date":"2023-05-27T20:43:34","date_gmt":"2023-05-27T18:43:34","guid":{"rendered":"https:\/\/www.berlin.freidenker.org\/?p=6415"},"modified":"2023-05-27T21:18:47","modified_gmt":"2023-05-27T19:18:47","slug":"tag-der-befreiung-%d0%b4%d0%b5%d0%bd%d1%8c-%d0%bf%d0%be%d0%b1%d0%b5%d0%b4%d1%8b","status":"publish","type":"post","link":"https:\/\/www.berlin.freidenker.org\/?p=6415","title":{"rendered":"Tag der Befreiung &#8211; \u0414\u0435\u043d\u044c \u041f\u043e\u0431\u0435\u0434\u044b"},"content":{"rendered":"<div style=\"width: 640px;\" class=\"wp-video\"><video class=\"wp-video-shortcode\" id=\"video-6415-1\" width=\"640\" height=\"360\" preload=\"metadata\" controls=\"controls\"><source type=\"video\/mp4\" src=\"https:\/\/www.berlin.freidenker.org\/wp-content\/uploads\/2023\/05\/2483679261288638851-2.mp4?_=1\" \/><a href=\"https:\/\/www.berlin.freidenker.org\/wp-content\/uploads\/2023\/05\/2483679261288638851-2.mp4\">https:\/\/www.berlin.freidenker.org\/wp-content\/uploads\/2023\/05\/2483679261288638851-2.mp4<\/a><\/video><\/div>\n<p><a href=\"https:\/\/www.berlin.freidenker.org\/wp-content\/uploads\/2023\/05\/2483679261288638851-2.mp4\">2483679261288638851 2<\/a>Noch ? konnten wir, Antifaschisten, Sozialisten, Kommunisten am Jahrestag der Befreiung vom Hitlerfaschismus, nunmehr im Jahr 2023 , an den Gedenkst\u00e4tten und Ehrenmalen den Befreiern mit Nelken und herzlichem Gedenken, den V\u00f6lkern der Sowjetunion unseren tiefen, solidarischen Dank \u00fcberreichen. Dank Euch Sowjetsoldaten !<\/p>\n<p>Am 9.Mai war wie bisher eine Abordnung der Berliner Freidenker am Treptower Ehrenmal, wo wir uns zu Ehren der Sowjetsoldaten, die bei der Befreiung unserer Stadt so kurz vor dem Kriegsende noch sterben mussten, verneigten, wie vor allen Opfern der faschistischen Barbarei, einen Kranz mit der Aufschrift: &#8220; V\u00f6lkerfreundschaft statt faschistischem Terror &#8211; Deutscher Freidenkerverband . LV Berlin &#8220; niederlegten.<\/p>\n<p>Die Verbote und Repressionen der Berliner Beh\u00f6rden und ihrer schwarzen Polizei konnte nicht verhindern, dass Antifaschisten, Deutsche, Russen, Wei\u00dfrussen, Kasachen &#8230; , den Tag des Sieges \u00fcber den Hitlerfaschismus am Ort seiner<\/p>\n<p>Niederschlagung feierten. (s.a. https:\/\/t.me\/FDBerlin)<\/p>\n<p>.<a href=\"https:\/\/i0.wp.com\/www.berlin.freidenker.org\/wp-content\/uploads\/2023\/05\/FD-Kranz-2023-scaled.jpg?ssl=1\"><img data-recalc-dims=\"1\" loading=\"lazy\" decoding=\"async\" class=\"alignnone size-medium wp-image-6416\" src=\"https:\/\/i0.wp.com\/www.berlin.freidenker.org\/wp-content\/uploads\/2023\/05\/FD-Kranz-2023.jpg?resize=225%2C300&#038;ssl=1\" alt=\"\" width=\"225\" height=\"300\" srcset=\"https:\/\/i0.wp.com\/www.berlin.freidenker.org\/wp-content\/uploads\/2023\/05\/FD-Kranz-2023-scaled.jpg?resize=225%2C300&amp;ssl=1 225w, https:\/\/i0.wp.com\/www.berlin.freidenker.org\/wp-content\/uploads\/2023\/05\/FD-Kranz-2023-scaled.jpg?resize=768%2C1024&amp;ssl=1 768w, https:\/\/i0.wp.com\/www.berlin.freidenker.org\/wp-content\/uploads\/2023\/05\/FD-Kranz-2023-scaled.jpg?resize=1152%2C1536&amp;ssl=1 1152w, https:\/\/i0.wp.com\/www.berlin.freidenker.org\/wp-content\/uploads\/2023\/05\/FD-Kranz-2023-scaled.jpg?resize=1536%2C2048&amp;ssl=1 1536w, https:\/\/i0.wp.com\/www.berlin.freidenker.org\/wp-content\/uploads\/2023\/05\/FD-Kranz-2023-scaled.jpg?w=1920&amp;ssl=1 1920w\" sizes=\"auto, (max-width: 225px) 100vw, 225px\" \/><\/a> <a href=\"https:\/\/i0.wp.com\/www.berlin.freidenker.org\/wp-content\/uploads\/2023\/05\/2023-05-9-Herz-1.jpg?ssl=1\"><img data-recalc-dims=\"1\" loading=\"lazy\" decoding=\"async\" class=\"alignnone size-medium wp-image-6412\" src=\"https:\/\/i0.wp.com\/www.berlin.freidenker.org\/wp-content\/uploads\/2023\/05\/2023-05-9-Herz-1.jpg?resize=225%2C300&#038;ssl=1\" alt=\"\" width=\"225\" height=\"300\" srcset=\"https:\/\/i0.wp.com\/www.berlin.freidenker.org\/wp-content\/uploads\/2023\/05\/2023-05-9-Herz-1.jpg?resize=225%2C300&amp;ssl=1 225w, https:\/\/i0.wp.com\/www.berlin.freidenker.org\/wp-content\/uploads\/2023\/05\/2023-05-9-Herz-1.jpg?resize=768%2C1024&amp;ssl=1 768w, https:\/\/i0.wp.com\/www.berlin.freidenker.org\/wp-content\/uploads\/2023\/05\/2023-05-9-Herz-1.jpg?w=960&amp;ssl=1 960w\" sizes=\"auto, (max-width: 225px) 100vw, 225px\" \/><\/a><\/p>\n","protected":false},"excerpt":{"rendered":"<p>2483679261288638851 2Noch ? konnten wir, Antifaschisten, Sozialisten, Kommunisten am Jahrestag der Befreiung vom Hitlerfaschismus, nunmehr im Jahr 2023 , an den Gedenkst\u00e4tten und Ehrenmalen den Befreiern mit Nelken und herzlichem Gedenken, den V\u00f6lkern der Sowjetunion unseren tiefen, solidarischen Dank \u00fcberreichen. Dank Euch Sowjetsoldaten ! Am 9.Mai war wie bisher eine Abordnung der Berliner Freidenker am [&hellip;]<\/p>\n","protected":false},"author":4,"featured_media":0,"comment_status":"closed","ping_status":"closed","sticky":false,"template":"","format":"standard","meta":{"jetpack_post_was_ever_published":false,"_jetpack_newsletter_access":"","_jetpack_dont_email_post_to_subs":false,"_jetpack_newsletter_tier_id":0,"_jetpack_memberships_contains_paywalled_content":false,"_jetpack_memberships_contains_paid_content":false,"footnotes":""},"categories":[1,49,14,22,45,743,31],"tags":[],"class_list":["post-6415","post","type-post","status-publish","format-standard","hentry","category-allgemein","category-aufklaerung","category-aktivitaeten-des-dfv-berlin","category-friedensaktionen","category-friedensbewegung","category-nato-kriege","category-ukraine"],"jetpack_featured_media_url":"","jetpack_shortlink":"https:\/\/wp.me\/py5dN-1Ft","jetpack_sharing_enabled":true,"_links":{"self":[{"href":"https:\/\/www.berlin.freidenker.org\/index.php?rest_route=\/wp\/v2\/posts\/6415","targetHints":{"allow":["GET"]}}],"collection":[{"href":"https:\/\/www.berlin.freidenker.org\/index.php?rest_route=\/wp\/v2\/posts"}],"about":[{"href":"https:\/\/www.berlin.freidenker.org\/index.php?rest_route=\/wp\/v2\/types\/post"}],"author":[{"embeddable":true,"href":"https:\/\/www.berlin.freidenker.org\/index.php?rest_route=\/wp\/v2\/users\/4"}],"replies":[{"embeddable":true,"href":"https:\/\/www.berlin.freidenker.org\/index.php?rest_route=%2Fwp%2Fv2%2Fcomments&post=6415"}],"version-history":[{"count":11,"href":"https:\/\/www.berlin.freidenker.org\/index.php?rest_route=\/wp\/v2\/posts\/6415\/revisions"}],"predecessor-version":[{"id":6431,"href":"https:\/\/www.berlin.freidenker.org\/index.php?rest_route=\/wp\/v2\/posts\/6415\/revisions\/6431"}],"wp:attachment":[{"href":"https:\/\/www.berlin.freidenker.org\/index.php?rest_route=%2Fwp%2Fv2%2Fmedia&parent=6415"}],"wp:term":[{"taxonomy":"category","embeddable":true,"href":"https:\/\/www.berlin.freidenker.org\/index.php?rest_route=%2Fwp%2Fv2%2Fcategories&post=6415"},{"taxonomy":"post_tag","embeddable":true,"href":"https:\/\/www.berlin.freidenker.org\/index.php?rest_route=%2Fwp%2Fv2%2Ftags&post=6415"}],"curies":[{"name":"wp","href":"https:\/\/api.w.org\/{rel}","templated":true}]}}