{"id":6433,"date":"2023-06-28T13:01:00","date_gmt":"2023-06-28T11:01:00","guid":{"rendered":"https:\/\/www.berlin.freidenker.org\/?p=6433"},"modified":"2023-06-28T13:01:00","modified_gmt":"2023-06-28T11:01:00","slug":"mitglieder-und-wahlversammlung-des-berliner-landesverbands-der-freidenker","status":"publish","type":"post","link":"https:\/\/www.berlin.freidenker.org\/?p=6433","title":{"rendered":"Mitglieder- und Wahlversammlung des Berliner Landesverbands der Freidenker"},"content":{"rendered":"\r\n<p>Liebe Genossen, Freidenker, Freunde und Sympathisanten <br \/><br \/><br \/>am 24. Juni 2023 trafen sich die Berliner Freidenker zu ihrer Mitglieder- und Wahlversammlung.<br \/><br \/>In den Vorstand wurden gew\u00e4hlt:<br \/><br \/><br \/>Zum Vorsitzenden: Thomas M\u00fcnzberg<br \/>zum Stellvertretenden Vorsitzenden Tobias Baumann<br \/>zum Kassenwart Stephan Haube<br \/><br \/>Zur Revisorin wurde Ines-Christine G\u00f6ddertz gew\u00e4hlt<br \/><br \/>Thomas M\u00fcnzberg war Berufssoldat in der NVA, vor seiner Verrentung arbeitet er als Kraftfahrer und Disponent. Geboren in Frankfurt (Oder) erlebte er seine Kindheit und Jugend in Eisenh\u00fcttenstadt, erlernte hier den Beruf des Kfz-Schlossers. Von 1979 an war er Kommandeur einer Einheit in der NVA und erwarb den Abschlu\u00df als Ingenieur f\u00fcr Fernmeldewesen. Seinen Standpunkt als Kommunist und also Antifaschist hat er bis heute nicht gewendet. <br \/><br \/>Tobias Baumann: Im Harz aufgewachsen (unweit M\u00fcntzers Geburtsort Stolberg ; &#8211; ), habe ich sp\u00e4ter in G\u00f6ttingen Abitur gemacht und anschlie\u00dfend in Bielefeld und Paris Geschichtswissenschaften mit Nebenf\u00e4chern Rechts- und Politikwisswnschsften sowie nebenbei Sprachen studiert. Meine Abschlussarbeit \u00fcber Propagandamechanismen am Beispiel persuasiver diplomatischer und politischer Kommunikation in den 1920er Jahren (heute w\u00fcrde man neudeutsch &#8218;cognitive warfare&#8216; sagen..) verfasste ich infolge intensiver Archivrecherchen auf Franz\u00f6sisch und sie wurde von der marxistischen Professorin Annie Lacroix-Riz, deren Artikel auch ins Deutsche \u00fcbertragen und u.a. in jW teils erschienen, betreut; seit 2010 arbeite ich in Berlin als \u00dcbersetzer.<br \/><br \/>Thomas M\u00fcnzberg war Berufssoldat in der NVA, vor seiner Verrentung arbeitet er als Kraftfahrer und Disponent. Geboren in Frankfurt (Oder) erlebte er seine Kindheit und Jugend in Eisenh\u00fcttenstadt, erlernte hier den Beruf des Kfz-Schlossers. Von 1979 an war er Kommandeur einer Einheit in der NVA und erwarb den Abschlu\u00df als Ingenieur f\u00fcr Fernmeldewesen. Seinen Standpunkt als Kommunist und also Antifaschist hat er bis heute nicht gewendet. <br \/>Tobias Baumann: Im Harz aufgewachsen (unweit M\u00fcntzers Geburtsort Stolberg ; &#8211; ), habe ich sp\u00e4ter in G\u00f6ttingen Abitur gemacht und anschlie\u00dfend in Bielefeld und Paris Geschichtswissenschaften mit Nebenf\u00e4chern Rechts- und Politikwisswnschsften sowie nebenbei Sprachen studiert. Meine Abschlussarbeit \u00fcber Propagandamechanismen am Beispiel persuasiver diplomatischer und politischer Kommunikation in den 1920er Jahren (heute w\u00fcrde man neudeutsch &#8218;cognitive warfare&#8216; sagen..) verfasste ich infolge intensiver Archivrecherchen auf Franz\u00f6sisch und sie wurde von der marxistischen Professorin Annie Lacroix-Riz, deren Artikel auch ins Deutsche \u00fcbertragen und u.a. in jW teils erschienen, betreut; seit 2010 arbeite ich in Berlin als \u00dcbersetzer.<br \/><br \/>Stephan Haube: ich war 20 Jahre lang Taxifahrer und bin momentan am Flughafen BER im Service f\u00fcr Menschen mit Behinderung besch\u00e4ftigt. Seit Jugendzeit bin ich politisch interessiert und war auch schon in anderen Vorst\u00e4nden aktiv. Dar\u00fcber hinaus bin ich aktives Ver.di Mitglied, obwohl ich zu Corona-Zeiten am Liebsten ausgetreten w\u00e4re. Die Einheit der Arbeiterklasse ist mir Herzensangelegenheit. Au\u00dferdem bin ich Mitglied der Deutsch-Pal\u00e4stinensischen Gesellschaft. In fr\u00fcheren Jahren war ich auch Redner bei pal\u00e4stinensischen Soli-Veranstaltungen. Generell habe ich den Schwerpunkt im Bereich Internationalismus und Geopolitik. In der Basis gestalte ich aktuell auch die AG Frieden mit. <br \/><br \/>&#x1f4a5;Unser Kanal: FDBerlin<\/p>\r\n","protected":false},"excerpt":{"rendered":"<p>Liebe Genossen, Freidenker, Freunde und Sympathisanten am 24. Juni 2023 trafen sich die Berliner Freidenker zu ihrer Mitglieder- und Wahlversammlung. In den Vorstand wurden gew\u00e4hlt: Zum Vorsitzenden: Thomas M\u00fcnzbergzum Stellvertretenden Vorsitzenden Tobias Baumannzum Kassenwart Stephan Haube Zur Revisorin wurde Ines-Christine G\u00f6ddertz gew\u00e4hlt Thomas M\u00fcnzberg war Berufssoldat in der NVA, vor seiner Verrentung arbeitet er als [&hellip;]<\/p>\n","protected":false},"author":4,"featured_media":0,"comment_status":"closed","ping_status":"closed","sticky":false,"template":"","format":"standard","meta":{"jetpack_post_was_ever_published":false,"_jetpack_newsletter_access":"","_jetpack_dont_email_post_to_subs":false,"_jetpack_newsletter_tier_id":0,"_jetpack_memberships_contains_paywalled_content":false,"_jetpack_memberships_contains_paid_content":false,"footnotes":""},"categories":[1,14],"tags":[],"class_list":["post-6433","post","type-post","status-publish","format-standard","hentry","category-allgemein","category-aktivitaeten-des-dfv-berlin"],"jetpack_featured_media_url":"","jetpack_shortlink":"https:\/\/wp.me\/py5dN-1FL","jetpack_sharing_enabled":true,"_links":{"self":[{"href":"https:\/\/www.berlin.freidenker.org\/index.php?rest_route=\/wp\/v2\/posts\/6433","targetHints":{"allow":["GET"]}}],"collection":[{"href":"https:\/\/www.berlin.freidenker.org\/index.php?rest_route=\/wp\/v2\/posts"}],"about":[{"href":"https:\/\/www.berlin.freidenker.org\/index.php?rest_route=\/wp\/v2\/types\/post"}],"author":[{"embeddable":true,"href":"https:\/\/www.berlin.freidenker.org\/index.php?rest_route=\/wp\/v2\/users\/4"}],"replies":[{"embeddable":true,"href":"https:\/\/www.berlin.freidenker.org\/index.php?rest_route=%2Fwp%2Fv2%2Fcomments&post=6433"}],"version-history":[{"count":2,"href":"https:\/\/www.berlin.freidenker.org\/index.php?rest_route=\/wp\/v2\/posts\/6433\/revisions"}],"predecessor-version":[{"id":6437,"href":"https:\/\/www.berlin.freidenker.org\/index.php?rest_route=\/wp\/v2\/posts\/6433\/revisions\/6437"}],"wp:attachment":[{"href":"https:\/\/www.berlin.freidenker.org\/index.php?rest_route=%2Fwp%2Fv2%2Fmedia&parent=6433"}],"wp:term":[{"taxonomy":"category","embeddable":true,"href":"https:\/\/www.berlin.freidenker.org\/index.php?rest_route=%2Fwp%2Fv2%2Fcategories&post=6433"},{"taxonomy":"post_tag","embeddable":true,"href":"https:\/\/www.berlin.freidenker.org\/index.php?rest_route=%2Fwp%2Fv2%2Ftags&post=6433"}],"curies":[{"name":"wp","href":"https:\/\/api.w.org\/{rel}","templated":true}]}}