{"id":6472,"date":"2023-07-30T22:13:14","date_gmt":"2023-07-30T20:13:14","guid":{"rendered":"https:\/\/www.berlin.freidenker.org\/?p=6472"},"modified":"2023-07-30T22:13:14","modified_gmt":"2023-07-30T20:13:14","slug":"fiesta-de-solidaridad-2023-parkaue-berlin","status":"publish","type":"post","link":"https:\/\/www.berlin.freidenker.org\/?p=6472","title":{"rendered":"Fiesta de Solidaridad 2023 &#8211; Parkaue Berlin"},"content":{"rendered":"<p>Wir, die Berliner Freidenker waren auch dieses Jahr bei der Fiesta de Solidaridad in der Parkaue, 29.07.23, in Berlin mit unserem Informationsstand pr\u00e4sent, der mit Material sehr gut best\u00fcckt war und noch besser betreut.<\/p>\n<p>Die beiden Gewitterg\u00fcsse konnten die gute Stimmung nicht tr\u00fcben. Flink wurde unsere Publikationen vor dem Wolkenbruch mit Folie gesch\u00fctzt, so dass genug Zeit blieb f\u00fcr den Gedankenaustausch mit all denen, die gerade auch bei uns Schutz vor der N\u00e4sse suchten.<\/p>\n<p>Es ergaben sich sehr viele interessante Gespr\u00e4che, unsere Publikationen fanden reges Interesse und unser Hauptziel wurde erreicht: Mitglieder und Sympathisanten wurden geworben.<\/p>\n<p>&#x1f4a5; <a href=\"https:\/\/t.me\/FDBerlin\/140\">Fiesta<\/a><\/p>\n<p>&#x1f4a5;Unser Kanal: <a href=\"https:\/\/t.me\/FDBerlin\">FDBerlin<\/a><\/p>\n<p>&nbsp;<\/p>\n<p><a href=\"https:\/\/i0.wp.com\/www.berlin.freidenker.org\/wp-content\/uploads\/2023\/07\/images.jpeg?ssl=1\"><img data-recalc-dims=\"1\" loading=\"lazy\" decoding=\"async\" class=\"alignnone size-full wp-image-6461\" src=\"https:\/\/i0.wp.com\/www.berlin.freidenker.org\/wp-content\/uploads\/2023\/07\/images.jpeg?resize=225%2C225&#038;ssl=1\" alt=\"\" width=\"225\" height=\"225\" srcset=\"https:\/\/i0.wp.com\/www.berlin.freidenker.org\/wp-content\/uploads\/2023\/07\/images.jpeg?w=225&amp;ssl=1 225w, https:\/\/i0.wp.com\/www.berlin.freidenker.org\/wp-content\/uploads\/2023\/07\/images.jpeg?resize=150%2C150&amp;ssl=1 150w\" sizes=\"auto, (max-width: 225px) 100vw, 225px\" \/><\/a> <a href=\"https:\/\/i0.wp.com\/www.berlin.freidenker.org\/wp-content\/uploads\/2023\/07\/Fiesta-1-scaled.jpg?ssl=1\"><img data-recalc-dims=\"1\" loading=\"lazy\" decoding=\"async\" class=\"alignnone size-medium wp-image-6473\" src=\"https:\/\/i0.wp.com\/www.berlin.freidenker.org\/wp-content\/uploads\/2023\/07\/Fiesta-1.jpg?resize=300%2C200&#038;ssl=1\" alt=\"\" width=\"300\" height=\"200\" srcset=\"https:\/\/i0.wp.com\/www.berlin.freidenker.org\/wp-content\/uploads\/2023\/07\/Fiesta-1-scaled.jpg?resize=300%2C200&amp;ssl=1 300w, https:\/\/i0.wp.com\/www.berlin.freidenker.org\/wp-content\/uploads\/2023\/07\/Fiesta-1-scaled.jpg?resize=1024%2C683&amp;ssl=1 1024w, https:\/\/i0.wp.com\/www.berlin.freidenker.org\/wp-content\/uploads\/2023\/07\/Fiesta-1-scaled.jpg?resize=768%2C513&amp;ssl=1 768w, https:\/\/i0.wp.com\/www.berlin.freidenker.org\/wp-content\/uploads\/2023\/07\/Fiesta-1-scaled.jpg?resize=1536%2C1025&amp;ssl=1 1536w, https:\/\/i0.wp.com\/www.berlin.freidenker.org\/wp-content\/uploads\/2023\/07\/Fiesta-1-scaled.jpg?resize=2048%2C1367&amp;ssl=1 2048w\" sizes=\"auto, (max-width: 300px) 100vw, 300px\" \/><\/a> <a href=\"https:\/\/i0.wp.com\/www.berlin.freidenker.org\/wp-content\/uploads\/2023\/07\/Fiesta-2-scaled.jpg?ssl=1\"><img data-recalc-dims=\"1\" loading=\"lazy\" decoding=\"async\" class=\"alignnone size-medium wp-image-6474\" src=\"https:\/\/i0.wp.com\/www.berlin.freidenker.org\/wp-content\/uploads\/2023\/07\/Fiesta-2.jpg?resize=300%2C200&#038;ssl=1\" alt=\"\" width=\"300\" height=\"200\" srcset=\"https:\/\/i0.wp.com\/www.berlin.freidenker.org\/wp-content\/uploads\/2023\/07\/Fiesta-2-scaled.jpg?resize=300%2C200&amp;ssl=1 300w, https:\/\/i0.wp.com\/www.berlin.freidenker.org\/wp-content\/uploads\/2023\/07\/Fiesta-2-scaled.jpg?resize=1024%2C683&amp;ssl=1 1024w, https:\/\/i0.wp.com\/www.berlin.freidenker.org\/wp-content\/uploads\/2023\/07\/Fiesta-2-scaled.jpg?resize=768%2C513&amp;ssl=1 768w, https:\/\/i0.wp.com\/www.berlin.freidenker.org\/wp-content\/uploads\/2023\/07\/Fiesta-2-scaled.jpg?resize=1536%2C1025&amp;ssl=1 1536w, https:\/\/i0.wp.com\/www.berlin.freidenker.org\/wp-content\/uploads\/2023\/07\/Fiesta-2-scaled.jpg?resize=2048%2C1367&amp;ssl=1 2048w\" sizes=\"auto, (max-width: 300px) 100vw, 300px\" \/><\/a> <a href=\"https:\/\/i0.wp.com\/www.berlin.freidenker.org\/wp-content\/uploads\/2023\/07\/IMG_9053-scaled.jpeg?ssl=1\"><img data-recalc-dims=\"1\" loading=\"lazy\" decoding=\"async\" class=\"alignnone size-medium wp-image-6475\" src=\"https:\/\/i0.wp.com\/www.berlin.freidenker.org\/wp-content\/uploads\/2023\/07\/IMG_9053.jpeg?resize=300%2C225&#038;ssl=1\" alt=\"\" width=\"300\" height=\"225\" srcset=\"https:\/\/i0.wp.com\/www.berlin.freidenker.org\/wp-content\/uploads\/2023\/07\/IMG_9053-scaled.jpeg?resize=300%2C225&amp;ssl=1 300w, https:\/\/i0.wp.com\/www.berlin.freidenker.org\/wp-content\/uploads\/2023\/07\/IMG_9053-scaled.jpeg?resize=1024%2C768&amp;ssl=1 1024w, https:\/\/i0.wp.com\/www.berlin.freidenker.org\/wp-content\/uploads\/2023\/07\/IMG_9053-scaled.jpeg?resize=768%2C576&amp;ssl=1 768w, https:\/\/i0.wp.com\/www.berlin.freidenker.org\/wp-content\/uploads\/2023\/07\/IMG_9053-scaled.jpeg?resize=1536%2C1152&amp;ssl=1 1536w, https:\/\/i0.wp.com\/www.berlin.freidenker.org\/wp-content\/uploads\/2023\/07\/IMG_9053-scaled.jpeg?resize=2048%2C1536&amp;ssl=1 2048w\" sizes=\"auto, (max-width: 300px) 100vw, 300px\" \/><\/a> <a href=\"https:\/\/i0.wp.com\/www.berlin.freidenker.org\/wp-content\/uploads\/2023\/07\/IMG_9055-scaled.jpeg?ssl=1\"><img data-recalc-dims=\"1\" loading=\"lazy\" decoding=\"async\" class=\"alignnone size-medium wp-image-6476\" src=\"https:\/\/i0.wp.com\/www.berlin.freidenker.org\/wp-content\/uploads\/2023\/07\/IMG_9055.jpeg?resize=225%2C300&#038;ssl=1\" alt=\"\" width=\"225\" height=\"300\" srcset=\"https:\/\/i0.wp.com\/www.berlin.freidenker.org\/wp-content\/uploads\/2023\/07\/IMG_9055-scaled.jpeg?resize=225%2C300&amp;ssl=1 225w, https:\/\/i0.wp.com\/www.berlin.freidenker.org\/wp-content\/uploads\/2023\/07\/IMG_9055-scaled.jpeg?resize=768%2C1024&amp;ssl=1 768w, https:\/\/i0.wp.com\/www.berlin.freidenker.org\/wp-content\/uploads\/2023\/07\/IMG_9055-scaled.jpeg?resize=1152%2C1536&amp;ssl=1 1152w, https:\/\/i0.wp.com\/www.berlin.freidenker.org\/wp-content\/uploads\/2023\/07\/IMG_9055-scaled.jpeg?resize=1536%2C2048&amp;ssl=1 1536w, https:\/\/i0.wp.com\/www.berlin.freidenker.org\/wp-content\/uploads\/2023\/07\/IMG_9055-scaled.jpeg?w=1920&amp;ssl=1 1920w\" sizes=\"auto, (max-width: 225px) 100vw, 225px\" \/><\/a> <a href=\"https:\/\/i0.wp.com\/www.berlin.freidenker.org\/wp-content\/uploads\/2023\/07\/IMG_9056-scaled.jpeg?ssl=1\"><img data-recalc-dims=\"1\" loading=\"lazy\" decoding=\"async\" class=\"alignnone size-medium wp-image-6477\" src=\"https:\/\/i0.wp.com\/www.berlin.freidenker.org\/wp-content\/uploads\/2023\/07\/IMG_9056.jpeg?resize=225%2C300&#038;ssl=1\" alt=\"\" width=\"225\" height=\"300\" srcset=\"https:\/\/i0.wp.com\/www.berlin.freidenker.org\/wp-content\/uploads\/2023\/07\/IMG_9056-scaled.jpeg?resize=225%2C300&amp;ssl=1 225w, https:\/\/i0.wp.com\/www.berlin.freidenker.org\/wp-content\/uploads\/2023\/07\/IMG_9056-scaled.jpeg?resize=768%2C1024&amp;ssl=1 768w, https:\/\/i0.wp.com\/www.berlin.freidenker.org\/wp-content\/uploads\/2023\/07\/IMG_9056-scaled.jpeg?resize=1152%2C1536&amp;ssl=1 1152w, https:\/\/i0.wp.com\/www.berlin.freidenker.org\/wp-content\/uploads\/2023\/07\/IMG_9056-scaled.jpeg?resize=1536%2C2048&amp;ssl=1 1536w, https:\/\/i0.wp.com\/www.berlin.freidenker.org\/wp-content\/uploads\/2023\/07\/IMG_9056-scaled.jpeg?w=1920&amp;ssl=1 1920w\" sizes=\"auto, (max-width: 225px) 100vw, 225px\" \/><\/a> <a href=\"https:\/\/i0.wp.com\/www.berlin.freidenker.org\/wp-content\/uploads\/2023\/07\/IMG_9057-scaled.jpeg?ssl=1\"><img data-recalc-dims=\"1\" loading=\"lazy\" decoding=\"async\" class=\"alignnone size-medium wp-image-6478\" src=\"https:\/\/i0.wp.com\/www.berlin.freidenker.org\/wp-content\/uploads\/2023\/07\/IMG_9057.jpeg?resize=225%2C300&#038;ssl=1\" alt=\"\" width=\"225\" height=\"300\" srcset=\"https:\/\/i0.wp.com\/www.berlin.freidenker.org\/wp-content\/uploads\/2023\/07\/IMG_9057-scaled.jpeg?resize=225%2C300&amp;ssl=1 225w, https:\/\/i0.wp.com\/www.berlin.freidenker.org\/wp-content\/uploads\/2023\/07\/IMG_9057-scaled.jpeg?resize=768%2C1024&amp;ssl=1 768w, https:\/\/i0.wp.com\/www.berlin.freidenker.org\/wp-content\/uploads\/2023\/07\/IMG_9057-scaled.jpeg?resize=1152%2C1536&amp;ssl=1 1152w, https:\/\/i0.wp.com\/www.berlin.freidenker.org\/wp-content\/uploads\/2023\/07\/IMG_9057-scaled.jpeg?resize=1536%2C2048&amp;ssl=1 1536w, https:\/\/i0.wp.com\/www.berlin.freidenker.org\/wp-content\/uploads\/2023\/07\/IMG_9057-scaled.jpeg?w=1920&amp;ssl=1 1920w\" sizes=\"auto, (max-width: 225px) 100vw, 225px\" \/><\/a><\/p>\n","protected":false},"excerpt":{"rendered":"<p>Wir, die Berliner Freidenker waren auch dieses Jahr bei der Fiesta de Solidaridad in der Parkaue, 29.07.23, in Berlin mit unserem Informationsstand pr\u00e4sent, der mit Material sehr gut best\u00fcckt war und noch besser betreut. Die beiden Gewitterg\u00fcsse konnten die gute Stimmung nicht tr\u00fcben. Flink wurde unsere Publikationen vor dem Wolkenbruch mit Folie gesch\u00fctzt, so dass [&hellip;]<\/p>\n","protected":false},"author":4,"featured_media":0,"comment_status":"closed","ping_status":"closed","sticky":false,"template":"","format":"standard","meta":{"jetpack_post_was_ever_published":false,"_jetpack_newsletter_access":"","_jetpack_dont_email_post_to_subs":false,"_jetpack_newsletter_tier_id":0,"_jetpack_memberships_contains_paywalled_content":false,"_jetpack_memberships_contains_paid_content":false,"footnotes":""},"categories":[1,746,49,14,46],"tags":[748,59,112],"class_list":["post-6472","post","type-post","status-publish","format-standard","hentry","category-allgemein","category-antifaschismus","category-aufklaerung","category-aktivitaeten-des-dfv-berlin","category-freidenker-im-gespraech","tag-cuba","tag-freidenker","tag-solidaritaet"],"jetpack_featured_media_url":"","jetpack_shortlink":"https:\/\/wp.me\/py5dN-1Go","jetpack_sharing_enabled":true,"_links":{"self":[{"href":"https:\/\/www.berlin.freidenker.org\/index.php?rest_route=\/wp\/v2\/posts\/6472","targetHints":{"allow":["GET"]}}],"collection":[{"href":"https:\/\/www.berlin.freidenker.org\/index.php?rest_route=\/wp\/v2\/posts"}],"about":[{"href":"https:\/\/www.berlin.freidenker.org\/index.php?rest_route=\/wp\/v2\/types\/post"}],"author":[{"embeddable":true,"href":"https:\/\/www.berlin.freidenker.org\/index.php?rest_route=\/wp\/v2\/users\/4"}],"replies":[{"embeddable":true,"href":"https:\/\/www.berlin.freidenker.org\/index.php?rest_route=%2Fwp%2Fv2%2Fcomments&post=6472"}],"version-history":[{"count":1,"href":"https:\/\/www.berlin.freidenker.org\/index.php?rest_route=\/wp\/v2\/posts\/6472\/revisions"}],"predecessor-version":[{"id":6479,"href":"https:\/\/www.berlin.freidenker.org\/index.php?rest_route=\/wp\/v2\/posts\/6472\/revisions\/6479"}],"wp:attachment":[{"href":"https:\/\/www.berlin.freidenker.org\/index.php?rest_route=%2Fwp%2Fv2%2Fmedia&parent=6472"}],"wp:term":[{"taxonomy":"category","embeddable":true,"href":"https:\/\/www.berlin.freidenker.org\/index.php?rest_route=%2Fwp%2Fv2%2Fcategories&post=6472"},{"taxonomy":"post_tag","embeddable":true,"href":"https:\/\/www.berlin.freidenker.org\/index.php?rest_route=%2Fwp%2Fv2%2Ftags&post=6472"}],"curies":[{"name":"wp","href":"https:\/\/api.w.org\/{rel}","templated":true}]}}