{"id":6489,"date":"2023-10-03T16:22:46","date_gmt":"2023-10-03T14:22:46","guid":{"rendered":"https:\/\/www.berlin.freidenker.org\/?p=6489"},"modified":"2023-10-03T16:22:46","modified_gmt":"2023-10-03T14:22:46","slug":"freidenker-im-gespraech","status":"publish","type":"post","link":"https:\/\/www.berlin.freidenker.org\/?p=6489","title":{"rendered":"Freidenker im Gespr\u00e4ch"},"content":{"rendered":"<p><b>Liebe Freidenker, Freund<\/b>e<b> und Sympathisanten,<\/b><\/p>\n<p>wir laden Euch zur kommenden Zusammenkunft \u201eFreidenker im Gespr\u00e4ch\u201c am 10.10.2023, 18:00 Uhr am gewohnten Ort ein. (Nachfragen zur \u00d6rtlichkeit werden via e-Mail an dfv-berlin@freidenker.org beantwortet).<\/p>\n<p>Unser Gast und Referent wird Klaus Hartmann sein, stellv. Vors. des Deutschen Freidenkerverbands.<\/p>\n<p>Thema wird seine Teilnahme am und die Ergebnisse des Kommunismus Kongress sin, der vom 6.-8.10.2023 in Berlin stattfindet.<\/p>\n<p>Au\u00dferdem bleibt uns bestimmt Zeit drei geschichtstr\u00e4chtige Tage zu werten und einzuordnen: die Gr\u00fcndung des westdeutschen Separatstaates durch die Westalliierten, der Jahrestag der Annexion des ersten Friedensstaates der Arbeiter und Bauern auf deutschem Boden und den Jahrestag der Gr\u00fcndung der DDR.<\/p>\n<p>Aktuelles auch, wie z.B. der Beschuss der russischen Zivilbev\u00f6lkerung<span class=\"Apple-converted-space\">\u00a0 <\/span>mit deutschen Raketen und Granaten und unsere Haltung zur MSO der russischen Streitkr\u00e4fte.<\/p>\n","protected":false},"excerpt":{"rendered":"<p>Liebe Freidenker, Freunde und Sympathisanten, wir laden Euch zur kommenden Zusammenkunft \u201eFreidenker im Gespr\u00e4ch\u201c am 10.10.2023, 18:00 Uhr am gewohnten Ort ein. (Nachfragen zur \u00d6rtlichkeit werden via e-Mail an dfv-berlin@freidenker.org beantwortet). Unser Gast und Referent wird Klaus Hartmann sein, stellv. Vors. des Deutschen Freidenkerverbands. Thema wird seine Teilnahme am und die Ergebnisse des Kommunismus Kongress [&hellip;]<\/p>\n","protected":false},"author":4,"featured_media":0,"comment_status":"closed","ping_status":"closed","sticky":false,"template":"","format":"standard","meta":{"jetpack_post_was_ever_published":false,"_jetpack_newsletter_access":"","_jetpack_dont_email_post_to_subs":false,"_jetpack_newsletter_tier_id":0,"_jetpack_memberships_contains_paywalled_content":false,"_jetpack_memberships_contains_paid_content":false,"footnotes":""},"categories":[1,14,46,743,13],"tags":[59,202,129,58],"class_list":["post-6489","post","type-post","status-publish","format-standard","hentry","category-allgemein","category-aktivitaeten-des-dfv-berlin","category-freidenker-im-gespraech","category-nato-kriege","category-veranstaltungen","tag-freidenker","tag-klaus-hartmann","tag-krieg","tag-multipolare-welt"],"jetpack_featured_media_url":"","jetpack_shortlink":"https:\/\/wp.me\/py5dN-1GF","jetpack_sharing_enabled":true,"_links":{"self":[{"href":"https:\/\/www.berlin.freidenker.org\/index.php?rest_route=\/wp\/v2\/posts\/6489","targetHints":{"allow":["GET"]}}],"collection":[{"href":"https:\/\/www.berlin.freidenker.org\/index.php?rest_route=\/wp\/v2\/posts"}],"about":[{"href":"https:\/\/www.berlin.freidenker.org\/index.php?rest_route=\/wp\/v2\/types\/post"}],"author":[{"embeddable":true,"href":"https:\/\/www.berlin.freidenker.org\/index.php?rest_route=\/wp\/v2\/users\/4"}],"replies":[{"embeddable":true,"href":"https:\/\/www.berlin.freidenker.org\/index.php?rest_route=%2Fwp%2Fv2%2Fcomments&post=6489"}],"version-history":[{"count":1,"href":"https:\/\/www.berlin.freidenker.org\/index.php?rest_route=\/wp\/v2\/posts\/6489\/revisions"}],"predecessor-version":[{"id":6490,"href":"https:\/\/www.berlin.freidenker.org\/index.php?rest_route=\/wp\/v2\/posts\/6489\/revisions\/6490"}],"wp:attachment":[{"href":"https:\/\/www.berlin.freidenker.org\/index.php?rest_route=%2Fwp%2Fv2%2Fmedia&parent=6489"}],"wp:term":[{"taxonomy":"category","embeddable":true,"href":"https:\/\/www.berlin.freidenker.org\/index.php?rest_route=%2Fwp%2Fv2%2Fcategories&post=6489"},{"taxonomy":"post_tag","embeddable":true,"href":"https:\/\/www.berlin.freidenker.org\/index.php?rest_route=%2Fwp%2Fv2%2Ftags&post=6489"}],"curies":[{"name":"wp","href":"https:\/\/api.w.org\/{rel}","templated":true}]}}