{"id":6492,"date":"2023-10-05T20:48:41","date_gmt":"2023-10-05T18:48:41","guid":{"rendered":"https:\/\/www.berlin.freidenker.org\/?p=6492"},"modified":"2023-10-05T20:57:21","modified_gmt":"2023-10-05T18:57:21","slug":"6492","status":"publish","type":"post","link":"https:\/\/www.berlin.freidenker.org\/?p=6492","title":{"rendered":"Filmvorf\u00fchrung  KAMERADSCHAFT (Deutschland\/Frankreich 1931)"},"content":{"rendered":"<p>&nbsp;<\/p>\n<p><strong><b><span style=\"font-size: x-large;\">Veranstaltungshinweis der Ernst-Busch-Gesellschaft:<\/span><\/b><\/strong><\/p>\n<p>&nbsp;<\/p>\n<p class=\"v1MsoNormal\"><b>Aus unserer Reihe \u201e<span style=\"font-size: large;\">Ernst Busch in Spielfilmen der Weimarer Republik<\/span>&#8220; <\/b><\/p>\n<p class=\"v1MsoNormal\"><b>zeigen wir den Film<br \/>\n<\/b><\/p>\n<p class=\"v1MsoNormal\"><b><span style=\"font-size: x-large;\">KAMERADSCHAFT (Deutschland\/Frankreich 1931)<\/span><\/b><\/p>\n<p class=\"v1MsoNormal\"><img data-recalc-dims=\"1\" loading=\"lazy\" decoding=\"async\" class=\"v1alignnone v1size-medium v1wp-image-1835\" src=\"https:\/\/i0.wp.com\/www.ernst-busch.org\/wp-content\/uploads\/2023\/07\/Kameradschaft-Alexander-Granach_Ernst-Busch-300x194.jpg?resize=300%2C194\" width=\"300\" height=\"194\" \/><\/p>\n<p class=\"v1MsoNormal\">Fu\u00dfend auf einem authentischen Ungl\u00fcck 1906 in einer grenznahen franz\u00f6sischen Kohlengrube, bei dem deutsche Kumpel zu Hilfe geeilt waren, entwickelt Regisseur G. W. Pabst 1931 in seinem Film \u201eKameradschaft&#8220; den Gedanken der internationalen Solidarit\u00e4t weiter. Mit beeindruckenden Untertageszenen und ebenso fesselnden Charakterstudien der Bergleute (Busch als Wittkopp, Sprecher der deutschen Hilfsexpedition) ruft der Film \u2013 so Pabst \u2013 \u201ezur Freundschaft zwischen dem franz\u00f6sischen und dem deutschen Volk auf; er demonstriert das Sinnlose der Grenzen.&#8220;<\/p>\n<p class=\"v1MsoNormal\"><b>Einf\u00fchrung: Dr. J\u00fcrgen Schebera<\/b><\/p>\n<p class=\"v1MsoNormal\"><b>Gemeinsame Veranstaltung mit<\/b><\/p>\n<p class=\"v1MsoNormal\"><b>\u201eHelle Panke&#8220; e.V. \u2013 Rosa-Luxemburg-Stiftung<br \/>\n<\/b><a class=\"v1moz-txt-link-freetext\" href=\"https:\/\/www.helle-panke.de\/\" target=\"_blank\" rel=\"noopener noreferrer\">https:\/\/www.helle-panke.de\/<\/a><\/p>\n<p class=\"v1MsoNormal\"><b>Wann: am 10. Oktober 2023, 18:00 Uhr<\/b><\/p>\n<p><b>Wo: Kopenhagener Str. 9, 10437 Berlin<\/b><\/p>\n<p><b>Eintritt 3\u20ac<\/b><\/p>\n<p>&nbsp;<\/p>\n","protected":false},"excerpt":{"rendered":"<p>&nbsp; Veranstaltungshinweis der Ernst-Busch-Gesellschaft: &nbsp; Aus unserer Reihe \u201eErnst Busch in Spielfilmen der Weimarer Republik&#8220; zeigen wir den Film KAMERADSCHAFT (Deutschland\/Frankreich 1931) Fu\u00dfend auf einem authentischen Ungl\u00fcck 1906 in einer grenznahen franz\u00f6sischen Kohlengrube, bei dem deutsche Kumpel zu Hilfe geeilt waren, entwickelt Regisseur G. W. Pabst 1931 in seinem Film \u201eKameradschaft&#8220; den Gedanken der internationalen [&hellip;]<\/p>\n","protected":false},"author":4,"featured_media":0,"comment_status":"closed","ping_status":"closed","sticky":false,"template":"","format":"standard","meta":{"jetpack_post_was_ever_published":false,"_jetpack_newsletter_access":"","_jetpack_dont_email_post_to_subs":false,"_jetpack_newsletter_tier_id":0,"_jetpack_memberships_contains_paywalled_content":false,"_jetpack_memberships_contains_paid_content":false,"footnotes":""},"categories":[746,14,13],"tags":[],"class_list":["post-6492","post","type-post","status-publish","format-standard","hentry","category-antifaschismus","category-aktivitaeten-des-dfv-berlin","category-veranstaltungen"],"jetpack_featured_media_url":"","jetpack_shortlink":"https:\/\/wp.me\/sy5dN-6492","jetpack_sharing_enabled":true,"_links":{"self":[{"href":"https:\/\/www.berlin.freidenker.org\/index.php?rest_route=\/wp\/v2\/posts\/6492","targetHints":{"allow":["GET"]}}],"collection":[{"href":"https:\/\/www.berlin.freidenker.org\/index.php?rest_route=\/wp\/v2\/posts"}],"about":[{"href":"https:\/\/www.berlin.freidenker.org\/index.php?rest_route=\/wp\/v2\/types\/post"}],"author":[{"embeddable":true,"href":"https:\/\/www.berlin.freidenker.org\/index.php?rest_route=\/wp\/v2\/users\/4"}],"replies":[{"embeddable":true,"href":"https:\/\/www.berlin.freidenker.org\/index.php?rest_route=%2Fwp%2Fv2%2Fcomments&post=6492"}],"version-history":[{"count":4,"href":"https:\/\/www.berlin.freidenker.org\/index.php?rest_route=\/wp\/v2\/posts\/6492\/revisions"}],"predecessor-version":[{"id":6496,"href":"https:\/\/www.berlin.freidenker.org\/index.php?rest_route=\/wp\/v2\/posts\/6492\/revisions\/6496"}],"wp:attachment":[{"href":"https:\/\/www.berlin.freidenker.org\/index.php?rest_route=%2Fwp%2Fv2%2Fmedia&parent=6492"}],"wp:term":[{"taxonomy":"category","embeddable":true,"href":"https:\/\/www.berlin.freidenker.org\/index.php?rest_route=%2Fwp%2Fv2%2Fcategories&post=6492"},{"taxonomy":"post_tag","embeddable":true,"href":"https:\/\/www.berlin.freidenker.org\/index.php?rest_route=%2Fwp%2Fv2%2Ftags&post=6492"}],"curies":[{"name":"wp","href":"https:\/\/api.w.org\/{rel}","templated":true}]}}