{"id":6539,"date":"2023-10-29T13:38:27","date_gmt":"2023-10-29T11:38:27","guid":{"rendered":"https:\/\/www.berlin.freidenker.org\/?p=6539"},"modified":"2023-10-29T13:38:27","modified_gmt":"2023-10-29T11:38:27","slug":"strafrecht-gegen-meinungsfreiheit","status":"publish","type":"post","link":"https:\/\/www.berlin.freidenker.org\/?p=6539","title":{"rendered":"Strafrecht gegen Meinungsfreiheit"},"content":{"rendered":"<header class=\"cm-entry-header\">\n<h1><a href=\"https:\/\/i0.wp.com\/www.berlin.freidenker.org\/wp-content\/uploads\/2023\/10\/stgb_cc-by-20_800x450.jpg.webp?ssl=1\"><img data-recalc-dims=\"1\" loading=\"lazy\" decoding=\"async\" class=\"alignnone size-medium wp-image-6540\" src=\"https:\/\/i0.wp.com\/www.berlin.freidenker.org\/wp-content\/uploads\/2023\/10\/stgb_cc-by-20_800x450.jpg.webp?resize=300%2C167&#038;ssl=1\" alt=\"\" width=\"300\" height=\"167\" srcset=\"https:\/\/i0.wp.com\/www.berlin.freidenker.org\/wp-content\/uploads\/2023\/10\/stgb_cc-by-20_800x450.jpg.webp?resize=300%2C167&amp;ssl=1 300w, https:\/\/i0.wp.com\/www.berlin.freidenker.org\/wp-content\/uploads\/2023\/10\/stgb_cc-by-20_800x450.jpg.webp?resize=768%2C427&amp;ssl=1 768w, https:\/\/i0.wp.com\/www.berlin.freidenker.org\/wp-content\/uploads\/2023\/10\/stgb_cc-by-20_800x450.jpg.webp?w=800&amp;ssl=1 800w\" sizes=\"auto, (max-width: 300px) 100vw, 300px\" \/><\/a><\/h1>\n<h1 class=\"cm-entry-title\">Strafrecht gegen Meinungsfreiheit<\/h1>\n<\/header>\n<div class=\"cm-below-entry-meta \"><\/div>\n<div class=\"cm-entry-summary\">\n<h4>Einladung zur Diskussion<\/h4>\n<h5>Referent:<\/h5>\n<p><em><strong>Hans Bauer<br \/>\n<\/strong>Vorsitzender der GRH (Gesellschaft zur Rechtlichen und Humanit\u00e4ren Unterst\u00fctzung e.V.)<\/em><\/p>\n<p>Wann: <strong>Dienstag, 14. November 2023, 18:00 Uhr<br \/>\n<\/strong>Wo: <strong>Kietztreff, Berlin<\/strong><\/p>\n<blockquote><p>\u201eJeder hat das Recht, seine Meinung in Wort, Schrift und Bild frei zu \u00e4u\u00dfern und zu verbreiten und sich aus allgemein zug\u00e4nglichen Quellen ungehindert zu unterrichten\u201c \u2013 so beginnt Artikel 5 des Grundgesetzes, bevor der Vorbehalt des Gesetzgebers kommt: \u201eDiese Rechte finden ihre Schranken in den Vorschriften der allgemeinen Gesetze \u2026\u201c<\/p><\/blockquote>\n<p>Von dieser Einschr\u00e4nkungsdrohung hat der Gesetzgeber in letzter Zeit rigiden Gebrauch gemacht. Mit dem versch\u00e4rften Paragraphen 130 des Strafgesetzbuches hat die Ampel-Koalition einen neuen Maulkorbparagrafen geschaffen, mit dem willige Staatsanw\u00e4lte alle verfolgen k\u00f6nnen, die eine abweichende Meinung und Einsch\u00e4tzung zu kriegerischen Handlungen weltweit haben. Auch der \u00a7 140 wird vermehrt eingesetzt, um Kriegsgegner wegen \u201eBilligung von Straftaten\u201c mundtot zu machen. K\u00fcnstlern wird aufgrund ihres Protests gegen Faschismus und Krieg das \u201eVerwenden von Kennzeichen verfassungswidriger Organisationen\u201c angedichtet. Mit dem Zensurgesetz \u201eDigital Service Act\u201c bestimmt fortan die EU offiziell, was wahr und was \u201eDesinformation\u201c bzw. \u201epro-russische Propaganda\u201c ist, und daher zensiert werden muss.<\/p>\n<p>Ob Migration oder Klima, Corona oder Ukraine, wer nicht der Regierungspropaganda huldigt, wird gerufmordet, niedergemacht, in seiner sozialen Existenz bedroht. Die Demokratie stirbt, die Denunziation bl\u00fcht auf. Was k\u00f6nnen wir gegen diese \u201eZeitenwende\u201c tun?<\/p>\n<\/div>\n<p>Adressanfragen bitte an den <a href=\"dfv-berlin@freidenker.org\">Vorstand<\/a> richten.<\/p>\n<p>Bild oben: <a href=\"https:\/\/ccnull.de\/foto\/stgb\/1008129\" target=\"_blank\" rel=\"noopener\">ccnull.de<\/a> \/ <a href=\"https:\/\/ccnull.de\/fotograf\/tim-reckmann\">Tim Reckmann<\/a> \/ <a href=\"https:\/\/creativecommons.org\/licenses\/by\/2.0\/de\/\" target=\"_blank\" rel=\"noopener\">CC-BY 2.0<\/a><\/p>\n","protected":false},"excerpt":{"rendered":"<p>Strafrecht gegen Meinungsfreiheit Einladung zur Diskussion Referent: Hans Bauer Vorsitzender der GRH (Gesellschaft zur Rechtlichen und Humanit\u00e4ren Unterst\u00fctzung e.V.) Wann: Dienstag, 14. November 2023, 18:00 Uhr Wo: Kietztreff, Berlin \u201eJeder hat das Recht, seine Meinung in Wort, Schrift und Bild frei zu \u00e4u\u00dfern und zu verbreiten und sich aus allgemein zug\u00e4nglichen Quellen ungehindert zu unterrichten\u201c [&hellip;]<\/p>\n","protected":false},"author":4,"featured_media":0,"comment_status":"closed","ping_status":"closed","sticky":false,"template":"","format":"standard","meta":{"jetpack_post_was_ever_published":false,"_jetpack_newsletter_access":"","_jetpack_dont_email_post_to_subs":false,"_jetpack_newsletter_tier_id":0,"_jetpack_memberships_contains_paywalled_content":false,"_jetpack_memberships_contains_paid_content":false,"footnotes":""},"categories":[1,49,753,14,46,752,21,8,13],"tags":[127,198,269,128,59,152,754,187],"class_list":["post-6539","post","type-post","status-publish","format-standard","hentry","category-allgemein","category-aufklaerung","category-demokratie","category-aktivitaeten-des-dfv-berlin","category-freidenker-im-gespraech","category-grundgesetz","category-politik","category-standpunkte","category-veranstaltungen","tag-brd","tag-demokratie","tag-eu","tag-faschismus","tag-freidenker","tag-imperialismus","tag-strafrecht","tag-terror"],"jetpack_featured_media_url":"","jetpack_shortlink":"https:\/\/wp.me\/py5dN-1Ht","jetpack_sharing_enabled":true,"_links":{"self":[{"href":"https:\/\/www.berlin.freidenker.org\/index.php?rest_route=\/wp\/v2\/posts\/6539","targetHints":{"allow":["GET"]}}],"collection":[{"href":"https:\/\/www.berlin.freidenker.org\/index.php?rest_route=\/wp\/v2\/posts"}],"about":[{"href":"https:\/\/www.berlin.freidenker.org\/index.php?rest_route=\/wp\/v2\/types\/post"}],"author":[{"embeddable":true,"href":"https:\/\/www.berlin.freidenker.org\/index.php?rest_route=\/wp\/v2\/users\/4"}],"replies":[{"embeddable":true,"href":"https:\/\/www.berlin.freidenker.org\/index.php?rest_route=%2Fwp%2Fv2%2Fcomments&post=6539"}],"version-history":[{"count":1,"href":"https:\/\/www.berlin.freidenker.org\/index.php?rest_route=\/wp\/v2\/posts\/6539\/revisions"}],"predecessor-version":[{"id":6541,"href":"https:\/\/www.berlin.freidenker.org\/index.php?rest_route=\/wp\/v2\/posts\/6539\/revisions\/6541"}],"wp:attachment":[{"href":"https:\/\/www.berlin.freidenker.org\/index.php?rest_route=%2Fwp%2Fv2%2Fmedia&parent=6539"}],"wp:term":[{"taxonomy":"category","embeddable":true,"href":"https:\/\/www.berlin.freidenker.org\/index.php?rest_route=%2Fwp%2Fv2%2Fcategories&post=6539"},{"taxonomy":"post_tag","embeddable":true,"href":"https:\/\/www.berlin.freidenker.org\/index.php?rest_route=%2Fwp%2Fv2%2Ftags&post=6539"}],"curies":[{"name":"wp","href":"https:\/\/api.w.org\/{rel}","templated":true}]}}